{"id":506824,"date":"2026-08-31T19:32:32","date_gmt":"2026-08-31T19:32:32","guid":{"rendered":"https:\/\/www.europesays.com\/pt\/506824\/"},"modified":"2026-08-31T19:32:32","modified_gmt":"2026-08-31T19:32:32","slug":"ace-cafe-vai-continuar-fechado-devido-a-comportamento-antissocial-persistente","status":"publish","type":"post","link":"https:\/\/www.europesays.com\/pt\/506824\/","title":{"rendered":"Ace Cafe vai continuar fechado devido a comportamento antissocial persistente"},"content":{"rendered":"<p class=\"has-medium-font-size\"><strong>Constantes desacatos obrigaram \u00e0 medida algo radical<\/strong><\/p>\n<p><img loading=\"lazy\" decoding=\"async\" width=\"1024\" height=\"625\" src=\"https:\/\/www.europesays.com\/pt\/wp-content\/uploads\/2026\/08\/ACE-1024x625.jpg\" alt=\"\" class=\"wp-image-570632 lazy\"  data-\/><\/p>\n<p>Fotos: Paulo Araujo<\/p>\n<p>O famoso Ace Cafe, em Londres, foi obrigado a fechar portas pela sexta sexta-feira consecutiva, segundo um comunicado da empresa. O Ace Cafe London foi obrigado a prolongar o seu encerramento tempor\u00e1rio todas as sextas-feiras \u00e0 noite devido ao comportamento anti-social persistente na \u00e1rea.<br \/>O Ace Cafe iniciou o seu encerramento cont\u00ednuo h\u00e1 seis semanas, e a sua \u00faltima atualiza\u00e7\u00e3o confirmou que estar\u00e1 encerrado a partir de agora \u00e0s sextas feiras.<br \/>Ao fechar as suas portas todas as sextas-feiras \u00e0 noite, o caf\u00e9 afirma que est\u00e1 a preservar a seguran\u00e7a e o bem-estar dos funcion\u00e1rios, clientes, vizinhos e da comunidade em geral. N\u00e3o \u00e9 claro por quanto tempo durar\u00e1 o encerramento tempor\u00e1rio, no entanto, com base nas informa\u00e7\u00f5es fornecidas no comunicado, poder\u00e1 estender-se por mais algumas semanas. Isto porque o caf\u00e9 n\u00e3o tem autoridade sobre a via p\u00fablica, e o comunicado afirma ainda que as autoridades locais n\u00e3o t\u00eam \u201cfornecido o policiamento necess\u00e1rio para lidar com estes problemas cont\u00ednuos\u201d.<\/p>\n<p><img loading=\"lazy\" decoding=\"async\" width=\"1024\" height=\"682\" src=\"https:\/\/www.europesays.com\/pt\/wp-content\/uploads\/2026\/08\/ACE-interior-4-1024x682.jpg\" alt=\"\" class=\"wp-image-570631 lazy\"  data-\/><\/p>\n<p>O caf\u00e9 \u00e9 conhecido pelos seus populares encontros de motociclistas \u00e0s sextas-feiras, realizados regularmente desde a sua reabertura em 1997.<br \/>O caf\u00e9 oferece a pessoas com interesses em comum a oportunidade de celebrar a vida em duas rodas, embora as suas portas estejam fechadas depois das 18h00 todas as sextas-feiras desde 17 de julho.<br \/>Apesar do encerramento tempor\u00e1rio, alguns motociclistas ainda se concentram na via p\u00fablica em frente ao caf\u00e9, fazendo alegadamente muito barulho e conduzindo de forma perigosa. O caf\u00e9 espera reabrir em breve \u00e0s sextas-feiras \u00e0 noite, mas provavelmente precisar\u00e1 da ajuda das autoridades competentes para que isso aconte\u00e7a.<\/p>\n<p><img loading=\"lazy\" decoding=\"async\" width=\"964\" height=\"542\" src=\"https:\/\/www.europesays.com\/pt\/wp-content\/uploads\/2026\/08\/ACE-Cafe-Harleys-outside.jpg\" alt=\"\" class=\"wp-image-570635 lazy\"  data-\/><\/p>\n<p>Motos alinhadas em frente ao caf\u00e9. Foto: Ace Cafe London\/Facebook<br \/>Segue abaixo a declara\u00e7\u00e3o completa do dono do Ace Cafe Mark Wilsmore: \u201cH\u00e1 seis semanas, tom\u00e1mos a dif\u00edcil decis\u00e3o de fechar o caf\u00e9 \u00e0s sextas-feiras \u00e0 noite, na esperan\u00e7a de que a situa\u00e7\u00e3o em frente ao nosso estabelecimento melhorasse. Infelizmente, tal n\u00e3o aconteceu. Apesar do encerramento tempor\u00e1rio, o comportamento antissocial na via p\u00fablica persiste e continua fora de controlo.\u201d \u201c<\/p>\n<p><img loading=\"lazy\" decoding=\"async\" width=\"1024\" height=\"682\" src=\"https:\/\/www.europesays.com\/pt\/wp-content\/uploads\/2026\/08\/ACE-founder6-1024x682.jpg\" alt=\"\" class=\"wp-image-570629 lazy\"  data-\/><\/p>\n<p>\u201cO Ace Cafe London n\u00e3o tem jurisdi\u00e7\u00e3o sobre as vias p\u00fablicas, e as autoridades competentes n\u00e3o forneceram o policiamento necess\u00e1rio para lidar com estes problemas cont\u00ednuos. A seguran\u00e7a e o bem-estar dos nossos colaboradores, clientes, vizinhos e da comunidade em geral devem estar sempre em primeiro lugar. Por estes motivos, o Ace Cafe London estar\u00e1 novamente encerrado a partir das 18h00 desta sexta-feira, 28 de agosto. Agradecemos sinceramente aos nossos clientes fi\u00e9is, residentes e \u00e0 comunidade em geral pela paci\u00eancia, compreens\u00e3o e apoio cont\u00ednuo durante este per\u00edodo extremamente dif\u00edcil. Pedimos respeitosamente que n\u00e3o nos visitem ap\u00f3s as 18h00 desta sexta-feira.\u201d<\/p>\n","protected":false},"excerpt":{"rendered":"Constantes desacatos obrigaram \u00e0 medida algo radical Fotos: Paulo Araujo O famoso Ace Cafe, em Londres, foi obrigado&hellip;\n","protected":false},"author":2,"featured_media":506825,"comment_status":"","ping_status":"","sticky":false,"template":"","format":"standard","meta":{"footnotes":"","_share_on_mastodon":"0"},"categories":[83],"tags":[88,61389,1162,89,90,20858,68400,13,32,33,1690],"class_list":["post-506824","post","type-post","status-publish","format-standard","has-post-thumbnail","category-empresas","tag-business","tag-classicas","tag-destaque-homepage","tag-economy","tag-empresas","tag-motos","tag-mototurismo","tag-noticias","tag-portugal","tag-pt","tag-social"],"share_on_mastodon":{"url":"https:\/\/pubeurope.com\/@pt\/117191793339040798","error":""},"_links":{"self":[{"href":"https:\/\/www.europesays.com\/pt\/wp-json\/wp\/v2\/posts\/506824","targetHints":{"allow":["GET"]}}],"collection":[{"href":"https:\/\/www.europesays.com\/pt\/wp-json\/wp\/v2\/posts"}],"about":[{"href":"https:\/\/www.europesays.com\/pt\/wp-json\/wp\/v2\/types\/post"}],"author":[{"embeddable":true,"href":"https:\/\/www.europesays.com\/pt\/wp-json\/wp\/v2\/users\/2"}],"replies":[{"embeddable":true,"href":"https:\/\/www.europesays.com\/pt\/wp-json\/wp\/v2\/comments?post=506824"}],"version-history":[{"count":0,"href":"https:\/\/www.europesays.com\/pt\/wp-json\/wp\/v2\/posts\/506824\/revisions"}],"wp:featuredmedia":[{"embeddable":true,"href":"https:\/\/www.europesays.com\/pt\/wp-json\/wp\/v2\/media\/506825"}],"wp:attachment":[{"href":"https:\/\/www.europesays.com\/pt\/wp-json\/wp\/v2\/media?parent=506824"}],"wp:term":[{"taxonomy":"category","embeddable":true,"href":"https:\/\/www.europesays.com\/pt\/wp-json\/wp\/v2\/categories?post=506824"},{"taxonomy":"post_tag","embeddable":true,"href":"https:\/\/www.europesays.com\/pt\/wp-json\/wp\/v2\/tags?post=506824"}],"curies":[{"name":"wp","href":"https:\/\/api.w.org\/{rel}","templated":true}]}}