{"id":506836,"date":"2026-08-31T19:45:19","date_gmt":"2026-08-31T19:45:19","guid":{"rendered":"https:\/\/www.europesays.com\/pt\/506836\/"},"modified":"2026-08-31T19:45:19","modified_gmt":"2026-08-31T19:45:19","slug":"o-antes-e-depois-que-o-vai-deixar-de-queixo-caido-lembra-se-de-jacques-costa-esta-irreconhecivel-big-brother-verao-2026-ultimas-noticias-videos-e-diretos","status":"publish","type":"post","link":"https:\/\/www.europesays.com\/pt\/506836\/","title":{"rendered":"O antes e depois que o vai deixar de queixo ca\u00eddo: Lembra-se de Jacques Costa? Est\u00e1 irreconhec\u00edvel &#8211; Big Brother Ver\u00e3o 2026: \u00daltimas Not\u00edcias, V\u00eddeos e Diretos"},"content":{"rendered":"<p>Jacques Costa deu nas vistas ao participar no <strong>Big Brother 2024<\/strong>, tornando-se uma das concorrentes mais faladas da edi\u00e7\u00e3o. A sua passagem pelo reality show ficou marcada por um momento que gerou muita discuss\u00e3o, quando <a target=\"_blank\" rel=\"noopener noreferrer nofollow\" href=\"https:\/\/tvi.iol.pt\/secretstory\/jacques-costa\/big-brother-2024\/foi-a-unica-concorrente-a-ser-expulsa-por-recusar-uma-regra-basica-do-jogo-saiba-o-que-e-feito-dela\">recusou cumprir uma das regras fundamentais do jogo<\/a>: nomear os restantes concorrentes.<\/p>\n<p>Durante uma das galas em direto, Jacques explicou que n\u00e3o queria contribuir para conflitos dentro da casa, defendendo que a sua participa\u00e7\u00e3o assentava em valores de respeito e paz. A concorrente afirmou n\u00e3o se rever na din\u00e2mica de nomea\u00e7\u00f5es, por considerar que alimentava &#8220;guerras&#8221; entre os participantes, e decidiu manter-se fiel aos seus princ\u00edpios.<\/p>\n<p>A decis\u00e3o teve consequ\u00eancias imediatas. Perante a recusa em nomear, o Big anunciou a sua nomea\u00e7\u00e3o direta, colocando-a automaticamente em risco de expuls\u00e3o. No entanto, Cl\u00e1udio Ramos considerou que a atitude representava uma quebra das regras do formato e defendeu uma san\u00e7\u00e3o mais severa. Pouco depois, foi confirmada a expuls\u00e3o direta da concorrente, num dos momentos mais marcantes da temporada.<\/p>\n<p>Terminada a aventura televisiva, Jacques Costa regressou \u00e0 sua rotina e optou por uma vida mais discreta, longe da exposi\u00e7\u00e3o constante que acompanha os reality shows. Apesar de continuar ativa nas redes sociais, tem privilegiado a partilha de momentos do quotidiano e de novos projetos pessoais, mantendo a autenticidade que a caracterizou durante o programa.<\/p>\n<p><a target=\"_blank\" rel=\"noopener noreferrer nofollow\" href=\"https:\/\/tvi.iol.pt\/secretstory\/fotos\/lembra-se-de-jacques-costa-fez-algo-inedito-no-big-brother-e-agora-esta-muito-diferente-veja-as-fotos\/6a0f0712d34edcee7c646d6c\">As publica\u00e7\u00f5es mais recentes revelam tamb\u00e9m uma\u00a0 transforma\u00e7\u00e3o no visual.<\/a> Jacques surge agora com o cabelo mais comprido, uma mudan\u00e7a que n\u00e3o passou despercebida aos seguidores, que t\u00eam deixado v\u00e1rias mensagens de elogio. Mais serena e focada na sua vida pessoal, a ex-concorrente parece estar a viver uma nova fase, distante das pol\u00e9micas televisivas e concentrada no seu crescimento pessoal.<\/p>\n<p><a target=\"_blank\" rel=\"noopener noreferrer nofollow\" href=\"https:\/\/tvi.iol.pt\/secretstory\/fotos\/o-antes-e-depois-de-jacques-costa-veja-como-esta-a-ex-concorrente-do-big-brother-2024\/693d7d28d34e2bd5c6d51061\">Percorra a galeria e veja o antes e depois da ex-concorrente.\u00a0<\/a><\/p>\n","protected":false},"excerpt":{"rendered":"Jacques Costa deu nas vistas ao participar no Big Brother 2024, tornando-se uma das concorrentes mais faladas da&hellip;\n","protected":false},"author":2,"featured_media":506837,"comment_status":"","ping_status":"","sticky":false,"template":"","format":"standard","meta":{"footnotes":"","_share_on_mastodon":"0"},"categories":[85],"tags":[3890,331,48,7080,333,328,335,336,114,115,334,81211,332,330,37964,338,13,32,33,162,227],"class_list":["post-506836","post","type-post","status-publish","format-standard","has-post-thumbnail","category-entretenimento","tag-antes-e-depois","tag-big","tag-big-brother","tag-big-brother-2024","tag-comentadores","tag-concorrentes","tag-confrontos","tag-discussoes","tag-entertainment","tag-entretenimento","tag-exclusivos","tag-expulsao-direta","tag-expulso","tag-gala","tag-jacques-costa","tag-maria-botelho-moniz","tag-noticias","tag-portugal","tag-pt","tag-tvi","tag-videos"],"share_on_mastodon":{"url":"https:\/\/pubeurope.com\/@pt\/117191843996926661","error":""},"_links":{"self":[{"href":"https:\/\/www.europesays.com\/pt\/wp-json\/wp\/v2\/posts\/506836","targetHints":{"allow":["GET"]}}],"collection":[{"href":"https:\/\/www.europesays.com\/pt\/wp-json\/wp\/v2\/posts"}],"about":[{"href":"https:\/\/www.europesays.com\/pt\/wp-json\/wp\/v2\/types\/post"}],"author":[{"embeddable":true,"href":"https:\/\/www.europesays.com\/pt\/wp-json\/wp\/v2\/users\/2"}],"replies":[{"embeddable":true,"href":"https:\/\/www.europesays.com\/pt\/wp-json\/wp\/v2\/comments?post=506836"}],"version-history":[{"count":0,"href":"https:\/\/www.europesays.com\/pt\/wp-json\/wp\/v2\/posts\/506836\/revisions"}],"wp:featuredmedia":[{"embeddable":true,"href":"https:\/\/www.europesays.com\/pt\/wp-json\/wp\/v2\/media\/506837"}],"wp:attachment":[{"href":"https:\/\/www.europesays.com\/pt\/wp-json\/wp\/v2\/media?parent=506836"}],"wp:term":[{"taxonomy":"category","embeddable":true,"href":"https:\/\/www.europesays.com\/pt\/wp-json\/wp\/v2\/categories?post=506836"},{"taxonomy":"post_tag","embeddable":true,"href":"https:\/\/www.europesays.com\/pt\/wp-json\/wp\/v2\/tags?post=506836"}],"curies":[{"name":"wp","href":"https:\/\/api.w.org\/{rel}","templated":true}]}}