{"id":506848,"date":"2026-08-31T19:56:25","date_gmt":"2026-08-31T19:56:25","guid":{"rendered":"https:\/\/www.europesays.com\/pt\/506848\/"},"modified":"2026-08-31T19:56:25","modified_gmt":"2026-08-31T19:56:25","slug":"miss-mundo-2026-sera-transmitido-pelo-sbt-no-youtube-31-08-2026-de-faixa-a-coroa","status":"publish","type":"post","link":"https:\/\/www.europesays.com\/pt\/506848\/","title":{"rendered":"Miss Mundo 2026 ser\u00e1 transmitido pelo SBT no YouTube &#8211; 31\/08\/2026 &#8211; De faixa a coroa"},"content":{"rendered":"<p>\n<strong class=\"c-signature__location\">S\u00e3o Paulo<\/strong>\n<\/p>\n<p>Quase quatro d\u00e9cadas depois de exibir pela \u00faltima vez uma edi\u00e7\u00e3o do <a href=\"https:\/\/f5.folha.uol.com.br\/colunistas\/de-faixa-a-coroa\/2026\/04\/miss-mundo-ja-tem-data-e-local-veja-agenda-dos-concursos-em-2026.shtml\" rel=\"nofollow noopener\" target=\"\">Miss Mundo<\/a>, o <a href=\"https:\/\/www1.folha.uol.com.br\/folha-topicos\/sbt\/\" rel=\"nofollow noopener\" target=\"\">SBT<\/a> volta a incluir o concurso em sua programa\u00e7\u00e3o. A <a href=\"https:\/\/www1.folha.uol.com.br\/folha-topicos\/sbt\/\" rel=\"nofollow noopener\" target=\"\">emissora<\/a> transmite ao vivo pelo YouTube, em 5 de setembro, a partir das 9h00, a 73\u00aa edi\u00e7\u00e3o da competi\u00e7\u00e3o, diretamente de cidade costeira de <a href=\"https:\/\/www1.folha.uol.com.br\/folha-topicos\/vietna\/\" rel=\"nofollow noopener\" target=\"\">Nha Trang, no sudeste do Vietn\u00e3<\/a>.<\/p>\n<p>  <a href=\"https:\/\/f5.folha.uol.com.br\/colunistas\/de-faixa-a-coroa\/\" rel=\"nofollow noopener\" target=\"_blank\"><br \/>\n    <img decoding=\"async\" src=\"https:\/\/www.europesays.com\/pt\/wp-content\/uploads\/2026\/08\/16820262856441af2d8b704_1682026285_1x1_xs.jpg\" alt=\"Foto de De faixa a coroa\" class=\"img-responsive c-lazyload\"\/><\/p>\n<p>  <\/a><\/p>\n<p class=\"author__description\">\n    F\u00e1bio Lu\u00eds de Paula \u00e9 jornalista especializado na cobertura de concursos de beleza, sendo os principais deles o Miss Brasil e o Miss Universo.\n  <\/p>\n","protected":false},"excerpt":{"rendered":"S\u00e3o Paulo Quase quatro d\u00e9cadas depois de exibir pela \u00faltima vez uma edi\u00e7\u00e3o do Miss Mundo, o SBT&hellip;\n","protected":false},"author":2,"featured_media":506849,"comment_status":"","ping_status":"","sticky":false,"template":"","format":"standard","meta":{"footnotes":"","_share_on_mastodon":"0"},"categories":[142],"tags":[219,211,223,114,115,224,225,226,221,220,222,81212,81213,81214,32,33,936,218,228,151,227],"class_list":["post-506848","post","type-post","status-publish","format-standard","has-post-thumbnail","category-tv","tag-bichos","tag-celebridades","tag-colunistas","tag-entertainment","tag-entretenimento","tag-estranho","tag-eu-amo","tag-fofices","tag-horoscopo","tag-humanos","tag-humor","tag-miss-mundo","tag-miss-mundo-brasil","tag-miss-world","tag-portugal","tag-pt","tag-sbt","tag-televisao","tag-tudo","tag-tv","tag-videos"],"share_on_mastodon":{"url":"https:\/\/pubeurope.com\/@pt\/117191887899135387","error":""},"_links":{"self":[{"href":"https:\/\/www.europesays.com\/pt\/wp-json\/wp\/v2\/posts\/506848","targetHints":{"allow":["GET"]}}],"collection":[{"href":"https:\/\/www.europesays.com\/pt\/wp-json\/wp\/v2\/posts"}],"about":[{"href":"https:\/\/www.europesays.com\/pt\/wp-json\/wp\/v2\/types\/post"}],"author":[{"embeddable":true,"href":"https:\/\/www.europesays.com\/pt\/wp-json\/wp\/v2\/users\/2"}],"replies":[{"embeddable":true,"href":"https:\/\/www.europesays.com\/pt\/wp-json\/wp\/v2\/comments?post=506848"}],"version-history":[{"count":0,"href":"https:\/\/www.europesays.com\/pt\/wp-json\/wp\/v2\/posts\/506848\/revisions"}],"wp:featuredmedia":[{"embeddable":true,"href":"https:\/\/www.europesays.com\/pt\/wp-json\/wp\/v2\/media\/506849"}],"wp:attachment":[{"href":"https:\/\/www.europesays.com\/pt\/wp-json\/wp\/v2\/media?parent=506848"}],"wp:term":[{"taxonomy":"category","embeddable":true,"href":"https:\/\/www.europesays.com\/pt\/wp-json\/wp\/v2\/categories?post=506848"},{"taxonomy":"post_tag","embeddable":true,"href":"https:\/\/www.europesays.com\/pt\/wp-json\/wp\/v2\/tags?post=506848"}],"curies":[{"name":"wp","href":"https:\/\/api.w.org\/{rel}","templated":true}]}}