{"id":506882,"date":"2026-08-31T20:24:13","date_gmt":"2026-08-31T20:24:13","guid":{"rendered":"https:\/\/www.europesays.com\/pt\/506882\/"},"modified":"2026-08-31T20:24:13","modified_gmt":"2026-08-31T20:24:13","slug":"outro-canal-tulio-amancio-pede-demissao-da-globo-apos-seis-meses-e-vai-para-o-sbt-uol","status":"publish","type":"post","link":"https:\/\/www.europesays.com\/pt\/506882\/","title":{"rendered":"Outro Canal: T\u00falio Am\u00e2ncio pede demiss\u00e3o da Globo ap\u00f3s seis meses e vai para o SBT &#8211; UOL"},"content":{"rendered":"<ol>\n<li><a href=\"https:\/\/news.google.com\/rss\/articles\/CBMizwFBVV95cUxOUEFPZm9ZTThFZlhYejQyeW9zNkFieXExUVdzbU92RGR2dXZiQmh5S2tzX08xM3RETnZLU2dHSk9SMERiZE5WTEZXVXpaSGJreU9rMXdrajZWQjRfT0VLZDhpUFdQaXpEVmZJM0ZhQUxQS2VtXzV1VGNxdGo2cnB0aUdfWEg3NUwtSEJta1E5aU9aMjY1SHp1Nzg0aWwwY3I3OXFTNGdWdWVoTUNEcVF0eUIzMWhKdENqWTZSenJqQkhDU25jNVRaQld1LWJiS1U?oc=5\" target=\"_blank\" rel=\"nofollow noopener\">Outro Canal: T\u00falio Am\u00e2ncio pede demiss\u00e3o da Globo ap\u00f3s seis meses e vai para o SBT<\/a>&nbsp;&nbsp;UOL<\/li>\n<li><a href=\"https:\/\/news.google.com\/rss\/articles\/CBMiwwFBVV95cUxPWFpKUlRvdS1IRXEwQVhOU3hNc3hCRkxSQi1QREc4RFBQbkQzWWUtUmhMOGZPQ0pzYy1TTFBHRnFoMkdoQXpSNmRRTXlhc0JqM2FKWDBYUFkzVkl0V1RPNUFnQXA2VWtFUlRnY0piQkg4UlE1Y2RVak9WdTZRTzkzOUl4T3RybHVQeFRDUzIzaExKem5UMGdhNmE3WU9TSnVMUkxhQWxrSW14RFNxdzZ5RFRuZ005YjYxME8xVGxDUGxTZnc?oc=5\" target=\"_blank\" rel=\"nofollow noopener\">T\u00falio Am\u00e2ncio estreia no SBT na pr\u00f3xima semana ap\u00f3s pedir demiss\u00e3o da Globo<\/a>&nbsp;&nbsp;Metr\u00f3poles<\/li>\n<li><a href=\"https:\/\/news.google.com\/rss\/articles\/CBMiogFBVV95cUxNTGktVkFIWl92TVgweDZzZG5FM08zSnZYWDdkbFB1WGpNX1BVRUloTUNHTTdUVHBWOGJrelA5eWRPeUVvOTF0RUhZbHBlTWE5TWNfU0xkeGY2NXd5ai1nSWlHNW5CN0gyaU9JNVlJbF9KQkhfUGl1YXFaMGFKd1pLS193eS14YVdZcDJjX1RJSmJiemdyWHNNNWpVTFhlTnU2OWc?oc=5\" target=\"_blank\" rel=\"nofollow noopener\">T\u00falio Am\u00e2ncio pede demiss\u00e3o da Globo ap\u00f3s intrigas e vai para SBT<\/a>&nbsp;&nbsp;VEJA<\/li>\n<li><a href=\"https:\/\/news.google.com\/rss\/articles\/CBMi0gFBVV95cUxOM2E2N0tpYUxHVkotM0NmZGliMUFocnptTmRJb0JQSXZEWHpIWlNsRTlJZnBZMWdpY19GNi00Y3B5Skp4TktZLVhNM1BHZ0J0OWVVaXpFYXA2YlE3eUxzR3JLV0h4bVJaV2dsQm1lN0laTG9tM3VWUnR6TGtMYlhlN29mWFA4YmFTeFE0NHlwclFqaXJiVUhGLVFhaEktaVUxUERxek9zd0RQd3pNTXNJMHVTTXY4OWtocENLcUlHNlJBM21MWElFWVlmWFRxNlJ4dlHSAdcBQVVfeXFMT3FGcy1zazA3MWE0UHgtM3gwczI5TTZpX18zSWFKREhVOHBxT2ZCR1A5cU5mUUN6VTBmMmNUTHRJRTJCTk9SM2xkcDNpWWh2dmhHMGR5TlZxZnV2eGN4N0dHWXJEQlozVHMxMzVfRzRBV3FBQWRpUWtha01CdGNoMW5UcHBudGtPWXItZkR6QVlRbVFKdW1rMUtZVTdoRDFZdVhEdENSZUg3dl9fZ3hPbmNHQWVCU29KMXZuQWJaZ0xoQnJabVlrb05LdHZIM2JTRVNzaXpfYzQ?oc=5\" target=\"_blank\" rel=\"nofollow noopener\">Reviravolta na TV: Jornalista deixa a Globo e assina com o SBT<\/a>&nbsp;&nbsp;Correio Braziliense<\/li>\n<li><a href=\"https:\/\/news.google.com\/rss\/articles\/CBMivgFBVV95cUxOR3U5cnEtZ1JXM01aSmhSVnNJYXRpQlFDcWRULUQ1bWRtUlJ5RmY3VXNBYWtfTUdITTVaeDNOMHUxczBxcVRnVTkwTzc1Ml9HUV8ybTFUdFBQb3lXbVo1M1M2VnNma1hmYmJQQVF3ck5sbkJNOTlQX2NIcU5Wd0Z4MTNhZXJ1TWJxLTZ5LWF1S2RPQ1Y4bV9ZbWtDcmRrV0d6Z3l4YUZHSEFMc3ZCXzNRbVpJQjFwbDZJYXppNC1B?oc=5\" target=\"_blank\" rel=\"nofollow noopener\">T\u00falio Am\u00e2ncio deixa a Globo e acerta ida para o SBT News<\/a>&nbsp;&nbsp;Di\u00e1rio do Centro do Mundo<\/li>\n<\/ol>\n","protected":false},"excerpt":{"rendered":"Outro Canal: T\u00falio Am\u00e2ncio pede demiss\u00e3o da Globo ap\u00f3s seis meses e vai para o SBT&nbsp;&nbsp;UOL T\u00falio Am\u00e2ncio&hellip;\n","protected":false},"author":2,"featured_media":506883,"comment_status":"","ping_status":"","sticky":false,"template":"","format":"standard","meta":{"footnotes":"","_share_on_mastodon":"0"},"categories":[142],"tags":[219,13848,211,223,114,115,224,225,226,753,221,220,222,32,33,936,2566,218,228,151,227],"class_list":["post-506882","post","type-post","status-publish","format-standard","has-post-thumbnail","category-tv","tag-bichos","tag-braslia","tag-celebridades","tag-colunistas","tag-entertainment","tag-entretenimento","tag-estranho","tag-eu-amo","tag-fofices","tag-globo","tag-horoscopo","tag-humanos","tag-humor","tag-portugal","tag-pt","tag-sbt","tag-televiso","tag-televisao","tag-tudo","tag-tv","tag-videos"],"share_on_mastodon":{"url":"https:\/\/pubeurope.com\/@pt\/117191997408193926","error":""},"_links":{"self":[{"href":"https:\/\/www.europesays.com\/pt\/wp-json\/wp\/v2\/posts\/506882","targetHints":{"allow":["GET"]}}],"collection":[{"href":"https:\/\/www.europesays.com\/pt\/wp-json\/wp\/v2\/posts"}],"about":[{"href":"https:\/\/www.europesays.com\/pt\/wp-json\/wp\/v2\/types\/post"}],"author":[{"embeddable":true,"href":"https:\/\/www.europesays.com\/pt\/wp-json\/wp\/v2\/users\/2"}],"replies":[{"embeddable":true,"href":"https:\/\/www.europesays.com\/pt\/wp-json\/wp\/v2\/comments?post=506882"}],"version-history":[{"count":0,"href":"https:\/\/www.europesays.com\/pt\/wp-json\/wp\/v2\/posts\/506882\/revisions"}],"wp:featuredmedia":[{"embeddable":true,"href":"https:\/\/www.europesays.com\/pt\/wp-json\/wp\/v2\/media\/506883"}],"wp:attachment":[{"href":"https:\/\/www.europesays.com\/pt\/wp-json\/wp\/v2\/media?parent=506882"}],"wp:term":[{"taxonomy":"category","embeddable":true,"href":"https:\/\/www.europesays.com\/pt\/wp-json\/wp\/v2\/categories?post=506882"},{"taxonomy":"post_tag","embeddable":true,"href":"https:\/\/www.europesays.com\/pt\/wp-json\/wp\/v2\/tags?post=506882"}],"curies":[{"name":"wp","href":"https:\/\/api.w.org\/{rel}","templated":true}]}}