{"id":506892,"date":"2026-08-31T20:40:29","date_gmt":"2026-08-31T20:40:29","guid":{"rendered":"https:\/\/www.europesays.com\/pt\/506892\/"},"modified":"2026-08-31T20:40:29","modified_gmt":"2026-08-31T20:40:29","slug":"mundiais-de-canoagem-portugal-iguala-melhor-registo-com-quatro-medalhas-e-fernando-pimenta-faz-historia-em-poznan","status":"publish","type":"post","link":"https:\/\/www.europesays.com\/pt\/506892\/","title":{"rendered":"Mundiais de canoagem: Portugal iguala melhor registo com quatro medalhas e Fernando Pimenta faz hist\u00f3ria em Poznan"},"content":{"rendered":"<p>A dupla portuguesa, campe\u00e3 mundial em 2023, terminou a final em 1.29,29 minutos. Os alem\u00e3es Jacob Schopf e Max Lemke conquistaram o t\u00edtulo com 1.27,57, enquanto os checos Jakub Spicar e Daniel Havel completaram o p\u00f3dio.<\/p>\n<p><strong>Jo\u00e3o Ribeiro e Messias Baptista confirmaram, assim, a presen\u00e7a entre a elite mundial de uma dist\u00e2ncia que integra o programa dos Jogos Ol\u00edmpicos de Los Angeles 2028.<\/strong><\/p>\n<p>Os dois cano\u00edstas j\u00e1 tinham conquistado uma medalha em Poznan. Ao lado de Gustavo Gon\u00e7alves e Pedro Casinha, Jo\u00e3o Ribeiro e Messias Baptista alcan\u00e7aram o bronze na final de K4 500 metros.<\/p>\n<p>O quarteto portugu\u00eas, campe\u00e3o mundial em 2025, terminou a prova em 1.25,53 minutos, atr\u00e1s da Alemanha, vencedora em 1.23,95, e da Austr\u00e1lia, segunda classificada com 1.24,57.<\/p>\n<p>\u201cOs caiaques masculinos estiveram muito bem. O Gustavo, o Jo\u00e3o, o Messias e o Pedro fizeram uma prova extraordin\u00e1ria. Depois de terem sido campe\u00f5es do Mundo no ano passado, estiveram sempre nas medalhas ou muito perto delas ao longo desta \u00e9poca\u201d, analisou H\u00e9lio Lucas Ara\u00fajo.<\/p>\n<p>O selecionador lembrou os v\u00e1rios resultados em que o K4 portugu\u00eas ficou pr\u00f3ximo do p\u00f3dio, antes de voltar a conquistar uma medalha na principal competi\u00e7\u00e3o internacional da temporada.<\/p>\n<p><strong>\u201cTivemos muitos quartos lugares e agora conseguiram o terceiro lugar no K4, que \u00e9 uma dist\u00e2ncia ol\u00edmpica. O Jo\u00e3o e o Messias tamb\u00e9m fizeram um trabalho excecional\u201d, sublinhou.<\/strong><\/p>\n<p>H\u00e9lio Lucas Ara\u00fajo destacou igualmente o contributo do treinador diretamente respons\u00e1vel pela prepara\u00e7\u00e3o do grupo que integra o K2 e o K4 masculinos.<\/p>\n<p>\u201cO Rui, que trabalha com eles, fez um trabalho fant\u00e1stico e tem mantido estes atletas num n\u00edvel muito elevado. Penso que tivemos uma excelente presta\u00e7\u00e3o no Mundial\u201d, declarou.<\/p>\n<p>Embora assuma a coordena\u00e7\u00e3o da sele\u00e7\u00e3o portuguesa, H\u00e9lio Lucas Ara\u00fajo fez quest\u00e3o de repartir os m\u00e9ritos pelos restantes treinadores, clubes e estruturas que acompanham diariamente os atletas.<\/p>\n<p><strong>\u201cEu sou o selecionador, procuro que n\u00e3o falte nada aos treinadores e que tenhamos cada vez mais condi\u00e7\u00f5es, mas o trabalho \u00e9 efetivamente dos t\u00e9cnicos. Neste caso, cabe-me alguma responsabilidade porque tamb\u00e9m trabalho com o Fernando, mas todos eles t\u00eam feito um trabalho louv\u00e1vel\u201d, explicou.<\/strong><\/p>\n<p>O selecionador recordou ainda que os resultados de uma competi\u00e7\u00e3o n\u00e3o podem ser avaliados exclusivamente atrav\u00e9s das medalhas. Al\u00e9m dos projetos j\u00e1 consolidados no setor masculino, Portugal procura desenvolver novas embarca\u00e7\u00f5es na velocidade e manter-se competitivo na paracanoagem.<\/p>\n<p>\u201cEstiveram envolvidos v\u00e1rios treinadores, desde a paracanoagem aos caiaques. As medalhas s\u00e3o aquilo de que mais se fala, mas h\u00e1 outros projetos que est\u00e3o em desenvolvimento. Ainda assim, ao n\u00edvel dos resultados, foi extraordin\u00e1rio aquilo que os caiaques masculinos fizeram\u201d, considerou.<\/p>\n<p>As quatro medalhas conquistadas em Poznan aumentam tamb\u00e9m a responsabilidade da sele\u00e7\u00e3o nas pr\u00f3ximas competi\u00e7\u00f5es. H\u00e9lio Lucas Ara\u00fajo admite que ser\u00e1 dif\u00edcil voltar a melhorar estes resultados, mas garante que o grupo continuar\u00e1 a trabalhar com a ambi\u00e7\u00e3o de permanecer entre as principais pot\u00eancias da modalidade.<\/p>\n<p><strong>\u201cVinha a caminhar com os treinadores para o hotel e fal\u00e1vamos precisamente disso: temos um problema. No ano passado batemos um recorde, este ano volt\u00e1mos a bat\u00ea-lo e n\u00e3o sei como poderemos voltar a melhorar este resultado\u201d, afirmou, entre sorrisos.<\/strong><\/p>\n<p>O grande objetivo passa agora por prolongar o atual ciclo de resultados at\u00e9 aos Jogos Ol\u00edmpicos de Los Angeles 2028.<\/p>\n<p><strong>\u201cA fasquia est\u00e1 muito, muito alta. Queremos prolongar esta din\u00e2mica at\u00e9 aos Jogos Ol\u00edmpicos, para que os atletas consigam, em Los Angeles, resultados que deixem os portugueses orgulhosos. Isso \u00e9 o mais importante\u201d, declarou.<\/strong><\/p>\n<p>O novo sistema de qualifica\u00e7\u00e3o ol\u00edmpica da canoagem de velocidade assenta num ranking internacional, com dez competi\u00e7\u00f5es eleg\u00edveis e a contabiliza\u00e7\u00e3o dos oito melhores resultados. Apesar de ainda n\u00e3o existirem qualifica\u00e7\u00f5es definitivas, os desempenhos alcan\u00e7ados durante a temporada permitem \u00e0 sele\u00e7\u00e3o encarar com confian\u00e7a a corrida \u00e0s vagas ol\u00edmpicas.<\/p>\n<p>\u201cS\u00f3 podemos levar, no m\u00e1ximo, cinco atletas masculinos. N\u00e3o digo que estes cinco j\u00e1 estejam qualificados, porque ainda falta um ano e foram disputadas oito provas de um total de dez, mas estamos numa posi\u00e7\u00e3o muito positiva. Penso que o Fernando lidera o ranking e o K4 est\u00e1, se n\u00e3o em primeiro, no segundo ou terceiro lugar\u201d, explicou o selecionador.<\/p>\n<p>H\u00e9lio Lucas Ara\u00fajo considera que Fernando Pimenta e os quatro elementos do K4 est\u00e3o muito bem posicionados, embora sublinhe que o processo ainda n\u00e3o terminou.<\/p>\n<p><strong>\u201cEstamos na zona das medalhas. Mantendo esta din\u00e2mica, acredito que a qualifica\u00e7\u00e3o ser\u00e1 poss\u00edvel. Depois, temos outras embarca\u00e7\u00f5es que continuam na luta, a somar pontos at\u00e9 ao final, e queremos melhorar as presta\u00e7\u00f5es para que tamb\u00e9m consigam chegar aos Jogos\u201d, acrescentou.<\/strong><\/p>\n<p>A ambi\u00e7\u00e3o portuguesa estende-se \u00e0 paracanoagem, na qual a sele\u00e7\u00e3o esteve representada em Poznan por Norberto Mour\u00e3o, Alex Santos e Matilde Nunes. Os resultados conquistados pelos tr\u00eas atletas tamb\u00e9m contam para o respetivo processo de qualifica\u00e7\u00e3o paral\u00edmpica.<\/p>\n<p><strong>\u201cTemos o Norberto, o Alex e a Matilde, que fizeram boas presta\u00e7\u00f5es e que tamb\u00e9m est\u00e3o numa posi\u00e7\u00e3o que lhes permite lutar pelo apuramento para os Jogos Paral\u00edmpicos\u201d, concluiu H\u00e9lio Lucas Ara\u00fajo.<\/strong><\/p>\n","protected":false},"excerpt":{"rendered":"A dupla portuguesa, campe\u00e3 mundial em 2023, terminou a final em 1.29,29 minutos. Os alem\u00e3es Jacob Schopf e&hellip;\n","protected":false},"author":2,"featured_media":506893,"comment_status":"","ping_status":"","sticky":false,"template":"","format":"standard","meta":{"footnotes":"","_share_on_mastodon":"0"},"categories":[8],"tags":[27,28,72848,8491,15,16,80865,14,81219,25,26,21,22,12,13,19,20,32,23,24,33,17,18,29,30,31],"class_list":["post-506892","post","type-post","status-publish","format-standard","has-post-thumbnail","category-principais-noticias","tag-breaking-news","tag-breakingnews","tag-campeonatos-do-mundo","tag-canoagem","tag-featured-news","tag-featurednews","tag-fernando-pimenta","tag-headlines","tag-helio-lucas-araujo","tag-latest-news","tag-latestnews","tag-main-news","tag-mainnews","tag-news","tag-noticias","tag-noticias-principais","tag-noticiasprincipais","tag-portugal","tag-principais-noticias","tag-principaisnoticias","tag-pt","tag-top-stories","tag-topstories","tag-ultimas","tag-ultimas-noticias","tag-ultimasnoticias"],"share_on_mastodon":{"url":"https:\/\/pubeurope.com\/@pt\/117192060130032854","error":""},"_links":{"self":[{"href":"https:\/\/www.europesays.com\/pt\/wp-json\/wp\/v2\/posts\/506892","targetHints":{"allow":["GET"]}}],"collection":[{"href":"https:\/\/www.europesays.com\/pt\/wp-json\/wp\/v2\/posts"}],"about":[{"href":"https:\/\/www.europesays.com\/pt\/wp-json\/wp\/v2\/types\/post"}],"author":[{"embeddable":true,"href":"https:\/\/www.europesays.com\/pt\/wp-json\/wp\/v2\/users\/2"}],"replies":[{"embeddable":true,"href":"https:\/\/www.europesays.com\/pt\/wp-json\/wp\/v2\/comments?post=506892"}],"version-history":[{"count":0,"href":"https:\/\/www.europesays.com\/pt\/wp-json\/wp\/v2\/posts\/506892\/revisions"}],"wp:featuredmedia":[{"embeddable":true,"href":"https:\/\/www.europesays.com\/pt\/wp-json\/wp\/v2\/media\/506893"}],"wp:attachment":[{"href":"https:\/\/www.europesays.com\/pt\/wp-json\/wp\/v2\/media?parent=506892"}],"wp:term":[{"taxonomy":"category","embeddable":true,"href":"https:\/\/www.europesays.com\/pt\/wp-json\/wp\/v2\/categories?post=506892"},{"taxonomy":"post_tag","embeddable":true,"href":"https:\/\/www.europesays.com\/pt\/wp-json\/wp\/v2\/tags?post=506892"}],"curies":[{"name":"wp","href":"https:\/\/api.w.org\/{rel}","templated":true}]}}