{"id":50691,"date":"2025-08-29T21:00:14","date_gmt":"2025-08-29T21:00:14","guid":{"rendered":"https:\/\/www.europesays.com\/pt\/50691\/"},"modified":"2025-08-29T21:00:14","modified_gmt":"2025-08-29T21:00:14","slug":"marcou-ao-fenerbahce-e-por-alguma-razao-pediu-desculpa-benfica-vende-akturkoglu-ao-clube-turco-por-e225-milhoes-tribuna-expresso","status":"publish","type":"post","link":"https:\/\/www.europesays.com\/pt\/50691\/","title":{"rendered":"Marcou ao Fenerbah\u00e7e e por alguma raz\u00e3o pediu desculpa: Benfica vende Akt\u00fcrko\u011flu ao clube turco por \u20ac22,5 milh\u00f5es &#8211; Tribuna Expresso"},"content":{"rendered":"<ol>\n<li><a href=\"https:\/\/news.google.com\/rss\/articles\/CBMi-gFBVV95cUxOUWE2UDYxT1VtMllEYVMteTdsdWd0NXRlVU51N2huUUhTNmpEUEViUVVWWkd1R2dtOEJKWlhjWGFGajVGY055T3R3aDlDTE1LOW1aaXpTNmU1YlhYaDhnX2ViUWdBU1NuVWI0ZWh1el92MnJ2aFpOX0VvdDZ6cjJ3MENPcHY2ajU0LTRzMGJFV2VILThzeU5tSTJfcUVxMUNaTzRyb3lwOEhkT2NnVk5tcXdwWmc1M1hHTGEzZm1qT3diSlZESWhkT2wtNDBWdUR3SkNzSU5DanFoNTFuUjNkcFcyVHpVdjJaUVlBdHJhaWpqTVUtbG82Y25B0gH_AUFVX3lxTE9VUVlZc1lVNl84NUJTR09TODhCeUl1dWZJbEdsaTlQMDZ1Z2VDMUdVOTF0V2FXUi1pREtjbFFhUW5uQUlOQmlRT0gtUl9SclNBY0J5Y2FiTDBMcjZOSlNYREUwTkc5LUVlSzh1RlVLY2FMOW1LUUJsdzhTTFIyUGt2TUw2SlBMUTZSdVVfVDVUSDFFT1RQMVkxOVdIMXQxX1p2R09leVgzUGE0dTAxWVlKS0dSVk1GWFRWZk16LVVKNjJ1TmhzSF9Hb1dyOUdtV01xVVNZbnVMSlFMbHFsUjF2LXZ5SHBHT0tnUTRlWjNhRHJCQWE5cDA0UzlvZ3RLdw?oc=5\" target=\"_blank\" rel=\"nofollow noopener\">Marcou ao Fenerbah\u00e7e e por alguma raz\u00e3o pediu desculpa: Benfica vende Akt\u00fcrko\u011flu ao clube turco por \u20ac22,5 milh\u00f5es<\/a>&nbsp;&nbsp;Tribuna Expresso<\/li>\n<li><a href=\"https:\/\/news.google.com\/rss\/articles\/CBMi6wFBVV95cUxPV05GazI0dnpTTklHZkdocEprSTJRelNSRnZ0Qks3V1otQWRZYW9sQVU2QnhpYXFoQ2RlVDJncWhHbHotOUJlRkxoYW84QXQ0LTBwMm1CN3JhZnV6U0thbUlMTVpKcm8zRUF5T1BCRC1yZFBzekg1VkFPTjVhZ19KOHFmOVhlSTdvRlFpdndFSkQ3SnRwZHdQdXlFcnNVeEdjODA2enV5Rm1NM3NFb0g5YWF3aTcwT1NET3RrU18tVEp0TWoyZ2hKWlJWSVJHbDhndm9pYk1UU1hrd2o1QmZrcnEzNGNOdmFnclZv?oc=5\" target=\"_blank\" rel=\"nofollow noopener\">Vice-presidente do Fenerbah\u00e7e provoca Benfica: &#8220;N\u00e3o \u00e9 um time relevante&#8221;<\/a>&nbsp;&nbsp;CNN Brasil<\/li>\n<li><a href=\"https:\/\/news.google.com\/rss\/articles\/CBMinAFBVV95cUxPTW1fRkxuSEREb2FROUduQmlxWmV4Y1Z5a3dYMEprWldpNU1fOEZVdGh3eW54Vk91dzhvMVpmYllfazBqeFAyWG82N0JGQURDT2ZIUVc2eDVoLW1IRnE3dXhrRDFTMFpIdWljNndqcmRTOExJRTBXdFRtTU5pSTN0dmNmTWJxOHB6N1RTQi1ZZFdNNk9HeHRNeEpyVzg?oc=5\" target=\"_blank\" rel=\"nofollow noopener\">OFICIAL: Benfica anuncia acordo com o Fenerbah\u00e7e por Akturkoglu<\/a>&nbsp;&nbsp;A Bola<\/li>\n<li><a href=\"https:\/\/news.google.com\/rss\/articles\/CBMi7AFBVV95cUxNeGdBclZOV01rN0d5SnlVbEZKdERPZWhXdmtRMDdiQTlqMlVraHhwcTl6cTZjVTNQYWp2b19tWmNGMENZRHNVYnViaWxpejBoYkFyaXJEMjNXSXRJaDlqM2E1cU1COTNZNE1iMGVuV1N0R18wN1JyWnFXWDRseWhqSi16ZUlHdlBNM3RMakJ5Nkt6WkpsejVSUWFTOHZVMmIyMVJlWWZMNFo3SGNxM3NEdlBEZ195QmFIUDUyMHpERFFkQ3ZPRkkzazFjV0pPVmZQTFVXMlFUU0JlNTZlVVRiN3dPcUV6Z0VtWE0tcA?oc=5\" target=\"_blank\" rel=\"nofollow noopener\">S\u00e9rgio Krithinas sobre Akt\u00fcrkoglu: \u00abNunca tinha visto um jogador a n\u00e3o festejar contra a futura equipa&#8230;\u00bb<\/a>&nbsp;&nbsp;Record<\/li>\n<li><a href=\"https:\/\/news.google.com\/rss\/articles\/CBMivAFBVV95cUxPekktTWEwM0NITHNKYjRJOVJFNEVpMGphWXpGdzdyT0lFSU1vRDVjS0EyVFZsQ2g4ZU1IUHR6eG1ERDVpSFRxaU5COTU1emFnRXF6VUVuVE1YejZPa1BheDZYdXY4a2E0MjdDTURqYU5FRVh3T1RjWDBDSEtpbXBjY1dRYmpfVFdHTV9wLThOUW9LSTdUcjR2UWhkNmV0R1NNR0hzT0o2SkY3V2hCc2VId2NzdThyX3BqXzJBRQ?oc=5\" target=\"_blank\" rel=\"nofollow noopener\">\u00abSe posso garantir que Akt\u00fcrkoglu fica? At\u00e9 ao final do mercado&#8230;\u00bb<\/a>&nbsp;&nbsp;Maisfutebol<\/li>\n<\/ol>\n","protected":false},"excerpt":{"rendered":"Marcou ao Fenerbah\u00e7e e por alguma raz\u00e3o pediu desculpa: Benfica vende Akt\u00fcrko\u011flu ao clube turco por \u20ac22,5 milh\u00f5es&nbsp;&nbsp;Tribuna&hellip;\n","protected":false},"author":2,"featured_media":50522,"comment_status":"","ping_status":"","sticky":false,"template":"","format":"standard","meta":{"footnotes":""},"categories":[87],"tags":[135,32,33,134],"class_list":{"0":"post-50691","1":"post","2":"type-post","3":"status-publish","4":"format-standard","5":"has-post-thumbnail","7":"category-desporto","8":"tag-desporto","9":"tag-portugal","10":"tag-pt","11":"tag-sports"},"share_on_mastodon":{"url":"","error":""},"_links":{"self":[{"href":"https:\/\/www.europesays.com\/pt\/wp-json\/wp\/v2\/posts\/50691","targetHints":{"allow":["GET"]}}],"collection":[{"href":"https:\/\/www.europesays.com\/pt\/wp-json\/wp\/v2\/posts"}],"about":[{"href":"https:\/\/www.europesays.com\/pt\/wp-json\/wp\/v2\/types\/post"}],"author":[{"embeddable":true,"href":"https:\/\/www.europesays.com\/pt\/wp-json\/wp\/v2\/users\/2"}],"replies":[{"embeddable":true,"href":"https:\/\/www.europesays.com\/pt\/wp-json\/wp\/v2\/comments?post=50691"}],"version-history":[{"count":0,"href":"https:\/\/www.europesays.com\/pt\/wp-json\/wp\/v2\/posts\/50691\/revisions"}],"wp:featuredmedia":[{"embeddable":true,"href":"https:\/\/www.europesays.com\/pt\/wp-json\/wp\/v2\/media\/50522"}],"wp:attachment":[{"href":"https:\/\/www.europesays.com\/pt\/wp-json\/wp\/v2\/media?parent=50691"}],"wp:term":[{"taxonomy":"category","embeddable":true,"href":"https:\/\/www.europesays.com\/pt\/wp-json\/wp\/v2\/categories?post=50691"},{"taxonomy":"post_tag","embeddable":true,"href":"https:\/\/www.europesays.com\/pt\/wp-json\/wp\/v2\/tags?post=50691"}],"curies":[{"name":"wp","href":"https:\/\/api.w.org\/{rel}","templated":true}]}}