{"id":50696,"date":"2025-08-29T21:04:21","date_gmt":"2025-08-29T21:04:21","guid":{"rendered":"https:\/\/www.europesays.com\/pt\/50696\/"},"modified":"2025-08-29T21:04:21","modified_gmt":"2025-08-29T21:04:21","slug":"patente-da-ferrari-protege-parte-menos-amiga-de-lombas-ou-passeios","status":"publish","type":"post","link":"https:\/\/www.europesays.com\/pt\/50696\/","title":{"rendered":"Patente da Ferrari protege parte menos amiga de lombas ou passeios"},"content":{"rendered":"<p>\n\tDanificar o splitter de um supercarro \u00e9 simples: basta uma lomba ou um lancil de um passeio e j\u00e1 est\u00e1. Mas a Ferrari parece ter a solu\u00e7\u00e3o.\n<\/p>\n<p>Desportivos e supercarros como os da Ferrari, j\u00e1 t\u00eam dist\u00e2ncias ao solo baixas e elementos aerodin\u00e2micos como splitters (posicionados na parte inferior do para-choques) est\u00e3o particularmente expostos a danos, por mais habilidoso que seja ao volante.<\/p>\n<p>Basta enfrentar um passeio ou uma lomba mais acentuada, e pronto. Est\u00e1 o \u00abcaos\u00bb instalado. Para mais, pode ficar muito caro: muitos s\u00e3o em fibra de carbono. Mas a <a href=\"https:\/\/www.razaoautomovel.com\/etiqueta\/ferrari\/\" rel=\"nofollow noopener\" target=\"_blank\">Ferrari<\/a> poder\u00e1 ter encontrado uma solu\u00e7\u00e3o.<\/p>\n<p><img loading=\"lazy\" decoding=\"async\" width=\"2560\" height=\"1439\" src=\"data:image\/svg+xml,%3Csvg%20xmlns=\" http:=\"\" alt=\"Esquema da patente da Ferrari para\" class=\"wp-image-1068227\" data-lazy- data-lazy- data-lazy-src=\"https:\/\/www.europesays.com\/pt\/wp-content\/uploads\/2025\/08\/Patente-Ferrari-.webp.webp\"\/>\u00a9 US Patent And Trademark Office<\/p>\n<p>A marca de Maranello registou uma patente de um sistema que recorre a sensores capazes de medir a altura dos obst\u00e1culos \u00e0 frente do carro. Se forem demasiado altos para o ve\u00edculo passar sem danificar o splitter, um alerta sonoro \u00e9 emitido.<\/p>\n<p>Nesse caso, tem duas hip\u00f3teses: ou abranda e muda de trajeto, ou o carro f\u00e1-lo-\u00e1 por si, recorrendo ao sistema de travagem para imobilizar o ve\u00edculo \u2014 semelhante aos sistemas existentes para evitar colis\u00f5es. <\/p>\n<p>H\u00e1 solu\u00e7\u00f5es alternativas que j\u00e1 s\u00e3o usadas. Muitos supercarros j\u00e1 disp\u00f5em de sistemas hidr\u00e1ulicos que elevam o eixo dianteiro para superar obst\u00e1culos mais elevados. Mas h\u00e1 clientes que dispensam esse extra para poupar peso.<\/p>\n<p>\u00c9 para esses casos que este sistema da Ferrari poder\u00e1 poupar milhares de euros em repara\u00e7\u00f5es, embora n\u00e3o passe apenas, por enquanto, de uma patente.<\/p>\n<p style=\"font-family: 'Adelle Sans', sans-serif; font-size:15px;font-style:normal;font-weight:400\"><strong>Sobre o \u201cArranque a Frio\u201d.<\/strong> De segunda a sexta-feira na Raz\u00e3o Autom\u00f3vel, h\u00e1 um \u201cArranque a Frio\u201d \u00e0s 7h00 da manh\u00e3. Enquanto bebe o seu caf\u00e9 ou ganha coragem para come\u00e7ar o dia, fique a par de curiosidades, factos hist\u00f3ricos e v\u00eddeos relevantes do mundo autom\u00f3vel. Tudo em menos de 200 palavras.<\/p>\n<p>\t\t\tSabe esta resposta?<br \/>\n\t\t\tEm que ano foi revelado o Ferrari 365 GT4 BB?<\/p>\n<p>        <a href=\"https:\/\/www.razaoautomovel.com\/perfil\/miguel-nascimento\/\" rel=\"nofollow noopener\" target=\"_blank\"><br \/>\n            <img loading=\"lazy\" alt=\"Avatar photo\" src=\"https:\/\/www.europesays.com\/pt\/wp-content\/uploads\/2025\/08\/1755378248_989_miguel-nascimento-perfil-2025-96x96.jpg\"  class=\"avatar avatar-96 photo\" height=\"96\" width=\"96\" decoding=\"async\"\/>        <\/a>  <\/p>\n","protected":false},"excerpt":{"rendered":"Danificar o splitter de um supercarro \u00e9 simples: basta uma lomba ou um lancil de um passeio e&hellip;\n","protected":false},"author":2,"featured_media":50697,"comment_status":"","ping_status":"","sticky":false,"template":"","format":"standard","meta":{"footnotes":""},"categories":[83],"tags":[990,88,89,90,2193,14673,32,33],"class_list":{"0":"post-50696","1":"post","2":"type-post","3":"status-publish","4":"format-standard","5":"has-post-thumbnail","7":"category-empresas","8":"tag-arranque-a-frio","9":"tag-business","10":"tag-economy","11":"tag-empresas","12":"tag-ferrari","13":"tag-patente","14":"tag-portugal","15":"tag-pt"},"share_on_mastodon":{"url":"","error":""},"_links":{"self":[{"href":"https:\/\/www.europesays.com\/pt\/wp-json\/wp\/v2\/posts\/50696","targetHints":{"allow":["GET"]}}],"collection":[{"href":"https:\/\/www.europesays.com\/pt\/wp-json\/wp\/v2\/posts"}],"about":[{"href":"https:\/\/www.europesays.com\/pt\/wp-json\/wp\/v2\/types\/post"}],"author":[{"embeddable":true,"href":"https:\/\/www.europesays.com\/pt\/wp-json\/wp\/v2\/users\/2"}],"replies":[{"embeddable":true,"href":"https:\/\/www.europesays.com\/pt\/wp-json\/wp\/v2\/comments?post=50696"}],"version-history":[{"count":0,"href":"https:\/\/www.europesays.com\/pt\/wp-json\/wp\/v2\/posts\/50696\/revisions"}],"wp:featuredmedia":[{"embeddable":true,"href":"https:\/\/www.europesays.com\/pt\/wp-json\/wp\/v2\/media\/50697"}],"wp:attachment":[{"href":"https:\/\/www.europesays.com\/pt\/wp-json\/wp\/v2\/media?parent=50696"}],"wp:term":[{"taxonomy":"category","embeddable":true,"href":"https:\/\/www.europesays.com\/pt\/wp-json\/wp\/v2\/categories?post=50696"},{"taxonomy":"post_tag","embeddable":true,"href":"https:\/\/www.europesays.com\/pt\/wp-json\/wp\/v2\/tags?post=50696"}],"curies":[{"name":"wp","href":"https:\/\/api.w.org\/{rel}","templated":true}]}}