{"id":506970,"date":"2026-08-31T21:56:14","date_gmt":"2026-08-31T21:56:14","guid":{"rendered":"https:\/\/www.europesays.com\/pt\/506970\/"},"modified":"2026-08-31T21:56:14","modified_gmt":"2026-08-31T21:56:14","slug":"quem-e-campanita-brasileira-expulsa-do-bbb-argentina-apos-confusao","status":"publish","type":"post","link":"https:\/\/www.europesays.com\/pt\/506970\/","title":{"rendered":"Quem \u00e9 Campanita, brasileira expulsa do \u2018BBB Argentina\u2019 ap\u00f3s confus\u00e3o"},"content":{"rendered":"<p data-component-name=\"paragraph\" class=\"styles__ParagraphStyled-sc-6adecn-0 geGWDE theme-default  \"><strong>Steffany Pereira<\/strong>, conhecida como <strong>Campanita<\/strong>, foi expulsa do Gran Hermano: Generaci\u00f3n Dorada, vers\u00e3o argentina do<strong> <\/strong><a href=\"https:\/\/www.estadao.com.br\/tudo-sobre\/big-brother-brasil\/\" target=\"_blank\" rel=\"nofollow noopener\" title=\"https:\/\/www.estadao.com.br\/tudo-sobre\/big-brother-brasil\/\"><strong>Big Brother<\/strong><\/a>, ap\u00f3s uma confus\u00e3o com a participante Danelik Galaz\u00e1n. A brasileira se recusou a deixar o confinamento depois da decis\u00e3o e precisou da interven\u00e7\u00e3o da equipe do programa.<\/p>\n<p data-component-name=\"paragraph\" class=\"styles__ParagraphStyled-sc-6adecn-0 geGWDE theme-default  \">Nascida em Foz do Igua\u00e7u, no Paran\u00e1, Steffany tem nacionalidade brasileira e paraguaia. Ela viveu no Brasil at\u00e9 os seis anos, passou parte da inf\u00e2ncia e da adolesc\u00eancia no Paraguai e depois retornou ao Pa\u00eds, onde estudou Publicidade e Propaganda.<\/p>\n<p>Leia tamb\u00e9m <\/p>\n<p data-component-name=\"paragraph\" class=\"styles__ParagraphStyled-sc-6adecn-0 geGWDE theme-default  \">Nas redes sociais, Campanita se define como \u201cbrasiguaia\u201d e diz ser filha de m\u00e3e brasileira e pai paraguaio. A influenciadora soma mais de 580 mil seguidores e ganhou destaque no reality pelo temperamento e pela forma de se comunicar, misturando portugu\u00eas, espanhol e guarani.<\/p>\n<p>Por que Campanita foi expulsa?<\/p>\n<p data-component-name=\"paragraph\" class=\"styles__ParagraphStyled-sc-6adecn-0 geGWDE theme-default  \">A confus\u00e3o come\u00e7ou na quarta-feira, 26, ap\u00f3s a maquiagem de Campanita desaparecer do quarto. Como retalia\u00e7\u00e3o, ela retirou do local fotos dos filhos de outras participantes, entre elas Jennifer \u201cPincoya\u201d Galvarini e Solange Abraham.<\/p>\n<p><img  loading=\"lazy\" class=\"lazy-load-img\"\/><\/p>\n<p>Stefanny Pereira foi expulsa do reality &#8216;Gran Hermano&#8217;\u00a0Foto:   Telefe\/Reprodu\u00e7\u00e3o<\/p>\n<p>O epis\u00f3dio provocou uma discuss\u00e3o generalizada, com gritos, ofensas e empurr\u00f5es. Campanita e Danelik Galaz\u00e1n foram expulsas pela produ\u00e7\u00e3o na noite seguinte.<\/p>\n<p data-component-name=\"paragraph\" class=\"styles__ParagraphStyled-sc-6adecn-0 geGWDE theme-default  \">Danelik deixou o programa ap\u00f3s tomar conhecimento da decis\u00e3o, mas Campanita se recusou a sair. \u201cEu acho horr\u00edvel. N\u00e3o vou sair de maneira nenhuma, porque acho horr\u00edvel, amado. Nunca na minha vida agredi ningu\u00e9m. Nunca fiz isso. Acho muito injusto\u201d, disse a brasileira no programa.<\/p>\n<p data-component-name=\"paragraph\" class=\"styles__ParagraphStyled-sc-6adecn-0 geGWDE theme-default  \">Campanita tamb\u00e9m foi ao confession\u00e1rio, onde chorou e voltou a contestar a expuls\u00e3o. Diante da resist\u00eancia, o apresentador Santiago del Moro avisou que uma equipe feminina de seguran\u00e7a poderia entrar na casa para retir\u00e1-la.<\/p>\n<p data-component-name=\"paragraph\" class=\"styles__ParagraphStyled-sc-6adecn-0 geGWDE theme-default  \">Uma agente entrou no confinamento e conversou com Campanita at\u00e9 que ela deixasse o programa. <\/p>\n","protected":false},"excerpt":{"rendered":"Steffany Pereira, conhecida como Campanita, foi expulsa do Gran Hermano: Generaci\u00f3n Dorada, vers\u00e3o argentina do Big Brother, ap\u00f3s&hellip;\n","protected":false},"author":2,"featured_media":506971,"comment_status":"","ping_status":"","sticky":false,"template":"","format":"standard","meta":{"footnotes":"","_share_on_mastodon":"0"},"categories":[142],"tags":[48,114,115,32,33,1711,151],"class_list":["post-506970","post","type-post","status-publish","format-standard","has-post-thumbnail","category-tv","tag-big-brother","tag-entertainment","tag-entretenimento","tag-portugal","tag-pt","tag-sample","tag-tv"],"share_on_mastodon":{"url":"https:\/\/pubeurope.com\/@pt\/117192359100402845","error":""},"_links":{"self":[{"href":"https:\/\/www.europesays.com\/pt\/wp-json\/wp\/v2\/posts\/506970","targetHints":{"allow":["GET"]}}],"collection":[{"href":"https:\/\/www.europesays.com\/pt\/wp-json\/wp\/v2\/posts"}],"about":[{"href":"https:\/\/www.europesays.com\/pt\/wp-json\/wp\/v2\/types\/post"}],"author":[{"embeddable":true,"href":"https:\/\/www.europesays.com\/pt\/wp-json\/wp\/v2\/users\/2"}],"replies":[{"embeddable":true,"href":"https:\/\/www.europesays.com\/pt\/wp-json\/wp\/v2\/comments?post=506970"}],"version-history":[{"count":0,"href":"https:\/\/www.europesays.com\/pt\/wp-json\/wp\/v2\/posts\/506970\/revisions"}],"wp:featuredmedia":[{"embeddable":true,"href":"https:\/\/www.europesays.com\/pt\/wp-json\/wp\/v2\/media\/506971"}],"wp:attachment":[{"href":"https:\/\/www.europesays.com\/pt\/wp-json\/wp\/v2\/media?parent=506970"}],"wp:term":[{"taxonomy":"category","embeddable":true,"href":"https:\/\/www.europesays.com\/pt\/wp-json\/wp\/v2\/categories?post=506970"},{"taxonomy":"post_tag","embeddable":true,"href":"https:\/\/www.europesays.com\/pt\/wp-json\/wp\/v2\/tags?post=506970"}],"curies":[{"name":"wp","href":"https:\/\/api.w.org\/{rel}","templated":true}]}}