{"id":50700,"date":"2025-08-29T21:06:08","date_gmt":"2025-08-29T21:06:08","guid":{"rendered":"https:\/\/www.europesays.com\/pt\/50700\/"},"modified":"2025-08-29T21:06:08","modified_gmt":"2025-08-29T21:06:08","slug":"pj-detem-suspeito-de-17-incendios-em-ponte-da-barca","status":"publish","type":"post","link":"https:\/\/www.europesays.com\/pt\/50700\/","title":{"rendered":"PJ det\u00e9m suspeito de 17 inc\u00eandios em Ponte da Barca"},"content":{"rendered":"<p class=\"category\"><a href=\"https:\/\/sicnoticias.pt\/especiais\/incendios-em-portugal\" rel=\"nofollow noopener\" target=\"_blank\">Inc\u00eandios em Portugal<\/a><\/p>\n<p>O\u00a0homem de 42 anos\u00a0conhecia &#8220;muito bem o terreno, dominando os pontos de entrada e fuga do mesmo&#8221;. Dessa forma, conseguia que &#8220;ningu\u00e9m o visse&#8221;. Os crimes aconteceram\u00a0ao longo de mais de um ano, entre 15 de junho de 2024 e 10 de julho de 2025, de forma &#8220;sistem\u00e1tica e em dias e hor\u00e1rios alternados&#8221;.<\/p>\n<p><img decoding=\"async\" src=\"https:\/\/www.europesays.com\/pt\/wp-content\/uploads\/2025\/08\/1756501568_620_original.webp\" alt=\"PJ det\u00e9m suspeito de 17 inc\u00eandios em Ponte da Barca\"\/><\/p>\n<p>rbkomar<\/p>\n<p><strong>Um homem foi detido pela Pol\u00edcia Judici\u00e1ria (PJ), esta quinta-feira, por ter provocado pelo menos 17 inc\u00eandios em Lavradas, concelho de Ponte da Barca.<\/strong><\/p>\n<p>O<strong> homem de 42 anos <\/strong>foi detido fora de flagrante delito e estava referenciado pelo consumo excessivo de \u00e1lcool.<\/p>\n<p>Os crimes aconteceram <strong>ao longo de mais de um ano<\/strong>, entre 15 de junho de 2024 e 10 de julho de 2025, de forma &#8220;sistem\u00e1tica e em dias e hor\u00e1rios alternados&#8221;, a maioria ao final da tarde, na freguesia de Lavradas.<\/p>\n<p>Em comunicado, a PJ explica que o homem, que era &#8220;residente na mesma zona&#8221;, <strong>conhecia &#8220;muito bem o terreno<\/strong>, dominando os pontos de entrada e fuga do mesmo&#8221;. Dessa forma, conseguia que &#8220;ningu\u00e9m o visse&#8221;.<\/p>\n<p>As \u00e1reas onde provocou as igni\u00e7\u00f5es t\u00eam &#8220;especiais condi\u00e7\u00f5es de propaga\u00e7\u00e3o a manchas florestais de grandes dimens\u00f5es&#8221;, com vegeta\u00e7\u00e3o arb\u00f3rea e acentuado declive pr\u00f3prio da regi\u00e3o.<\/p>\n<p>As igni\u00e7\u00f5es, que originaram v\u00e1rios inc\u00eandios, &#8220;colocaram em perigo toda uma extensa mancha florestal&#8221; e traduziram-se em &#8220;<strong>elevad\u00edssimo perigo<\/strong> concreto para as pessoas, para os seus bens patrimoniais e para o ambiente&#8221;. Os fogos foram &#8220;prontamente extintos&#8221;, acrescenta a PJ.<\/p>\n<p>O homem \u00e9 tamb\u00e9m <strong>suspeito de inc\u00eandios em 2023<\/strong>, na zona florestal na localidade de Bemposta, em Lavradas.<\/p>\n<p>Vai ser presente \u00e0s autoridades para primeiro interrogat\u00f3rio e aplica\u00e7\u00e3o de medidas de coa\u00e7\u00e3o.<\/p>\n<p>Esta opera\u00e7\u00e3o foi feita &#8220;em estreita colabora\u00e7\u00e3o com o Grupo de Trabalho para a Redu\u00e7\u00e3o de Igni\u00e7\u00f5es em Espa\u00e7o Rural \u2013 Litoral Norte (GNR, ICNF e PJ)&#8221;.<\/p>\n","protected":false},"excerpt":{"rendered":"Inc\u00eandios em Portugal O\u00a0homem de 42 anos\u00a0conhecia &#8220;muito bem o terreno, dominando os pontos de entrada e fuga&hellip;\n","protected":false},"author":2,"featured_media":50701,"comment_status":"","ping_status":"","sticky":false,"template":"","format":"standard","meta":{"footnotes":""},"categories":[10],"tags":[27,28,15,16,14,25,26,21,22,12,13,19,20,32,23,24,33,17,18,29,30,31],"class_list":{"0":"post-50700","1":"post","2":"type-post","3":"status-publish","4":"format-standard","5":"has-post-thumbnail","7":"category-portugal","8":"tag-breaking-news","9":"tag-breakingnews","10":"tag-featured-news","11":"tag-featurednews","12":"tag-headlines","13":"tag-latest-news","14":"tag-latestnews","15":"tag-main-news","16":"tag-mainnews","17":"tag-news","18":"tag-noticias","19":"tag-noticias-principais","20":"tag-noticiasprincipais","21":"tag-portugal","22":"tag-principais-noticias","23":"tag-principaisnoticias","24":"tag-pt","25":"tag-top-stories","26":"tag-topstories","27":"tag-ultimas","28":"tag-ultimas-noticias","29":"tag-ultimasnoticias"},"share_on_mastodon":{"url":"","error":""},"_links":{"self":[{"href":"https:\/\/www.europesays.com\/pt\/wp-json\/wp\/v2\/posts\/50700","targetHints":{"allow":["GET"]}}],"collection":[{"href":"https:\/\/www.europesays.com\/pt\/wp-json\/wp\/v2\/posts"}],"about":[{"href":"https:\/\/www.europesays.com\/pt\/wp-json\/wp\/v2\/types\/post"}],"author":[{"embeddable":true,"href":"https:\/\/www.europesays.com\/pt\/wp-json\/wp\/v2\/users\/2"}],"replies":[{"embeddable":true,"href":"https:\/\/www.europesays.com\/pt\/wp-json\/wp\/v2\/comments?post=50700"}],"version-history":[{"count":0,"href":"https:\/\/www.europesays.com\/pt\/wp-json\/wp\/v2\/posts\/50700\/revisions"}],"wp:featuredmedia":[{"embeddable":true,"href":"https:\/\/www.europesays.com\/pt\/wp-json\/wp\/v2\/media\/50701"}],"wp:attachment":[{"href":"https:\/\/www.europesays.com\/pt\/wp-json\/wp\/v2\/media?parent=50700"}],"wp:term":[{"taxonomy":"category","embeddable":true,"href":"https:\/\/www.europesays.com\/pt\/wp-json\/wp\/v2\/categories?post=50700"},{"taxonomy":"post_tag","embeddable":true,"href":"https:\/\/www.europesays.com\/pt\/wp-json\/wp\/v2\/tags?post=50700"}],"curies":[{"name":"wp","href":"https:\/\/api.w.org\/{rel}","templated":true}]}}