{"id":507096,"date":"2026-09-01T00:32:11","date_gmt":"2026-09-01T00:32:11","guid":{"rendered":"https:\/\/www.europesays.com\/pt\/507096\/"},"modified":"2026-09-01T00:32:11","modified_gmt":"2026-09-01T00:32:11","slug":"vacina-contra-dengue-protege-jovens-apos-1-dose-31-08-2026-equilibrio-e-saude","status":"publish","type":"post","link":"https:\/\/www.europesays.com\/pt\/507096\/","title":{"rendered":"Vacina contra dengue protege jovens ap\u00f3s 1 dose &#8211; 31\/08\/2026 &#8211; Equil\u00edbrio e Sa\u00fade"},"content":{"rendered":"<p>A vacina <a href=\"https:\/\/www1.folha.uol.com.br\/equilibrioesaude\/2026\/07\/estudo-aponta-maior-incidencia-de-reacao-alergica-a-vacina-qdenga-do-que-a-observada-nos-ensaios.shtml\" rel=\"nofollow noopener\" target=\"\">Qdenga<\/a>, do laborat\u00f3rio <a href=\"https:\/\/www1.folha.uol.com.br\/equilibrioesaude\/2025\/01\/takeda-planeja-estudo-para-avaliar-resposta-da-vacina-contra-a-dengue-em-idosos.shtml\" rel=\"nofollow noopener\" target=\"\">Takeda<\/a>, teve efetividade de 88% contra hospitaliza\u00e7\u00f5es pela doen\u00e7a entre adolescentes de 10 a 15 anos que receberam duas doses, segundo um estudo realizado durante as epidemias de 2024 e 2025 no <a href=\"https:\/\/www1.folha.uol.com.br\/folha-topicos\/sao-paulo-estado\/\" rel=\"nofollow noopener\" target=\"\">estado de S\u00e3o Paulo<\/a>.<\/p>\n<p>A pesquisa acompanhou o desempenho do imunizante na chamada fase 4 de testes, quando se avalia o uso de um rem\u00e9dio ou vacina durante seu per\u00edodo inicial de circula\u00e7\u00e3o. Nesse contexto, h\u00e1 uma amostra maior e, portanto, mais dados sobre poss\u00edveis efeitos colaterais, efetividade e dosagem.<\/p>\n<p>O estudo tamb\u00e9m encontrou prote\u00e7\u00e3o contra <a href=\"https:\/\/www1.folha.uol.com.br\/folha-topicos\/dengue\/\" rel=\"nofollow noopener\" target=\"_blank\">dengue<\/a> sintom\u00e1tica e <a href=\"https:\/\/www1.folha.uol.com.br\/colunas\/monicabergamo\/2025\/04\/internacoes-por-dengue-aumentam-em-89-dos-hospitais-privados-de-sp-diz-pesquisa.shtml\" rel=\"nofollow noopener\" target=\"\">hospitaliza\u00e7\u00f5es<\/a> tamb\u00e9m entre aqueles que haviam recebido apenas uma dose \u2014o que pode ser um indicativo, no futuro, de que apenas uma dose basta para promover a prote\u00e7\u00e3o.<\/p>\n<p>Foram analisados 166.390 testes de dengue realizados em adolescentes no per\u00edodo de 20 de fevereiro de 2024 a 31 de dezembro de 2025. Desses, 65.365 resultados s\u00e3o positivos e 101.025 negativos. Os pesquisadores relacionaram os resultados dos exames aos registros de <a href=\"https:\/\/www1.folha.uol.com.br\/folha-topicos\/vacinacao\/\" rel=\"nofollow noopener\" target=\"_blank\">vacina\u00e7\u00e3o<\/a> e utilizaram o desenho caso-controle test-negativo, m\u00e9todo empregado para estimar a efetividade de vacinas em condi\u00e7\u00f5es de vida real.<\/p>\n<p>Entre os adolescentes que receberam duas doses, a efetividade estimada contra dengue sintom\u00e1tica confirmada por teste de ant\u00edgeno foi de 73,1%. Contra hospitaliza\u00e7\u00e3o, chegou a 87,9%. Com uma dose, as estimativas foram de 59,2% contra a doen\u00e7a sintom\u00e1tica e 74,6% contra hospitaliza\u00e7\u00e3o.<\/p>\n<p>Uma an\u00e1lise anterior do mesmo grupo havia levantado a possibilidade de que a prote\u00e7\u00e3o da primeira aplica\u00e7\u00e3o come\u00e7asse a diminuir ap\u00f3s cerca de 90 dias. Com um per\u00edodo maior de acompanhamento, por\u00e9m, os pesquisadores n\u00e3o encontraram evid\u00eancias dessa redu\u00e7\u00e3o.<\/p>\n<p>Entre 270 e 364 dias ap\u00f3s a primeira dose, a efetividade contra dengue sintom\u00e1tica foi estimada em 74%. A partir de 365 dias, chegou a 77%. A prote\u00e7\u00e3o contra hospitaliza\u00e7\u00e3o tamb\u00e9m permaneceu durante o per\u00edodo analisado.<\/p>\n<p>Segundo o pesquisador Julio Croda, um dos autores do estudo, os resultados mostram como an\u00e1lises realizadas ap\u00f3s o registro de uma vacina podem acrescentar informa\u00e7\u00f5es que n\u00e3o s\u00e3o obtidas nos ensaios cl\u00ednicos usados para sua aprova\u00e7\u00e3o.<\/p>\n<p>&#8220;Na fase tr\u00eas, n\u00f3s temos um grupo muito menor de pessoas. Portanto, ainda que se constate a efic\u00e1cia contra a doen\u00e7a sintom\u00e1tica, n\u00e3o \u00e9 poss\u00edvel precisar hospitaliza\u00e7\u00e3o, efeitos adversos raros e at\u00e9 mesmo benef\u00edcios menos percept\u00edveis na amostra&#8221;, afirma.<\/p>\n<p>Os <a href=\"https:\/\/www1.folha.uol.com.br\/blogs\/ciencia-fundamental\/2022\/12\/os-prejuizos-de-excluir-mulheres-de-ensaios-clinicos.shtml\" rel=\"nofollow noopener\" target=\"\">ensaios cl\u00ednicos<\/a> realizados antes do registro da Qdenga envolveram cerca de 20 mil pessoas, enquanto a nova an\u00e1lise utilizou dados de mais de 166 mil testes de dengue. O n\u00famero maior de participantes aumenta a precis\u00e3o das estimativas e permite observar eventos menos frequentes.<\/p>\n<p>H\u00e1 tamb\u00e9m diferen\u00e7as nas condi\u00e7\u00f5es epidemiol\u00f3gicas entre os estudos. No ensaio cl\u00ednico da Qdenga, cerca de 70% dos participantes tinham sorologia positiva para dengue. No estudo realizado em S\u00e3o Paulo, a maior parte dos adolescentes era soronegativa, segundo o pesquisador.<\/p>\n<p>A pesquisa tamb\u00e9m acompanhou uma mudan\u00e7a na circula\u00e7\u00e3o dos sorotipos da dengue no estado. Em 2024, predominavam os sorotipos 1 e 2. Em 2025, houve aumento da circula\u00e7\u00e3o do sorotipo 3, que estava h\u00e1 mais de uma d\u00e9cada com pouca presen\u00e7a em S\u00e3o Paulo.<\/p>\n<p>Mesmo com a mudan\u00e7a no cen\u00e1rio epidemiol\u00f3gico, a efetividade geral da vacina n\u00e3o apresentou queda. O resultado, por\u00e9m, n\u00e3o permite afirmar qual foi a prote\u00e7\u00e3o especificamente contra o sorotipo 3. A informa\u00e7\u00e3o sobre o sorotipo respons\u00e1vel pela infec\u00e7\u00e3o estava dispon\u00edvel para apenas uma pequena parcela dos casos.<\/p>\n<p>    Cuide-se<\/p>\n<p class=\"c-newsletter__subtitle\">Ci\u00eancia, h\u00e1bitos e preven\u00e7\u00e3o numa newsletter para a sua sa\u00fade e bem-estar<\/p>\n<p>Segundo Croda, novos estudos s\u00e3o necess\u00e1rios para avaliar o desempenho da vacina especificamente diante da circula\u00e7\u00e3o do sorotipo 3 e acompanhar a prote\u00e7\u00e3o por per\u00edodos mais longos.<\/p>\n<p>Duas doses continuam sendo recomendadas<\/p>\n<p>Apesar da prote\u00e7\u00e3o observada ap\u00f3s uma aplica\u00e7\u00e3o, os pesquisadores n\u00e3o recomendam que o resultado seja interpretado como evid\u00eancia de que uma dose seja suficiente para substituir o esquema atual.<\/p>\n<p>O estudo n\u00e3o foi desenhado para comparar diretamente estrat\u00e9gias de uma e duas doses, e a segunda aplica\u00e7\u00e3o produziu estimativas superiores de prote\u00e7\u00e3o, principalmente contra hospitaliza\u00e7\u00f5es. Por isso, o esquema completo continua sendo o recomendado.<\/p>\n<p>O resultado com uma dose, por\u00e9m, abre uma possibilidade de investiga\u00e7\u00e3o para futuras estrat\u00e9gias de vacina\u00e7\u00e3o. Caso estudos com acompanhamento mais longo confirmem a manuten\u00e7\u00e3o da prote\u00e7\u00e3o, os dados poder\u00e3o ser considerados em discuss\u00f5es sobre o uso do imunizante em diferentes cen\u00e1rios, inclusive em situa\u00e7\u00f5es de escassez de vacinas.<\/p>\n<p>&#8220;At\u00e9 um ano de acompanhamento, uma dose continua sendo protetora. Com mais um ou dois anos de acompanhamento, a OMS (Organiza\u00e7\u00e3o Mundial da <a href=\"https:\/\/www1.folha.uol.com.br\/folha-topicos\/saude\/\" rel=\"nofollow noopener\" target=\"_blank\">Sa\u00fade<\/a>), a <a href=\"https:\/\/www1.folha.uol.com.br\/equilibrioesaude\/2026\/04\/alta-de-casos-de-sarampo-faz-opas-convocar-paises-para-reforcar-vacinacao.shtml\" rel=\"nofollow noopener\" target=\"\">OPAS<\/a> (Organiza\u00e7\u00e3o Pan-Americana de Sa\u00fade) e o <a href=\"https:\/\/www1.folha.uol.com.br\/folha-topicos\/ministerio-da-saude\/\" rel=\"nofollow noopener\" target=\"_blank\">Minist\u00e9rio da sa\u00fade<\/a> podem avaliar uma eventual recomenda\u00e7\u00e3o de uma dose para a popula\u00e7\u00e3o&#8221;, disse o pesquisador.<\/p>\n<p>A Qdenga \u00e9 uma vacina tetravalente de v\u00edrus vivos atenuados contra os quatro sorotipos do v\u00edrus da dengue. No Brasil, a vacina\u00e7\u00e3o come\u00e7ou em 2024, durante uma epidemia da doen\u00e7a, inicialmente com prioridade para crian\u00e7as e adolescentes e munic\u00edpios com maior incid\u00eancia. Em S\u00e3o Paulo, a campanha come\u00e7ou em fevereiro daquele ano, com duas doses administradas com intervalo de tr\u00eas meses.<\/p>\n<p>O estudo levou em considera\u00e7\u00e3o fatores que poderiam interferir nos resultados, como idade, sexo, ra\u00e7a ou cor autodeclarada, presen\u00e7a de doen\u00e7as cr\u00f4nicas, munic\u00edpio de resid\u00eancia e per\u00edodo da epidemia. Segundo os autores, an\u00e1lises de sensibilidade produziram resultados semelhantes aos da an\u00e1lise principal.<\/p>\n<p>Entre as limita\u00e7\u00f5es est\u00e1 a falta de informa\u00e7\u00e3o suficiente sobre os sorotipos respons\u00e1veis pela maioria das infec\u00e7\u00f5es, o que impede estimar separadamente a efetividade. Os pesquisadores tamb\u00e9m apontam a necessidade de acompanhamento mais longo para determinar por quanto tempo a prote\u00e7\u00e3o se mant\u00e9m ap\u00f3s a vacina\u00e7\u00e3o.<\/p>\n<p>O trabalho foi coordenado por pesquisadores da Universidade Federal de Mato Grosso do Sul (UFMS) e da Funda\u00e7\u00e3o Oswaldo Cruz (Fiocruz), com participa\u00e7\u00e3o de cientistas da Secretaria de Estado da Sa\u00fade de S\u00e3o Paulo e de universidades dos Estados Unidos e da Espanha. O estudo recebeu financiamento do CNPq (Conselho Nacional de Desenvolvimento Cient\u00edfico e Tecnol\u00f3gico).<\/p>\n","protected":false},"excerpt":{"rendered":"A vacina Qdenga, do laborat\u00f3rio Takeda, teve efetividade de 88% contra hospitaliza\u00e7\u00f5es pela doen\u00e7a entre adolescentes de 10&hellip;\n","protected":false},"author":2,"featured_media":507097,"comment_status":"","ping_status":"","sticky":false,"template":"","format":"standard","meta":{"footnotes":"","_share_on_mastodon":"0"},"categories":[86],"tags":[1896,1891,236,116,11291,1208,1703,32,33,11687,117,1333,2820],"class_list":["post-507096","post","type-post","status-publish","format-standard","has-post-thumbnail","category-saude","tag-aedes-aegypti","tag-dengue","tag-folha","tag-health","tag-imunobiologicos","tag-medicina","tag-ministerio-da-saude","tag-portugal","tag-pt","tag-qdenga","tag-saude","tag-vacina","tag-vacinacao"],"share_on_mastodon":{"url":"https:\/\/pubeurope.com\/@pt\/117192972466622378","error":""},"_links":{"self":[{"href":"https:\/\/www.europesays.com\/pt\/wp-json\/wp\/v2\/posts\/507096","targetHints":{"allow":["GET"]}}],"collection":[{"href":"https:\/\/www.europesays.com\/pt\/wp-json\/wp\/v2\/posts"}],"about":[{"href":"https:\/\/www.europesays.com\/pt\/wp-json\/wp\/v2\/types\/post"}],"author":[{"embeddable":true,"href":"https:\/\/www.europesays.com\/pt\/wp-json\/wp\/v2\/users\/2"}],"replies":[{"embeddable":true,"href":"https:\/\/www.europesays.com\/pt\/wp-json\/wp\/v2\/comments?post=507096"}],"version-history":[{"count":0,"href":"https:\/\/www.europesays.com\/pt\/wp-json\/wp\/v2\/posts\/507096\/revisions"}],"wp:featuredmedia":[{"embeddable":true,"href":"https:\/\/www.europesays.com\/pt\/wp-json\/wp\/v2\/media\/507097"}],"wp:attachment":[{"href":"https:\/\/www.europesays.com\/pt\/wp-json\/wp\/v2\/media?parent=507096"}],"wp:term":[{"taxonomy":"category","embeddable":true,"href":"https:\/\/www.europesays.com\/pt\/wp-json\/wp\/v2\/categories?post=507096"},{"taxonomy":"post_tag","embeddable":true,"href":"https:\/\/www.europesays.com\/pt\/wp-json\/wp\/v2\/tags?post=507096"}],"curies":[{"name":"wp","href":"https:\/\/api.w.org\/{rel}","templated":true}]}}