{"id":507106,"date":"2026-09-01T00:51:22","date_gmt":"2026-09-01T00:51:22","guid":{"rendered":"https:\/\/www.europesays.com\/pt\/507106\/"},"modified":"2026-09-01T00:51:22","modified_gmt":"2026-09-01T00:51:22","slug":"manuel-luis-goucha-lamenta-morte-promoveu-a-uniao-entre-todos-para-um-bem-comum","status":"publish","type":"post","link":"https:\/\/www.europesays.com\/pt\/507106\/","title":{"rendered":"Manuel Lu\u00eds Goucha lamenta morte: &#8220;Promoveu a uni\u00e3o entre todos para um bem comum&#8221;"},"content":{"rendered":"<p>Manuel Lu\u00eds Goucha decidiu homenagear, publicamente, <a target=\"_blank\" rel=\"noopener noreferrer nofollow\" href=\"https:\/\/selfie.iol.pt\/famosos\/realeza\/morreu-o-rei-harald-v-saiba-quem-vai-assumir-o-trono-e-quem-sera-a-futura-rainha-da-noruega\/20260828\/6a91b913d34ed0733ba824e0\">o rei Harald V, que morreu na passada sexta-feira, dia 28, aos 89 anos<\/a>.<\/p>\n<p>&#8220;Harald V foi um rei amado e por isso agora chorado pelo seu povo. Promoveu a uni\u00e3o entre todos para um bem comum: o do seu pa\u00eds. S\u00e3o inspiradoras as suas palavras: &#8216;A Noruega s\u00e3o todos. Meninas que amam meninas, meninos que amam meninos, meninas e meninos que se amam entre si. A Noruega s\u00e3o os que acreditam em Deus, os que acreditam em Al\u00e1, os que acreditam em tudo, os que n\u00e3o acreditam em coisa alguma'&#8221;, come\u00e7ou por escrever o apresentador, nas redes sociais.<\/p>\n<p>&#8220;Saber eu que por c\u00e1 h\u00e1 uns quantos que querem &#8216;reinar&#8217; apostando na desuni\u00e3o e acicatando \u00f3dios&#8221;, lamentou Manuel Lu\u00eds Goucha.<\/p>\n","protected":false},"excerpt":{"rendered":"Manuel Lu\u00eds Goucha decidiu homenagear, publicamente, o rei Harald V, que morreu na passada sexta-feira, dia 28, aos&hellip;\n","protected":false},"author":2,"featured_media":507107,"comment_status":"","ping_status":"","sticky":false,"template":"","format":"standard","meta":{"footnotes":"","_share_on_mastodon":"0"},"categories":[50],"tags":[6973,27,28,980,15,16,81240,14,1015,25,26,21,22,3416,62,619,12,13,19,20,23,24,548,12377,1012,17,18,162,29,30,31,63,64,65],"class_list":["post-507106","post","type-post","status-publish","format-standard","has-post-thumbnail","category-mundo","tag-apresentador","tag-breaking-news","tag-breakingnews","tag-famosos","tag-featured-news","tag-featurednews","tag-harald-da-noruega","tag-headlines","tag-instagram","tag-latest-news","tag-latestnews","tag-main-news","tag-mainnews","tag-manuel-luis-goucha","tag-mundo","tag-nacional","tag-news","tag-noticias","tag-noticias-principais","tag-noticiasprincipais","tag-principais-noticias","tag-principaisnoticias","tag-redes-sociais","tag-rei","tag-selfie","tag-top-stories","tag-topstories","tag-tvi","tag-ultimas","tag-ultimas-noticias","tag-ultimasnoticias","tag-world","tag-world-news","tag-worldnews"],"share_on_mastodon":{"url":"","error":"Validation failed: Text character limit of 500 exceeded"},"_links":{"self":[{"href":"https:\/\/www.europesays.com\/pt\/wp-json\/wp\/v2\/posts\/507106","targetHints":{"allow":["GET"]}}],"collection":[{"href":"https:\/\/www.europesays.com\/pt\/wp-json\/wp\/v2\/posts"}],"about":[{"href":"https:\/\/www.europesays.com\/pt\/wp-json\/wp\/v2\/types\/post"}],"author":[{"embeddable":true,"href":"https:\/\/www.europesays.com\/pt\/wp-json\/wp\/v2\/users\/2"}],"replies":[{"embeddable":true,"href":"https:\/\/www.europesays.com\/pt\/wp-json\/wp\/v2\/comments?post=507106"}],"version-history":[{"count":0,"href":"https:\/\/www.europesays.com\/pt\/wp-json\/wp\/v2\/posts\/507106\/revisions"}],"wp:featuredmedia":[{"embeddable":true,"href":"https:\/\/www.europesays.com\/pt\/wp-json\/wp\/v2\/media\/507107"}],"wp:attachment":[{"href":"https:\/\/www.europesays.com\/pt\/wp-json\/wp\/v2\/media?parent=507106"}],"wp:term":[{"taxonomy":"category","embeddable":true,"href":"https:\/\/www.europesays.com\/pt\/wp-json\/wp\/v2\/categories?post=507106"},{"taxonomy":"post_tag","embeddable":true,"href":"https:\/\/www.europesays.com\/pt\/wp-json\/wp\/v2\/tags?post=507106"}],"curies":[{"name":"wp","href":"https:\/\/api.w.org\/{rel}","templated":true}]}}