{"id":50718,"date":"2025-08-29T21:25:16","date_gmt":"2025-08-29T21:25:16","guid":{"rendered":"https:\/\/www.europesays.com\/pt\/50718\/"},"modified":"2025-08-29T21:25:16","modified_gmt":"2025-08-29T21:25:16","slug":"viena-ja-nao-e-a-melhor-cidade-para-se-viver-e-lisboa-tambem-desceu-no-ranking-de-2025-human-resources","status":"publish","type":"post","link":"https:\/\/www.europesays.com\/pt\/50718\/","title":{"rendered":"Viena j\u00e1 n\u00e3o \u00e9 a melhor cidade para se viver. E Lisboa tamb\u00e9m desceu no ranking de 2025 \u2013 Human Resources"},"content":{"rendered":"\n<p>Viena j\u00e1 n\u00e3o \u00e9 a melhor cidade para se viver. E Lisboa tamb\u00e9m desceu no ranking de 2025 \u2013 Human Resources<\/p>\n<ul class=\"bf-breadcrumb-items\" itemscope=\"\" itemtype=\"http:\/\/schema.org\/BreadcrumbList\">\n<li itemprop=\"itemListElement\" itemscope=\"\" itemtype=\"http:\/\/schema.org\/ListItem\" class=\"bf-breadcrumb-item bf-breadcrumb-begin\"><a itemprop=\"item\" href=\"https:\/\/hrportugal.sapo.pt\" rel=\"home nofollow noopener\" target=\"_blank\">Home<\/a><\/li>\n<li itemprop=\"itemListElement\" itemscope=\"\" itemtype=\"http:\/\/schema.org\/ListItem\" class=\"bf-breadcrumb-item\"><a itemprop=\"item\" href=\"https:\/\/hrportugal.sapo.pt\/categoria\/noticias\/\" rel=\"nofollow noopener\" target=\"_blank\">Not\u00edcias<\/a><\/li>\n<li itemprop=\"itemListElement\" itemscope=\"\" itemtype=\"http:\/\/schema.org\/ListItem\" class=\"bf-breadcrumb-item\"><a itemprop=\"item\" href=\"https:\/\/hrportugal.sapo.pt\/categoria\/noticias\/estudos\/\" rel=\"nofollow noopener\" target=\"_blank\">Estudos<\/a><\/li>\n<li itemprop=\"itemListElement\" itemscope=\"\" itemtype=\"http:\/\/schema.org\/ListItem\" class=\"bf-breadcrumb-item bf-breadcrumb-end\">Viena j\u00e1 n\u00e3o \u00e9 a melhor cidade para se viver. E Lisboa tamb\u00e9m desceu no ranking de 2025<\/li>\n<\/ul>\n","protected":false},"excerpt":{"rendered":"Viena j\u00e1 n\u00e3o \u00e9 a melhor cidade para se viver. E Lisboa tamb\u00e9m desceu no ranking de 2025&hellip;\n","protected":false},"author":2,"featured_media":50719,"comment_status":"","ping_status":"","sticky":false,"template":"","format":"standard","meta":{"footnotes":""},"categories":[50],"tags":[14839,27,28,14840,15,16,14841,14,82,25,26,21,22,62,12,13,19,20,23,24,17,18,29,30,31,8565,63,64,65],"class_list":{"0":"post-50718","1":"post","2":"type-post","3":"status-publish","4":"format-standard","5":"has-post-thumbnail","7":"category-mundo","8":"tag-as-melhores-cidades","9":"tag-breaking-news","10":"tag-breakingnews","11":"tag-copenhaga","12":"tag-featured-news","13":"tag-featurednews","14":"tag-global-liveability-index","15":"tag-headlines","16":"tag-internacional","17":"tag-latest-news","18":"tag-latestnews","19":"tag-main-news","20":"tag-mainnews","21":"tag-mundo","22":"tag-news","23":"tag-noticias","24":"tag-noticias-principais","25":"tag-noticiasprincipais","26":"tag-principais-noticias","27":"tag-principaisnoticias","28":"tag-top-stories","29":"tag-topstories","30":"tag-ultimas","31":"tag-ultimas-noticias","32":"tag-ultimasnoticias","33":"tag-viena","34":"tag-world","35":"tag-world-news","36":"tag-worldnews"},"share_on_mastodon":{"url":"","error":""},"_links":{"self":[{"href":"https:\/\/www.europesays.com\/pt\/wp-json\/wp\/v2\/posts\/50718","targetHints":{"allow":["GET"]}}],"collection":[{"href":"https:\/\/www.europesays.com\/pt\/wp-json\/wp\/v2\/posts"}],"about":[{"href":"https:\/\/www.europesays.com\/pt\/wp-json\/wp\/v2\/types\/post"}],"author":[{"embeddable":true,"href":"https:\/\/www.europesays.com\/pt\/wp-json\/wp\/v2\/users\/2"}],"replies":[{"embeddable":true,"href":"https:\/\/www.europesays.com\/pt\/wp-json\/wp\/v2\/comments?post=50718"}],"version-history":[{"count":0,"href":"https:\/\/www.europesays.com\/pt\/wp-json\/wp\/v2\/posts\/50718\/revisions"}],"wp:featuredmedia":[{"embeddable":true,"href":"https:\/\/www.europesays.com\/pt\/wp-json\/wp\/v2\/media\/50719"}],"wp:attachment":[{"href":"https:\/\/www.europesays.com\/pt\/wp-json\/wp\/v2\/media?parent=50718"}],"wp:term":[{"taxonomy":"category","embeddable":true,"href":"https:\/\/www.europesays.com\/pt\/wp-json\/wp\/v2\/categories?post=50718"},{"taxonomy":"post_tag","embeddable":true,"href":"https:\/\/www.europesays.com\/pt\/wp-json\/wp\/v2\/tags?post=50718"}],"curies":[{"name":"wp","href":"https:\/\/api.w.org\/{rel}","templated":true}]}}