{"id":50720,"date":"2025-08-29T21:26:21","date_gmt":"2025-08-29T21:26:21","guid":{"rendered":"https:\/\/www.europesays.com\/pt\/50720\/"},"modified":"2025-08-29T21:26:21","modified_gmt":"2025-08-29T21:26:21","slug":"circulacao-ferroviaria-retomada-na-linha-de-cascais-apos-atropelamento-mortal-lisboa","status":"publish","type":"post","link":"https:\/\/www.europesays.com\/pt\/50720\/","title":{"rendered":"Circula\u00e7\u00e3o ferrovi\u00e1ria retomada na Linha de Cascais ap\u00f3s atropelamento mortal | Lisboa"},"content":{"rendered":"<p>A circula\u00e7\u00e3o na Linha de Cascais foi retomada \u00e0s 11h30 desta sexta-feira, ap\u00f3s ter estado suspensa entre as esta\u00e7\u00f5es do Cais do Sodr\u00e9 e Alg\u00e9s nos dois sentidos devido a um atropelamento mortal, disse \u00e0 ag\u00eancia Lusa fonte da CP.<\/p>\n<p>Um homem morreu esta sexta-feira de manh\u00e3 na sequ\u00eancia de um atropelamento ferrovi\u00e1rio na passagem de n\u00edvel da Rocha do Conde de \u00d3bidos.<\/p>\n<p>Contactada pela Lusa, fonte do Regimento de Sapadores Bombeiros de Lisboa disse que o alerta para o atropelamento ferrovi\u00e1rio na passagem de n\u00edvel da Rocha do Conde de \u00d3bidos foi dado cerca das 8h30.<\/p>\n<p>No local, estiveram 32 operacionais, com o apoio de 11 ve\u00edculos.<\/p>\n","protected":false},"excerpt":{"rendered":"A circula\u00e7\u00e3o na Linha de Cascais foi retomada \u00e0s 11h30 desta sexta-feira, ap\u00f3s ter estado suspensa entre as&hellip;\n","protected":false},"author":2,"featured_media":50721,"comment_status":"","ping_status":"","sticky":false,"template":"","format":"standard","meta":{"footnotes":""},"categories":[10],"tags":[27,28,14842,4644,13858,14671,15,16,14,25,26,797,352,21,22,12,13,19,20,32,23,24,33,17,18,2588,29,30,31],"class_list":{"0":"post-50720","1":"post","2":"type-post","3":"status-publish","4":"format-standard","5":"has-post-thumbnail","7":"category-portugal","8":"tag-breaking-news","9":"tag-breakingnews","10":"tag-cais-do-sodre","11":"tag-cascais","12":"tag-comboios","13":"tag-cp","14":"tag-featured-news","15":"tag-featurednews","16":"tag-headlines","17":"tag-latest-news","18":"tag-latestnews","19":"tag-lisboa","20":"tag-local","21":"tag-main-news","22":"tag-mainnews","23":"tag-news","24":"tag-noticias","25":"tag-noticias-principais","26":"tag-noticiasprincipais","27":"tag-portugal","28":"tag-principais-noticias","29":"tag-principaisnoticias","30":"tag-pt","31":"tag-top-stories","32":"tag-topstories","33":"tag-transportes","34":"tag-ultimas","35":"tag-ultimas-noticias","36":"tag-ultimasnoticias"},"share_on_mastodon":{"url":"","error":""},"_links":{"self":[{"href":"https:\/\/www.europesays.com\/pt\/wp-json\/wp\/v2\/posts\/50720","targetHints":{"allow":["GET"]}}],"collection":[{"href":"https:\/\/www.europesays.com\/pt\/wp-json\/wp\/v2\/posts"}],"about":[{"href":"https:\/\/www.europesays.com\/pt\/wp-json\/wp\/v2\/types\/post"}],"author":[{"embeddable":true,"href":"https:\/\/www.europesays.com\/pt\/wp-json\/wp\/v2\/users\/2"}],"replies":[{"embeddable":true,"href":"https:\/\/www.europesays.com\/pt\/wp-json\/wp\/v2\/comments?post=50720"}],"version-history":[{"count":0,"href":"https:\/\/www.europesays.com\/pt\/wp-json\/wp\/v2\/posts\/50720\/revisions"}],"wp:featuredmedia":[{"embeddable":true,"href":"https:\/\/www.europesays.com\/pt\/wp-json\/wp\/v2\/media\/50721"}],"wp:attachment":[{"href":"https:\/\/www.europesays.com\/pt\/wp-json\/wp\/v2\/media?parent=50720"}],"wp:term":[{"taxonomy":"category","embeddable":true,"href":"https:\/\/www.europesays.com\/pt\/wp-json\/wp\/v2\/categories?post=50720"},{"taxonomy":"post_tag","embeddable":true,"href":"https:\/\/www.europesays.com\/pt\/wp-json\/wp\/v2\/tags?post=50720"}],"curies":[{"name":"wp","href":"https:\/\/api.w.org\/{rel}","templated":true}]}}