{"id":507208,"date":"2026-09-01T04:32:10","date_gmt":"2026-09-01T04:32:10","guid":{"rendered":"https:\/\/www.europesays.com\/pt\/507208\/"},"modified":"2026-09-01T04:32:10","modified_gmt":"2026-09-01T04:32:10","slug":"leticia-sabatella-e-daniel-dantas-reencontram-cachorro-31-08-2026-celebridades","status":"publish","type":"post","link":"https:\/\/www.europesays.com\/pt\/507208\/","title":{"rendered":"Let\u00edcia Sabatella e Daniel Dantas reencontram cachorro &#8211; 31\/08\/2026 &#8211; Celebridades"},"content":{"rendered":"<p>\n<strong class=\"c-signature__location\">Rio de Janeiro<\/strong>\n<\/p>\n<p><a href=\"https:\/\/f5.folha.uol.com.br\/celebridades\/2024\/05\/leticia-sabatella-diz-que-tinha-vergonha-do-seu-corpo-fui-assediada-muito-cedo.shtml\" rel=\"nofollow noopener\" target=\"\">Let\u00edcia Sabatella <\/a>e <a href=\"https:\/\/f5.folha.uol.com.br\/colunistas\/outro-canal\/2026\/02\/ator-da-globo-por-30-anos-daniel-dantas-assina-com-a-record-e-fara-serie-ben-hur.shtml\" rel=\"nofollow noopener\" target=\"\">Daniel Dantas<\/a> comemoraram<a href=\"https:\/\/f5.folha.uol.com.br\/bichos\/2026\/08\/leticia-sabatella-reencontra-cao-apos-decisao-da-justica-do-rio.shtml\" rel=\"nofollow noopener\" target=\"\"> o retorno de Bertoldo<\/a>, que passou mais de um ano longe dos atores. O cachorro voltou para a<a href=\"https:\/\/f5.folha.uol.com.br\/celebridades\/2026\/01\/leticia-sabatella-relembra-inicio-da-relacao-com-daniel-dantas-no-e-de-casa.shtml\" rel=\"nofollow noopener\" target=\"\"> casa da fam\u00edlia <\/a>na \u00faltima quarta-feira (26). &#8220;Todo aquele abismo de dor agora est\u00e1 sendo preenchido de paz. Um sofrimento que a gente n\u00e3o precisava ter passado&#8221;, afirmou a atriz, que falou pela primeira vez sobre a pol\u00eamica envolvendo os dois c\u00e3es do casal.<\/p>\n","protected":false},"excerpt":{"rendered":"Rio de Janeiro Let\u00edcia Sabatella e Daniel Dantas comemoraram o retorno de Bertoldo, que passou mais de um&hellip;\n","protected":false},"author":2,"featured_media":507209,"comment_status":"","ping_status":"","sticky":false,"template":"","format":"standard","meta":{"footnotes":"","_share_on_mastodon":"0"},"categories":[145],"tags":[219,211,210,223,114,115,224,225,226,221,220,222,15168,2931,32,33,1588,218,228,227],"class_list":["post-507208","post","type-post","status-publish","format-standard","has-post-thumbnail","category-celebridades","tag-bichos","tag-celebridades","tag-celebrities","tag-colunistas","tag-entertainment","tag-entretenimento","tag-estranho","tag-eu-amo","tag-fofices","tag-horoscopo","tag-humanos","tag-humor","tag-leticia-sabatella","tag-novela","tag-portugal","tag-pt","tag-sries","tag-televisao","tag-tudo","tag-videos"],"share_on_mastodon":{"url":"https:\/\/pubeurope.com\/@pt\/117193916247961820","error":""},"_links":{"self":[{"href":"https:\/\/www.europesays.com\/pt\/wp-json\/wp\/v2\/posts\/507208","targetHints":{"allow":["GET"]}}],"collection":[{"href":"https:\/\/www.europesays.com\/pt\/wp-json\/wp\/v2\/posts"}],"about":[{"href":"https:\/\/www.europesays.com\/pt\/wp-json\/wp\/v2\/types\/post"}],"author":[{"embeddable":true,"href":"https:\/\/www.europesays.com\/pt\/wp-json\/wp\/v2\/users\/2"}],"replies":[{"embeddable":true,"href":"https:\/\/www.europesays.com\/pt\/wp-json\/wp\/v2\/comments?post=507208"}],"version-history":[{"count":0,"href":"https:\/\/www.europesays.com\/pt\/wp-json\/wp\/v2\/posts\/507208\/revisions"}],"wp:featuredmedia":[{"embeddable":true,"href":"https:\/\/www.europesays.com\/pt\/wp-json\/wp\/v2\/media\/507209"}],"wp:attachment":[{"href":"https:\/\/www.europesays.com\/pt\/wp-json\/wp\/v2\/media?parent=507208"}],"wp:term":[{"taxonomy":"category","embeddable":true,"href":"https:\/\/www.europesays.com\/pt\/wp-json\/wp\/v2\/categories?post=507208"},{"taxonomy":"post_tag","embeddable":true,"href":"https:\/\/www.europesays.com\/pt\/wp-json\/wp\/v2\/tags?post=507208"}],"curies":[{"name":"wp","href":"https:\/\/api.w.org\/{rel}","templated":true}]}}