{"id":507238,"date":"2026-09-01T06:52:10","date_gmt":"2026-09-01T06:52:10","guid":{"rendered":"https:\/\/www.europesays.com\/pt\/507238\/"},"modified":"2026-09-01T06:52:10","modified_gmt":"2026-09-01T06:52:10","slug":"jogos-em-direto-benfica-vs-estoril-record","status":"publish","type":"post","link":"https:\/\/www.europesays.com\/pt\/507238\/","title":{"rendered":"Jogos em Direto &#8211; Benfica vs Estoril &#8211; Record"},"content":{"rendered":"<ol>\n<li><a href=\"https:\/\/news.google.com\/rss\/articles\/CBMigwFBVV95cUxPdkV0YkpSbjlMa3Y0bUk3bTZFQ3dQUEpPT0p2VmRBVHpBZXVlMXVORU5BYmFBMmE1cjBtazVOcVlRaGFUdVVHWlREeDBtVXNJQjdYQ2ZGT3I1SDZzNkMxOXVpaXNpVHBDekdxc3RfUW9ncGhsNzdiazlhMHJ6TXhZV0NDaw?oc=5\" target=\"_blank\" rel=\"nofollow noopener\">Jogos em Direto &#8211; Benfica vs Estoril<\/a>&nbsp;&nbsp;Record<\/li>\n<li><a href=\"https:\/\/news.google.com\/rss\/articles\/CBMirwFBVV95cUxPcEc5c0pNeWVpNUYyd2pBbEwyZHY3WjB0b1M1NmVURDlQeFFUemNaYUFhQWVvUnBLRTdpV1I2TElINXhqM1ZkMlRVN0RDM2VRMlZlWVljc2VVN3Q5MzVGZEpTRFczc1QxMFJTWWEwTGlUYjZwaEdVdC1xX3dHSnNDd1llbFlCdkl6XzVTTmhMcU9HMzNMMHczOVFkdXZvNFZTbEdrNDRGRnh6eWp4MDlv0gG0AUFVX3lxTE4yVFB3aG9Oc09KejNWWmVoeEdqYWltTnZvY2d1LVZLaUJ3eFlmUC1tWDkwY0E0QXY2NjdWaU1aN29qRy0xTFRQckdvRGNTb2pvZENLUTZBS0l1UktubFhBbXU1VkNsWm5obkxUdHZ0bHpLNGw5SC1tNHRreEdHY3dIMWJPS1NIMEJYM2J3TTVKdndXVU1EemEwamRrQ0VsbHp3SW1uek5SSV9GRThkU25DYUpOTg?oc=5\" target=\"_blank\" rel=\"nofollow noopener\">Benfica supera Estoril em casa e vence a segunda pelo Portugu\u00eas<\/a>&nbsp;&nbsp;Gazeta Esportiva<\/li>\n<li><a href=\"https:\/\/news.google.com\/rss\/articles\/CBMivAFBVV95cUxNN1RYWC1qZ1FJOE8teDZVMnJqWGE1UndGRzZIXzhEMmNYTlNwcUZmUWlGbG54Ym1CVmF1dTI5WTZlQ2JXemlRVkxaY3hISm1KTFZtQ201a3BWaExOdDBpVnkxRkVaVHhPakhVRWRBeWhKdS1jTHd2VldTanp1Nk80Nm9YM2p2LWFFM1E3ck40UGZ1eTdfaHByT1l3OEdhZWxyejQtQkZpY3B5V2FCODhMSTVoemRMU2s4REEzdw?oc=5\" target=\"_blank\" rel=\"nofollow noopener\">Muito Palhinha e a insist\u00eancia em Sudakov: tudo o que disse Marco Silva<\/a>&nbsp;&nbsp;abola.pt<\/li>\n<li><a href=\"https:\/\/news.google.com\/rss\/articles\/CBMijgJBVV95cUxPaGI3Y1ZkVHo5c0xkb29KSXZtSmR2ZHJDVXJYZHFPNU5BaGZyUnhjQWRtN2hVTGNnRnE3QzIyWGxIZHowSzZMU29Rc1QzRFBkUGJhX3VReUYycGZjQXZfRkdBY3lUTTI2UWcyYjBucTdMRGhSVGRrMkREWkpkd2NIYnBURDVXVnhxckM3d19CazY3RTY5dV9uZk9pcW5HT01MeVNkM3pmRXJXQWtIU0VsYmNtVHpwYmpvQWdZaGlvRFdnX1djMmYyc1ZoWGhFS0piVExLSXBaSG5EaC1aZTlvM0pTcGNQbHdhXzZoc1RUaExGMDdCb1g1eHhlcHRGZDYyZVRNcmtpRHlndFBxLVE?oc=5\" target=\"_blank\" rel=\"nofollow noopener\">Benfica supera Estoril e conquista segunda vit\u00f3ria no Portugu\u00eas<\/a>&nbsp;&nbsp;terra.com.br<\/li>\n<li><a href=\"https:\/\/news.google.com\/rss\/articles\/CBMitwFBVV95cUxOQkFMSkNlREZ1NjNackRXS05oMDZEeU1YQk1zNWhtdnlpd2lFa0Jxa1hGTUpHQ1NjSFRCZk9SQWYybnUyaFE3QTVPTi1kZHhWUDBQNm1JTHN6VXd4TGg4TnZKelotRy03TUhQN3E0VW5ncnFiUm5JRGxPWXM4NTR3Tl9PR3llQUZ0TERvUXJ3MGM4Y1lralRJOS14WmZzd21HUEVQd3p1ak1URDZabkhoYVY1ckE4NlHSAagBQVVfeXFMTThDcnQzWHd0QnRfZmdpREc2OC1iOFFCcXhUcVV0S05MNFUxMWNPQ25HTTl3UWhrcmt0Y0ZxRjR1aXR3RmFLRXRnSFZma0NrdWxaczA3ZGVQVnlKeTMwb0k2QTVXNUdxNFcxdnZXM2ZEZmJPYndNZV9ROXg4MWFPNy1iM1phN3lEUFNqbmlKeXkteUhNSXRQbHIwZTJKZnpuMnZZbVBxWGxk?oc=5\" target=\"_blank\" rel=\"nofollow noopener\">Jo\u00e3o Carvalho: &#8220;A rea\u00e7\u00e3o aos golos do Benfica mostrou o que a equipa quer&#8221;<\/a>&nbsp;&nbsp;O Jogo<\/li>\n<\/ol>\n","protected":false},"excerpt":{"rendered":"Jogos em Direto &#8211; Benfica vs Estoril&nbsp;&nbsp;Record Benfica supera Estoril em casa e vence a segunda pelo Portugu\u00eas&nbsp;&nbsp;Gazeta&hellip;\n","protected":false},"author":2,"featured_media":507239,"comment_status":"","ping_status":"","sticky":false,"template":"","format":"standard","meta":{"footnotes":"","_share_on_mastodon":"0"},"categories":[87],"tags":[51,135,445,1650,524,1856,82,36,3001,62,619,13,462,32,33,1690,2686,34,134,2690,227],"class_list":["post-507238","post","type-post","status-publish","format-standard","has-post-thumbnail","category-desporto","tag-benfica","tag-desporto","tag-europa","tag-fotos","tag-futebol","tag-informacao","tag-internacional","tag-liga","tag-multimedia","tag-mundo","tag-nacional","tag-noticias","tag-porto","tag-portugal","tag-pt","tag-social","tag-sport","tag-sporting","tag-sports","tag-taca","tag-videos"],"share_on_mastodon":{"url":"https:\/\/pubeurope.com\/@pt\/117194466884162175","error":""},"_links":{"self":[{"href":"https:\/\/www.europesays.com\/pt\/wp-json\/wp\/v2\/posts\/507238","targetHints":{"allow":["GET"]}}],"collection":[{"href":"https:\/\/www.europesays.com\/pt\/wp-json\/wp\/v2\/posts"}],"about":[{"href":"https:\/\/www.europesays.com\/pt\/wp-json\/wp\/v2\/types\/post"}],"author":[{"embeddable":true,"href":"https:\/\/www.europesays.com\/pt\/wp-json\/wp\/v2\/users\/2"}],"replies":[{"embeddable":true,"href":"https:\/\/www.europesays.com\/pt\/wp-json\/wp\/v2\/comments?post=507238"}],"version-history":[{"count":0,"href":"https:\/\/www.europesays.com\/pt\/wp-json\/wp\/v2\/posts\/507238\/revisions"}],"wp:featuredmedia":[{"embeddable":true,"href":"https:\/\/www.europesays.com\/pt\/wp-json\/wp\/v2\/media\/507239"}],"wp:attachment":[{"href":"https:\/\/www.europesays.com\/pt\/wp-json\/wp\/v2\/media?parent=507238"}],"wp:term":[{"taxonomy":"category","embeddable":true,"href":"https:\/\/www.europesays.com\/pt\/wp-json\/wp\/v2\/categories?post=507238"},{"taxonomy":"post_tag","embeddable":true,"href":"https:\/\/www.europesays.com\/pt\/wp-json\/wp\/v2\/tags?post=507238"}],"curies":[{"name":"wp","href":"https:\/\/api.w.org\/{rel}","templated":true}]}}