{"id":507282,"date":"2026-09-01T07:55:27","date_gmt":"2026-09-01T07:55:27","guid":{"rendered":"https:\/\/www.europesays.com\/pt\/507282\/"},"modified":"2026-09-01T07:55:27","modified_gmt":"2026-09-01T07:55:27","slug":"calor-regressa-ha-duas-capitais-de-distrito-que-podem-registar-40-oc","status":"publish","type":"post","link":"https:\/\/www.europesays.com\/pt\/507282\/","title":{"rendered":"Calor regressa: &#8220;h\u00e1 duas capitais de distrito que podem registar 40 \u00baC&#8221;"},"content":{"rendered":"<p> <img decoding=\"async\" fetchpriority=\"high\" src=\"https:\/\/www.europesays.com\/pt\/wp-content\/uploads\/2026\/09\/maxresdefault.jpg\"  width=\"768\" height=\"432\" id=\"OVdhjincom8\"\/>  <\/p>\n<p>As temperaturas v\u00e3o voltar a subir e a mais recente aposta do ECMWF \u00e9 de 40 \u00baC para as capitais de distrito de \u00c9vora e Beja. Saiba quando e que outras regi\u00f5es podem atingir ou ultrapassar este valor.<\/p>\n<p>    <img decoding=\"async\" fetchpriority=\"high\" src=\"https:\/\/www.europesays.com\/pt\/wp-content\/uploads\/2026\/09\/joana-campos.jpg\" alt=\"Joana Campos\" width=\"40\" height=\"40\"\/>    <a class=\"nombre text-hv\" href=\"https:\/\/www.tempo.pt\/autor\/joana-campos\/\" title=\"Joana Campos\" data-mrf-recirculation=\"pre_article_author\" rel=\"nofollow noopener\" target=\"_blank\">Joana Campos<\/a>        31\/08\/2026 14:01   3 min    <\/p>\n<p>Como temos vindo a referir noutras previs\u00f5es na Meteored Portugal, o nosso modelo de confian\u00e7a aponta para uma <strong>subida acentuada das temperaturas<\/strong> nos pr\u00f3ximos dias.<\/p>\n<p> Seja o primeiro a receber as previs\u00f5es gra\u00e7as ao<strong><a href=\"https:\/\/www.whatsapp.com\/channel\/0029VaxX6njIyPtRY4lOMd1b\" target=\"_blank\" rel=\"nofollow noopener\"> nosso canal do WhatsApp<\/a><\/strong>. Siga-nos e ative as notifica\u00e7\u00f5es. <\/p>\n<p>Esta subida dever\u00e1 ser sentida de forma evidente entre ter\u00e7a e quarta-feira, <strong>onde para este dia se esperam m\u00e1ximas at\u00e9 35 \u00baC para Beja<\/strong>. O litoral Norte e Centro dever\u00e1 contar com valores mais contidos face ao interior do pa\u00eds, onde as cidades costeiras n\u00e3o dever\u00e3o ultrapassar os 25 \u00baC.<\/p>\n<p>Quinta-feira, dia 3, poder\u00e1 ser o dia mais quente da semana<\/p>\n<p>No entanto, \u00e9 esperado que na quinta-feira, dia 3 de setembro, se d\u00ea uma<strong> nova subida significativa dos valores<\/strong>, levando os term\u00f3metros aos 40 \u00baC nas cidades de \u00c9vora e Beja, como podemos observar no mapa abaixo.<\/p>\n<p><img decoding=\"async\" fetchpriority=\"low\" class=\"lazy \" src=\"https:\/\/www.europesays.com\/pt\/wp-content\/uploads\/2026\/09\/calor-regressa-ha-duas-capitais-de-distrito-que-podem-registar-40-c-previsao-para-os-proximos-4-dias.jpeg\"  width=\"768\" height=\"432\" alt=\"As anomalias t\u00e9rmicas positivas, ou seja, valores acima da m\u00e9dia, v\u00e3o cobrir o pa\u00eds de forma bastante expressiva. V\u00e1rias localidades registar\u00e3o temperaturas at\u00e9 11 \u00baC acima do expect\u00e1vel para a \u00e9poca.\" title=\"anomalia t\u00e9rmica\" data-image=\"e7yy0juhgt7a\"\/>As anomalias t\u00e9rmicas positivas, ou seja, valores acima da m\u00e9dia, v\u00e3o cobrir o pa\u00eds de forma bastante expressiva. V\u00e1rias localidades registar\u00e3o temperaturas at\u00e9 11 \u00baC acima do expect\u00e1vel para a \u00e9poca.<\/p>\n<p>Para al\u00e9m destas cidades, <strong>v\u00e1rios pontos das regi\u00f5es do Ribatejo e Alentejo poder\u00e3o registar temperaturas m\u00e1ximas de at\u00e9 42 \u00baC<\/strong>, fazendo destas as zonas mais quentes desse dia. Na Beira Baixa, os term\u00f3metros poder\u00e3o alcan\u00e7ar os 41 \u00baC em alguns locais e no Vale do Douro esperam-se m\u00e1ximas de 39 \u00baC.<\/p>\n<p>Al\u00e9m disto, <strong>apenas as capitais distritais de Viana do Castelo, Porto e Aveiro dever\u00e3o manter valores abaixo dos 30 \u00baC<\/strong>, com 25 \u00baC, 29 \u00baC e 28 \u00baC, respetivamente, podendo este ser o dia mais quente da semana.<\/p>\n<p>Valores voltam a descer nos dias seguintes<\/p>\n<p>Em menos de 24h, ou seja, na sexta-feira dar-se-\u00e1 um al\u00edvio acentuado do calor tanto no sul como ao longo da faixa litoral, sendo que o Vale do Douro poder\u00e1 ser o ponto mais quente do pa\u00eds, com previs\u00e3o de 40 \u00baC. <strong>As capitais de distrito mais quentes dever\u00e3o ser Bragan\u00e7a, Castelo Branco e \u00c9vora com 34 \u00baC<\/strong>. Lisboa e Porto poder\u00e3o contar com 23 \u00baC.<\/p>\n<p><a class=\"imagen \" href=\"https:\/\/www.tempo.pt\/noticias\/previsao\/invasao-de-ar-subtropical-em-portugal-o-pico-do-calor-chegara-na-quinta-feira-3-de-setembro-ate-42-c.html\" title=\"Invas\u00e3o de ar subtropical em Portugal: o pico do calor chegar\u00e1 na quinta-feira, 3 de setembro - at\u00e9 42 \u00baC\" rel=\"nofollow noopener\" target=\"_blank\"><img decoding=\"async\" fetchpriority=\"low\" class=\"lazy img-body non-editable\" src=\"https:\/\/www.europesays.com\/pt\/wp-content\/uploads\/2026\/09\/1788249327_830_invasao-de-ar-subtropical-em-portugal-o-pico-do-calor-chegara-na-quinta-feira-3-de-setembro-ate-42-c.png\"  width=\"320\" height=\"225\"\/><\/a><\/p>\n<p>No s\u00e1bado dar-se-\u00e1 uma ligeira subida no Sul e uma descida no interior Norte, trazendo novamente valores acima de 35 \u00baC a uma boa parte do Alentejo. J\u00e1 no Norte, a capital de distrito mais quente poder\u00e1 ser Vila Real, com 32 \u00baC. <strong>Esta tend\u00eancia de valores mais contidos dever\u00e1 manter-se nos dias seguintes<\/strong>.<\/p>\n","protected":false},"excerpt":{"rendered":"As temperaturas v\u00e3o voltar a subir e a mais recente aposta do ECMWF \u00e9 de 40 \u00baC para&hellip;\n","protected":false},"author":2,"featured_media":507283,"comment_status":"","ping_status":"","sticky":false,"template":"","format":"standard","meta":{"footnotes":"","_share_on_mastodon":"0"},"categories":[8],"tags":[27,28,8428,15,16,14,25,26,21,22,606,12,13,19,20,32,4834,23,24,33,12012,4113,10963,4116,4112,17,18,29,30,31],"class_list":["post-507282","post","type-post","status-publish","format-standard","has-post-thumbnail","category-principais-noticias","tag-breaking-news","tag-breakingnews","tag-calor-intenso","tag-featured-news","tag-featurednews","tag-headlines","tag-latest-news","tag-latestnews","tag-main-news","tag-mainnews","tag-meteorologia","tag-news","tag-noticias","tag-noticias-principais","tag-noticiasprincipais","tag-portugal","tag-previsao-tempo","tag-principais-noticias","tag-principaisnoticias","tag-pt","tag-subida-das-temperaturas","tag-temperaturas-elevadas","tag-tempo-esta-semana","tag-tempo-proximos-dias","tag-tempo-quente","tag-top-stories","tag-topstories","tag-ultimas","tag-ultimas-noticias","tag-ultimasnoticias"],"share_on_mastodon":{"url":"","error":"Validation failed: Text character limit of 500 exceeded"},"_links":{"self":[{"href":"https:\/\/www.europesays.com\/pt\/wp-json\/wp\/v2\/posts\/507282","targetHints":{"allow":["GET"]}}],"collection":[{"href":"https:\/\/www.europesays.com\/pt\/wp-json\/wp\/v2\/posts"}],"about":[{"href":"https:\/\/www.europesays.com\/pt\/wp-json\/wp\/v2\/types\/post"}],"author":[{"embeddable":true,"href":"https:\/\/www.europesays.com\/pt\/wp-json\/wp\/v2\/users\/2"}],"replies":[{"embeddable":true,"href":"https:\/\/www.europesays.com\/pt\/wp-json\/wp\/v2\/comments?post=507282"}],"version-history":[{"count":0,"href":"https:\/\/www.europesays.com\/pt\/wp-json\/wp\/v2\/posts\/507282\/revisions"}],"wp:featuredmedia":[{"embeddable":true,"href":"https:\/\/www.europesays.com\/pt\/wp-json\/wp\/v2\/media\/507283"}],"wp:attachment":[{"href":"https:\/\/www.europesays.com\/pt\/wp-json\/wp\/v2\/media?parent=507282"}],"wp:term":[{"taxonomy":"category","embeddable":true,"href":"https:\/\/www.europesays.com\/pt\/wp-json\/wp\/v2\/categories?post=507282"},{"taxonomy":"post_tag","embeddable":true,"href":"https:\/\/www.europesays.com\/pt\/wp-json\/wp\/v2\/tags?post=507282"}],"curies":[{"name":"wp","href":"https:\/\/api.w.org\/{rel}","templated":true}]}}