{"id":507288,"date":"2026-09-01T08:07:14","date_gmt":"2026-09-01T08:07:14","guid":{"rendered":"https:\/\/www.europesays.com\/pt\/507288\/"},"modified":"2026-09-01T08:07:14","modified_gmt":"2026-09-01T08:07:14","slug":"trump-ameaca-apoio-britanico-nas-malvinas-observador","status":"publish","type":"post","link":"https:\/\/www.europesays.com\/pt\/507288\/","title":{"rendered":"Trump amea\u00e7a apoio brit\u00e2nico nas Malvinas \u2013 Observador"},"content":{"rendered":"<p>Acompanhe <a href=\"https:\/\/observador.pt\/liveblogs\/presidente-do-irao-diz-que-nao-ficara-de-bracos-cruzados-apos-eua-confirmarem-ataque-de-precisao-contra-ilha-de-larak\/\" rel=\"nofollow noopener\" target=\"_blank\">o nosso liveblog sobre os conflitos internacionais<\/a><\/p>\n<p>O presidente dos Estados Unidos, Donald Trump, sugeriu esta segunda-feira que poderia retirar o apoio norte-americano \u00e0 soberania brit\u00e2nica sobre as ilhas Malvinas, reivindicadas historicamente pela Argentina.<\/p>\n<p>\u201cEu sempre revejo todas as posi\u00e7\u00f5es. Esta \u00e9 apenas uma entre muitas\u201d, respondeu Trump \u00e0 imprensa no Sal\u00e3o Oval quando foi questionado sobre este assunto.<\/p>\n<p>As declara\u00e7\u00f5es de Trump surgem depois de meios de comunica\u00e7\u00e3o social brit\u00e2nicos terem publicado que a Administra\u00e7\u00e3o norte-americana estaria a considerar retirar o seu apoio \u00e0 soberania brit\u00e2nica sobre as Malvinas para pressionar Londres a aumentar os gastos em defesa.<\/p>\n<p>A Argentina invadiu as ilhas Malvinas a 02 de abril de 1982, mas os brit\u00e2nicos responderam com uma for\u00e7a que desembarcou sete semanas mais tarde.<\/p>\n<p>Ap\u00f3s uma dura, mas curta guerra, o Reino Unido for\u00e7ou os argentinos a renderem-se a 14 de junho de 1982.<\/p>\n","protected":false},"excerpt":{"rendered":"Acompanhe o nosso liveblog sobre os conflitos internacionais O presidente dos Estados Unidos, Donald Trump, sugeriu esta segunda-feira&hellip;\n","protected":false},"author":2,"featured_media":507289,"comment_status":"","ping_status":"","sticky":false,"template":"","format":"standard","meta":{"footnotes":"","_share_on_mastodon":"0"},"categories":[50],"tags":[624,27,28,92,623,445,15,16,14,25,26,5567,21,22,62,12,13,19,20,23,24,713,17,18,29,30,31,63,64,65],"class_list":["post-507288","post","type-post","status-publish","format-standard","has-post-thumbnail","category-mundo","tag-amu00e9rica","tag-breaking-news","tag-breakingnews","tag-donald-trump","tag-estados-unidos-da-amu00e9rica","tag-europa","tag-featured-news","tag-featurednews","tag-headlines","tag-latest-news","tag-latestnews","tag-londres","tag-main-news","tag-mainnews","tag-mundo","tag-news","tag-noticias","tag-noticias-principais","tag-noticiasprincipais","tag-principais-noticias","tag-principaisnoticias","tag-reino-unido","tag-top-stories","tag-topstories","tag-ultimas","tag-ultimas-noticias","tag-ultimasnoticias","tag-world","tag-world-news","tag-worldnews"],"share_on_mastodon":{"url":"https:\/\/pubeurope.com\/@pt\/117194761570732181","error":""},"_links":{"self":[{"href":"https:\/\/www.europesays.com\/pt\/wp-json\/wp\/v2\/posts\/507288","targetHints":{"allow":["GET"]}}],"collection":[{"href":"https:\/\/www.europesays.com\/pt\/wp-json\/wp\/v2\/posts"}],"about":[{"href":"https:\/\/www.europesays.com\/pt\/wp-json\/wp\/v2\/types\/post"}],"author":[{"embeddable":true,"href":"https:\/\/www.europesays.com\/pt\/wp-json\/wp\/v2\/users\/2"}],"replies":[{"embeddable":true,"href":"https:\/\/www.europesays.com\/pt\/wp-json\/wp\/v2\/comments?post=507288"}],"version-history":[{"count":0,"href":"https:\/\/www.europesays.com\/pt\/wp-json\/wp\/v2\/posts\/507288\/revisions"}],"wp:featuredmedia":[{"embeddable":true,"href":"https:\/\/www.europesays.com\/pt\/wp-json\/wp\/v2\/media\/507289"}],"wp:attachment":[{"href":"https:\/\/www.europesays.com\/pt\/wp-json\/wp\/v2\/media?parent=507288"}],"wp:term":[{"taxonomy":"category","embeddable":true,"href":"https:\/\/www.europesays.com\/pt\/wp-json\/wp\/v2\/categories?post=507288"},{"taxonomy":"post_tag","embeddable":true,"href":"https:\/\/www.europesays.com\/pt\/wp-json\/wp\/v2\/tags?post=507288"}],"curies":[{"name":"wp","href":"https:\/\/api.w.org\/{rel}","templated":true}]}}