{"id":507300,"date":"2026-09-01T08:21:19","date_gmt":"2026-09-01T08:21:19","guid":{"rendered":"https:\/\/www.europesays.com\/pt\/507300\/"},"modified":"2026-09-01T08:21:19","modified_gmt":"2026-09-01T08:21:19","slug":"mulher-contratada-como-empregada-obrigada-a-prostituir-se-em-espanha","status":"publish","type":"post","link":"https:\/\/www.europesays.com\/pt\/507300\/","title":{"rendered":"Mulher contratada como empregada obrigada a prostituir-se em Espanha"},"content":{"rendered":"<p>Uma mulher foi mantida em cativeiro durante dias num estabelecimento comercial, em Madrid, Espanha. A v\u00edtima foi drogada e obrigada a prostituir-se.\u00a0<\/p>\n<p>Tudo ter\u00e1 acontecido no dia 25 de agosto, pelas 6h locais, quando um homem alertou a pol\u00edcia de que tinha uma amiga que estava a ser mantida em cativeiro.\u00a0<\/p>\n<p>A testemunha contou que a amiga lhe havia telefonado a pedir ajuda, dando conta que estava a ser for\u00e7ada a prostituir-se num bar, no bairro de Ciudad Lineal, de acordo com a Telecinco.<\/p>\n<p>Numa troca de mensagens de texto com o amigo, a jovem afirmou que tinha sido contratada para trabalhar como empregada de mesa no estabelecimento e que estava a ser obrigada a ter rela\u00e7\u00f5es sexuais com estranhos.<\/p>\n<p>J\u00e1 no local, a pol\u00edcia encontrou o estabelecimento fechado e depois de pedirem aos propriet\u00e1rios para o abrirem, encontram a mulher trancada num dos quartos, deitada numa cama de casal.\u00a0<\/p>\n<p>A mulher, que estava sonolenta e com a fala arrastada, apresentava sinais de p\u00e2nico, tendo relatado que foi mantida naquele local contra a sua vontade durante tr\u00eas dias.<\/p>\n<p>Os propriet\u00e1rios do estabelecimento, um homem de 62 anos e uma mulher de 28, foram detidos pela pr\u00e1tica de crimes de prostitui\u00e7\u00e3o e tr\u00e1fico de pessoas.\u00a0<\/p>\n<p>Leia Tamb\u00e9m: <a href=\"https:\/\/www.noticiasaominuto.com\/mundo\/3044073\/menino-de-6-anos-desaparecido-ha-12-dias-esta-em-portugal-com-a-mae\" target=\"_blank\" rel=\"noopener noreferrer nofollow\">Menino de 6 anos desaparecido h\u00e1 12 dias. &#8220;Est\u00e1 em Portugal com a m\u00e3e&#8221;<\/a><\/p>\n","protected":false},"excerpt":{"rendered":"Uma mulher foi mantida em cativeiro durante dias num estabelecimento comercial, em Madrid, Espanha. A v\u00edtima foi drogada&hellip;\n","protected":false},"author":2,"featured_media":507301,"comment_status":"","ping_status":"","sticky":false,"template":"","format":"standard","meta":{"footnotes":"","_share_on_mastodon":"0"},"categories":[50],"tags":[27,28,15,16,14,25,26,21,22,62,12,13,19,20,23,24,17,18,29,30,31,63,64,65],"class_list":["post-507300","post","type-post","status-publish","format-standard","has-post-thumbnail","category-mundo","tag-breaking-news","tag-breakingnews","tag-featured-news","tag-featurednews","tag-headlines","tag-latest-news","tag-latestnews","tag-main-news","tag-mainnews","tag-mundo","tag-news","tag-noticias","tag-noticias-principais","tag-noticiasprincipais","tag-principais-noticias","tag-principaisnoticias","tag-top-stories","tag-topstories","tag-ultimas","tag-ultimas-noticias","tag-ultimasnoticias","tag-world","tag-world-news","tag-worldnews"],"share_on_mastodon":{"url":"https:\/\/pubeurope.com\/@pt\/117194816833819160","error":""},"_links":{"self":[{"href":"https:\/\/www.europesays.com\/pt\/wp-json\/wp\/v2\/posts\/507300","targetHints":{"allow":["GET"]}}],"collection":[{"href":"https:\/\/www.europesays.com\/pt\/wp-json\/wp\/v2\/posts"}],"about":[{"href":"https:\/\/www.europesays.com\/pt\/wp-json\/wp\/v2\/types\/post"}],"author":[{"embeddable":true,"href":"https:\/\/www.europesays.com\/pt\/wp-json\/wp\/v2\/users\/2"}],"replies":[{"embeddable":true,"href":"https:\/\/www.europesays.com\/pt\/wp-json\/wp\/v2\/comments?post=507300"}],"version-history":[{"count":0,"href":"https:\/\/www.europesays.com\/pt\/wp-json\/wp\/v2\/posts\/507300\/revisions"}],"wp:featuredmedia":[{"embeddable":true,"href":"https:\/\/www.europesays.com\/pt\/wp-json\/wp\/v2\/media\/507301"}],"wp:attachment":[{"href":"https:\/\/www.europesays.com\/pt\/wp-json\/wp\/v2\/media?parent=507300"}],"wp:term":[{"taxonomy":"category","embeddable":true,"href":"https:\/\/www.europesays.com\/pt\/wp-json\/wp\/v2\/categories?post=507300"},{"taxonomy":"post_tag","embeddable":true,"href":"https:\/\/www.europesays.com\/pt\/wp-json\/wp\/v2\/tags?post=507300"}],"curies":[{"name":"wp","href":"https:\/\/api.w.org\/{rel}","templated":true}]}}