{"id":507310,"date":"2026-09-01T08:41:20","date_gmt":"2026-09-01T08:41:20","guid":{"rendered":"https:\/\/www.europesays.com\/pt\/507310\/"},"modified":"2026-09-01T08:41:20","modified_gmt":"2026-09-01T08:41:20","slug":"procissao-nossa-senhora-dos-navegantes-cascais-uma-vila-que-ainda-vive-do-mar-atualidade","status":"publish","type":"post","link":"https:\/\/www.europesays.com\/pt\/507310\/","title":{"rendered":"Prociss\u00e3o Nossa Senhora dos Navegantes. Cascais, uma vila que ainda vive do mar &#8211; Atualidade"},"content":{"rendered":"\n<p><b>Acompanhe toda a atualidade informativa em\u00a0<\/b><a href=\"http:\/\/24noticias.sapo.pt\/\" rel=\"nofollow noopener\" target=\"_blank\"><b>24noticias.sapo.pt<\/b><\/a><\/p>\n<p class=\"p1\">O ano come\u00e7ou mal. O mau tempo n\u00e3o se fez sentir apenas em terra e, impedidos de sair para o mar e sem peixe para vender, os pescadores perderam o rendimento de dois meses. Para compensar, o munic\u00edpio de Cascais atribuiu-lhes um subs\u00eddio equivalente ao sal\u00e1rio m\u00ednimo, mas os problemas desta comunidade s\u00e3o bem mais antigos e profundos: h\u00e1 menos peixe e a concorr\u00eancia dos hipermercados \u00e9 cada vez maior. No dia da Prociss\u00e3o de Nossa Senhora dos Navegantes, entre flores lan\u00e7adas \u00e0 \u00e1gua e mem\u00f3rias de quem nunca regressou, a popula\u00e7\u00e3o voltou a lembrar que a sua hist\u00f3ria tamb\u00e9m se faz com aqueles que vivem do oceano.<\/p>\n<p class=\"p1\">\u00c0s duas da manh\u00e3, quando a vila ainda dorme, Manuel come\u00e7a o dia. H\u00e1 20 anos que o despertador toca \u00e0 mesma hora, a anunciar mais uma jornada no mar. A rotina exige adapta\u00e7\u00e3o: deita-se por volta das onze da noite, acorda por volta da uma e meia para sair para a pesca, de onde regressa pelas dez da manh\u00e3. Dormir \u00e9 dif\u00edcil. &#8220;Durmo bipartido: duas horas de manh\u00e3 e duas horas \u00e0 noite&#8221;, conta. Mas n\u00e3o foi sempre assim.<\/p>\n<p class=\"p1\">Manuel, que no in\u00edcio do ano ficou dois meses sem poder trabalhar, \u00e9 pescador por necessidade, mais do que por gosto ou voca\u00e7\u00e3o. Trabalhava na lota, queriam pass\u00e1-lo para o regime de part-time e tinha uma crian\u00e7a pequena. N\u00e3o foi &#8220;paix\u00e3o&#8221;, foi sentido de &#8220;responsabilidade&#8221;. Gostava do mar, mas &#8220;para pescar \u00e0 cana&#8221; e quando lhe apetecia.<\/p>\n<p class=\"p1\">Hoje, quando fala do trabalho, reconhece sem hesitar que &#8220;ser pescador \u00e9 uma profiss\u00e3o dif\u00edcil&#8221;. Apesar disso, quando lhe pergunto pelas vantagens n\u00e3o hesita: &#8220;Veio na prociss\u00e3o? Viu s\u00f3 a nossa costa, como \u00e9 bonita? E tamb\u00e9m vejo o nascer do sol todos os dias \u2014 h\u00e1 quem nunca tenha visto. Lindo.&#8221;<\/p>\n<p class=\"p1\">No in\u00edcio deste ano, por\u00e9m, nem Manuel nem os restantes pescadores de Cascais puderam contemplar o nascer do sol a partir do mar. A depress\u00e3o Kristin e o sucessivo comboio de tempestades mantiveram as embarca\u00e7\u00f5es em terra durante semanas. Dois meses sem poder trabalhar numa atividade que, para muitas fam\u00edlias, \u00e9 o \u00fanico sustento. &#8220;Dois meses sem ir ao mar faz diferen\u00e7a&#8221;, reconhece Nuno Piteira Lopes, presidente da C\u00e2mara Municipal de Cascais, que nasceu na vila e conhece muitos destes pescadores desde sempre.<\/p>\n<p class=\"p1\">Face a uma situa\u00e7\u00e3o que n\u00e3o dependia dos trabalhadores, o munic\u00edpio decidiu avan\u00e7ar com um apoio extraordin\u00e1rio e foi aprovado em reuni\u00e3o de c\u00e2mara o pagamento de um valor equivalente ao sal\u00e1rio m\u00ednimo nacional para a todos os pescadores registados em Cascais e para toda a tripula\u00e7\u00e3o, al\u00e9m de outros apoios destinados a minimizar os efeitos do per\u00edodo em que estiveram impedidos de sair para o mar.<\/p>\n<p class=\"p1\">Para o autarca, tratou-se de uma medida de justi\u00e7a perante uma circunst\u00e2ncia que os pescadores n\u00e3o podiam controlar. &#8220;Foi uma decis\u00e3o justa para uma situa\u00e7\u00e3o que n\u00e3o estava no controlo dos pescadores&#8221;, afirma. &#8220;N\u00e3o podemos falhar aos que s\u00e3o de c\u00e1. Gostamos de dizer que Cascais \u00e9 uma terra de reis e pescadores, mas, muitas vezes, s\u00f3 nos lembramos dos reis e n\u00e3o pensamos nos pescadores.&#8221;<\/p>\n<p>                      Menos peixe, mais trabalho<\/p>\n<p class=\"p1\">Em Cascais existem atualmente 52 embarca\u00e7\u00f5es e uma comunidade piscat\u00f3ria de cerca de 150 homens, \u00e0 qual se juntam as mulheres que continuam a desempenhar um papel fundamental na economia ligada ao mar. Muitas s\u00e3o peixeiras e fazem quest\u00e3o de o dizer. \u00c9 o caso de Vera, de 42 anos, mulher de Manuel. Cresceu numa fam\u00edlia de pescadores e hoje tem uma banca na pra\u00e7a.<\/p>\n<p class=\"p1\">A pra\u00e7a, que tem atualmente 13 bancas de peixe e marisco, n\u00e3o abre todos os dias. Porqu\u00ea? &#8220;O mundo mudou&#8221;, diz o presidente da c\u00e2mara. As bancas t\u00eam custos associados: caixas (armazenamento) e gelo inclu\u00eddos, a m\u00e9dia ronda os 200 euros por m\u00eas. E ainda \u00e9 preciso enfrentar a concorr\u00eancia dos supermercados, que oferecem aos consumidores a possibilidade de comprarem peixe mais barato ao mesmo tempo que fazem o resto das compras.<\/p>\n<p class=\"p1\">Este \u00e9 um dos motivos pelos quais a pra\u00e7a de Cascais tem hoje menos movimento. Para Vera, faria diferen\u00e7a poder encontrar ali, al\u00e9m de peixe e carne, frutas e legumes todos os dias. &#8220;As pessoas gostam de ir \u00e0s compras e comprar tudo aquilo de que precisam no mesmo local. Sem frutas e legumes, n\u00e3o completam as compras&#8221;, explica. Muitas acabam, por isso, por escolher o supermercado.<\/p>\n<p class=\"p1\">Vera fala da profiss\u00e3o com orgulho. &#8220;Sou peixeira, sim senhora\u201d, afirma, recordando os tempos em que era uma das primeiras m\u00e3es a ir \u00e0 escola dos filhos explicar aos alunos em que consistia o seu trabalho. Hoje, reconhece, j\u00e1 quase ningu\u00e9m quer seguir a profiss\u00e3o, &#8220;s\u00f3 mesmo por gosto&#8221;. Os dois filhos s\u00e3o exemplo dessa mudan\u00e7a: um, de 18 anos, quer ser pol\u00edcia e prepara-se para os exames dentro de 15 dias; o outro, de 23, trabalha na Siemens e est\u00e1 a terminar o mestrado em Design. Nenhum quer ser pescador.<\/p>\n<p class=\"p1\">Joj\u00f3, patr\u00e3o da embarca\u00e7\u00e3o onde Manuel trabalha, anda no mar h\u00e1 cerca de 30 anos e tem visto a atividade mudar profundamente. O problema, diz, n\u00e3o \u00e9 apenas o esfor\u00e7o exigido pela profiss\u00e3o, mas tamb\u00e9m a quantidade de peixe dispon\u00edvel. &#8220;Hoje o peixe \u00e9 menos do que era h\u00e1 uns anos e o trabalho \u00e9 maior. Temos de trabalhar muito mais para pescar o que pesc\u00e1vamos h\u00e1 20 anos. \u00c9 uma luta di\u00e1ria.&#8221;<\/p>\n<p class=\"p1\">Em Cascais, cerca de 90% da atividade piscat\u00f3ria est\u00e1 concentrada no polvo e, este ano, tamb\u00e9m devido \u00e0s limita\u00e7\u00f5es provocadas pelas tempestades, os pescadores foram autorizados a captur\u00e1-lo durante o m\u00eas do defeso, em agosto, numa altera\u00e7\u00e3o ao calend\u00e1rio habitual.<\/p>\n<p class=\"p1\">O dia come\u00e7a de noite e muitas vezes a pescaria prolonga-se at\u00e9 ao meio-dia. &#8220;\u00c0s vezes temos de estar mais tempo dentro de \u00e1gua at\u00e9 termos a quantidade de peixe que justifique o trabalho&#8221;. S\u00e1bado e domingo pode ser para descansar, a menos que durante a semana o tempo tenha impedido a sa\u00edda para o mar e seja necess\u00e1rio compensar. Quando o peixe chega a terra, h\u00e1 uma nova batalha a enfrentar: a da venda.<\/p>\n<p class=\"p1\">O peixe \u00e9 vendido \u00e0 lota e, a partir da\u00ed, entra numa cadeia comercial onde os pescadores sentem que t\u00eam pouco poder. Joj\u00f3 considera que existe uma diferen\u00e7a demasiado grande entre o valor que recebem os pescadores e aquele a que o peixe chega ao consumidor. &#8220;Somos n\u00f3s que trabalhamos, somos n\u00f3s que apanhamos, mas o pre\u00e7o a que o peixe \u00e9 vendido no mercado em rela\u00e7\u00e3o ao valor que vendemos \u00e0 lota \u00e9 tr\u00eas ou quatro vezes mais. Somos os mais prejudicados, somos os que n\u00e3o conseguem ganhar dinheiro.&#8221;<\/p>\n<p class=\"p1\">Se fosse ministro das Pescas por um dia, Joj\u00f3 sabe bem a primeira medida que tomaria: limitar a margem praticada pelos grandes retalhistas. &#8220;Os grandes retalhistas n\u00e3o poderiam nunca vender peixe acima do valor a que ele \u00e9 vendido \u00e0 lota. Teria de haver uma margem certa para os dois lados&#8221;. Na sua perspetiva, o Estado devia estabelecer n\u00e3o apenas um pre\u00e7o de venda dos pescadores \u00e0 lota, mas tamb\u00e9m regras para o pre\u00e7o final pago pelo consumidor. &#8220;N\u00f3s \u00e9 que estamos todos os dias a arriscar a vida, mas recebemos tr\u00eas ou quatro vezes menos do que os hipermercados&#8221;, insiste.<\/p>\n<p>Uma profiss\u00e3o feita de risco e mem\u00f3ria<\/p>\n<p class=\"p1\">Joj\u00f3 conhece demasiado bem o lado mais duro da profiss\u00e3o. O seu barco chama-se &#8220;Sopas&#8221;, uma homenagem a um sobrinho (Jo\u00e3o) que morreu no mar, em 2003, e que era conhecido por essa alcunha. O corpo nunca foi encontrado. Recentemente, a fam\u00edlia voltou a ser atingida pela morte, desta vez a do irm\u00e3o de Joj\u00f3, v\u00edtima de um enfarte. Quando fala da pesca, fala de &#8220;uma vida de stress todos os dias, uma luta&#8221;.<\/p>\n<p class=\"p1\">Hoje, os cuidados s\u00e3o maiores, as regras s\u00e3o mais apertadas e muitos dos perigos foram reduzidos, mas a natureza da profiss\u00e3o n\u00e3o mudou. Continua a ser uma atividade dependente do estado do mar, do tempo, da quantidade de peixe e de um mercado sobre o qual os pescadores t\u00eam pouco controlo. E continua a exigir que homens como Joj\u00f3 ou Manuel saiam de casa quando a maioria da popula\u00e7\u00e3o ainda dorme, sem saber exatamente como ser\u00e1 o dia que os espera.<\/p>\n<p class=\"p1\">\u00c9 essa rela\u00e7\u00e3o entre risco, trabalho e mem\u00f3ria que ganha uma express\u00e3o particularmente forte durante a Prociss\u00e3o de Nossa Senhora dos Navegantes. Realizada ontem, integrada nas Festas do Mar, a prociss\u00e3o voltou a reunir a comunidade piscat\u00f3ria de Cascais e milhares de pessoas, que acompanharam o cortejo &#8211; primeiro pelas ruas, da Igreja Matriz, passando pela Avenida D. Carlos I e Passeio Dom Lu\u00eds I at\u00e9 ao pont\u00e3o da Praia da Ribeira, depois pelo mar, at\u00e9 \u00e0 Guia, onde foram largadas as flores em homenagem aos pescadores que morreram.<\/p>\n<ul class=\"[ unstyled column-group tiny-gutters small-half-gutters medium-gutters large-half-gutters xlarge-half-gutters no-margin-top no-margin-bottom ] communist photo-gallery lotsaphotos photo-swipe\" data-ps-photogallery-id=\"933779\">\n<li class=\"[ tiny-33 small-25 medium-16 large-16 xlarge-16 no-margin-top   ]\"> <a href=\"https:\/\/mb.web.sapo.io\/2b0815d0a429a277135910d366a78217eefb0fe2.jpg\" class=\"thumb\" title=\"\u00c0 espera dos andores. Prociss\u00e3o de Nossa Senhora dos Navegantes, Cascais\" data-ps-trigger=\"\" data-index=\"0\" data-extra-photos=\"+33\" rel=\"nofollow noopener\" target=\"_blank\"> \u00c0 espera dos andores. Prociss\u00e3o de Nossa Senhora dos Navegantes, Cascais\n<p>Cr\u00e9ditos: Isabel Tavares | MadreMedia<\/p>\n<p>&#8221; data-title=&#8221;\u00c0 espera dos andores. Prociss\u00e3o de Nossa Senhora dos Navegantes, Cascais &#8211; Prociss\u00e3o Nossa Senhora dos Navegantes. Cascais, uma vila que ainda vive do mar &#8211; 24 Not\u00edcias&#8221;&gt;   <img decoding=\"async\" src=\"https:https:\/\/thumbs.web.sapo.io\/?W=150&amp;H=150&amp;delay_optim=1&amp;crop=center&amp;tv=1&amp;epic=YWU01jPR15njEJG1pU5znS5\/g8Q4NcFF+tKye8mWFpr+gZ9zd92h3O7+pIZP2ILFtBpr5ZCcOX0hRgGzmXPwdee8hFswS7Bm3pt+VocV2Ctf0K0=\" alt=\"Cr\u00e9ditos: Isabel Tavares | MadreMedia\" type=\"image\/jpeg\"\/>  <\/a> <\/li>\n<li class=\"[ tiny-33 small-25 medium-16 large-16 xlarge-16 no-margin-top   ]\"> <a href=\"https:\/\/mb.web.sapo.io\/05781a3c8e2e064c6313ce4fee745179276b63a9.jpg\" class=\"thumb\" title=\"A festa no mar. Prociss\u00e3o de Nossa Senhora dos Navegantes, Cascais\" data-ps-trigger=\"\" data-index=\"1\" data-extra-photos=\"+33\" rel=\"nofollow noopener\" target=\"_blank\"> A festa no mar. Prociss\u00e3o de Nossa Senhora dos Navegantes, Cascais\n<p>Cr\u00e9ditos: Isabel Tavares | MadreMedia<\/p>\n<p>&#8221; data-title=&#8221;A festa no mar. Prociss\u00e3o de Nossa Senhora dos Navegantes, Cascais &#8211; Prociss\u00e3o Nossa Senhora dos Navegantes. Cascais, uma vila que ainda vive do mar &#8211; 24 Not\u00edcias&#8221;&gt;   <img decoding=\"async\" src=\"https:https:\/\/thumbs.web.sapo.io\/?W=150&amp;H=150&amp;delay_optim=1&amp;crop=center&amp;tv=1&amp;epic=NmI2sYU0derdINBw49s4q\/qDf63CO4o\/MKnK0z5tBpvp3xMwHSfxrZVsp1DCzBbAki\/nph8VmBi8vHAH\/4tgUOpc1FriT9TMj4S+6sDXpQire30=\" alt=\"Cr\u00e9ditos: Isabel Tavares | MadreMedia\" type=\"image\/jpeg\"\/>  <\/a> <\/li>\n<li class=\"[ tiny-33 small-25 medium-16 large-16 xlarge-16 no-margin-top   ]\"> <a href=\"https:\/\/mb.web.sapo.io\/62987ccdcf6fc9067e2baa2c97122c1ad8a59df1.jpg\" class=\"thumb\" title=\"A festa no mar. Prociss\u00e3o de Nossa Senhora dos Navegantes, Cascais\" data-ps-trigger=\"\" data-index=\"2\" data-extra-photos=\"+33\" rel=\"nofollow noopener\" target=\"_blank\"> A festa no mar. Prociss\u00e3o de Nossa Senhora dos Navegantes, Cascais\n<p>Cr\u00e9ditos: Isabel Tavares | MadreMedia<\/p>\n<p>&#8221; data-title=&#8221;A festa no mar. Prociss\u00e3o de Nossa Senhora dos Navegantes, Cascais &#8211; Prociss\u00e3o Nossa Senhora dos Navegantes. Cascais, uma vila que ainda vive do mar &#8211; 24 Not\u00edcias&#8221;&gt;   <img decoding=\"async\" src=\"https:https:\/\/thumbs.web.sapo.io\/?W=150&amp;H=150&amp;delay_optim=1&amp;crop=center&amp;tv=1&amp;epic=NmY1uXHwJgHWkWe4EZfpgY6aXtLjf3LJk+Vy40VRcl06B0jLN\/K+gk+DPSsAEexwsRYegTL8N\/5a0m\/IEDCqbe41PHCuDoPWtawfl1Vg1od3ysg=\" alt=\"Cr\u00e9ditos: Isabel Tavares | MadreMedia\" type=\"image\/jpeg\"\/>  <\/a> <\/li>\n<li class=\"[ tiny-33 small-25 medium-16 large-16 xlarge-16 no-margin-top   ]\"> <a href=\"https:\/\/mb.web.sapo.io\/1553790b335c909e9048506f36906905740d1145.jpg\" class=\"thumb\" title=\"A prociss\u00e3o. Prociss\u00e3o de Nossa Senhora dos Navegantes, Cascais\" data-ps-trigger=\"\" data-index=\"3\" data-extra-photos=\"+33\" rel=\"nofollow noopener\" target=\"_blank\"> A prociss\u00e3o. Prociss\u00e3o de Nossa Senhora dos Navegantes, Cascais\n<p>Cr\u00e9ditos: Isabel Tavares | MadreMedia<\/p>\n<p>&#8221; data-title=&#8221;A prociss\u00e3o. Prociss\u00e3o de Nossa Senhora dos Navegantes, Cascais &#8211; Prociss\u00e3o Nossa Senhora dos Navegantes. Cascais, uma vila que ainda vive do mar &#8211; 24 Not\u00edcias&#8221;&gt;   <img decoding=\"async\" src=\"https:https:\/\/thumbs.web.sapo.io\/?W=150&amp;H=150&amp;delay_optim=1&amp;crop=center&amp;tv=1&amp;epic=NWNk+o76CccHKGu9hFAEsxYBFUyVRypU1nFem+UrOKEg99j57fph9tNTFbClh1vsRXc2T+tWHgWRNZAXoceMRER4H4dqP7RFT+thMn8KVLV+ygg=\" alt=\"Cr\u00e9ditos: Isabel Tavares | MadreMedia\" type=\"image\/jpeg\"\/>  <\/a> <\/li>\n<li class=\"[ tiny-33 small-25 medium-16 large-16 xlarge-16 no-margin-top   ]\"> <a href=\"https:\/\/mb.web.sapo.io\/2cc115ef87bdf3d5209342553afa24410e493d29.jpg\" class=\"thumb\" title=\"A sa\u00edda dos barcos. Prociss\u00e3o de Nossa Senhora dos Navegantes, Cascais\" data-ps-trigger=\"\" data-index=\"4\" data-extra-photos=\"+33\" rel=\"nofollow noopener\" target=\"_blank\"> A sa\u00edda dos barcos. Prociss\u00e3o de Nossa Senhora dos Navegantes, Cascais\n<p>Cr\u00e9ditos: Isabel Tavares | MadreMedia<\/p>\n<p>&#8221; data-title=&#8221;A sa\u00edda dos barcos. Prociss\u00e3o de Nossa Senhora dos Navegantes, Cascais &#8211; Prociss\u00e3o Nossa Senhora dos Navegantes. Cascais, uma vila que ainda vive do mar &#8211; 24 Not\u00edcias&#8221;&gt;   <img decoding=\"async\" src=\"https:https:\/\/thumbs.web.sapo.io\/?W=150&amp;H=150&amp;delay_optim=1&amp;crop=center&amp;tv=1&amp;epic=Yjk41XiOQNKgQ7\/7qWPimbPNdQ5o7ecGead99xJaBEe7JsGVpIYIJSj1eow4+S8AeDEh6YntaB+XShS7TmolBf1yDkEwOADE5TQnjVZZz\/S25Mg=\" alt=\"Cr\u00e9ditos: Isabel Tavares | MadreMedia\" type=\"image\/jpeg\"\/>  <\/a> <\/li>\n<li class=\"[ tiny-33 small-25 medium-16 large-16 xlarge-16 no-margin-top   ]\"> <a href=\"https:\/\/mb.web.sapo.io\/320d240b1fd1b625dd1d591101dba7e158704287.jpg\" class=\"thumb\" title=\"A ver a festa. Prociss\u00e3o de Nossa Senhora dos Navegantes, Cascais\" data-ps-trigger=\"\" data-index=\"5\" data-extra-photos=\"+33\" rel=\"nofollow noopener\" target=\"_blank\"> A ver a festa. Prociss\u00e3o de Nossa Senhora dos Navegantes, Cascais\n<p>Cr\u00e9ditos: Isabel Tavares | MadreMedia<\/p>\n<p>&#8221; data-title=&#8221;A ver a festa. Prociss\u00e3o de Nossa Senhora dos Navegantes, Cascais &#8211; Prociss\u00e3o Nossa Senhora dos Navegantes. Cascais, uma vila que ainda vive do mar &#8211; 24 Not\u00edcias&#8221;&gt;   <img decoding=\"async\" src=\"https:https:\/\/thumbs.web.sapo.io\/?W=150&amp;H=150&amp;delay_optim=1&amp;crop=center&amp;tv=1&amp;epic=ZWRmWYpgNFkN6kByB7Hg7BJaLYWtYbAmycILcR+zMyeQbSZ67+JXQYWUwPWZYkSvOBRd7x5ZHdT2Z0uKuu+F9QkApHohV85g5Uikto4c8m3ksqs=\" alt=\"Cr\u00e9ditos: Isabel Tavares | MadreMedia\" type=\"image\/jpeg\"\/>  <\/a> <\/li>\n<li class=\"[ tiny-33 small-25 medium-16 large-16 xlarge-16 no-margin-top   ]\"> <a href=\"https:\/\/mb.web.sapo.io\/424fd7c820cec8c2cad675d34848e60792e7dca3.jpg\" class=\"thumb\" title=\"Amizade. Prociss\u00e3o de Nossa Senhora dos Navegantes, Cascais\" data-ps-trigger=\"\" data-index=\"6\" data-extra-photos=\"+33\" rel=\"nofollow noopener\" target=\"_blank\"> Amizade. Prociss\u00e3o de Nossa Senhora dos Navegantes, Cascais\n<p>Cr\u00e9ditos: Isabel Tavares | MadreMedia<\/p>\n<p>&#8221; data-title=&#8221;Amizade. Prociss\u00e3o de Nossa Senhora dos Navegantes, Cascais &#8211; Prociss\u00e3o Nossa Senhora dos Navegantes. Cascais, uma vila que ainda vive do mar &#8211; 24 Not\u00edcias&#8221;&gt;   <img decoding=\"async\" src=\"https:https:\/\/thumbs.web.sapo.io\/?W=150&amp;H=150&amp;delay_optim=1&amp;crop=center&amp;tv=1&amp;epic=YzMwTxCWSH2VfvTc9DMa45wxeyjvNR0hdyYasCOdaj00zEEGqof\/G6xItyI2\/AhFHbJ1kNz3Q3itbBLchUy0+5+u1e2hGf3b4OKq+WXJ2rOYHPA=\" alt=\"Cr\u00e9ditos: Isabel Tavares | MadreMedia\" type=\"image\/jpeg\"\/>  <\/a> <\/li>\n<li class=\"[ tiny-33 small-25 medium-16 large-16 xlarge-16 no-margin-top   ]\"> <a href=\"https:\/\/mb.web.sapo.io\/6dc478f410d62d8c581e8c277c59b1330bc790c3.jpg\" class=\"thumb\" title=\"Andor com Nossa Senhora dos Navegantes. Prociss\u00e3o de Nossa Senhora dos Navegantes, Cascais\" data-ps-trigger=\"\" data-index=\"7\" data-extra-photos=\"+33\" rel=\"nofollow noopener\" target=\"_blank\"> Andor com Nossa Senhora dos Navegantes. Prociss\u00e3o de Nossa Senhora dos Navegantes, Cascais\n<p>Cr\u00e9ditos: Isabel Tavares | MadreMedia<\/p>\n<p>&#8221; data-title=&#8221;Andor com Nossa Senhora dos Navegantes. Prociss\u00e3o de Nossa Senhora dos Navegantes, Cascais &#8211; Prociss\u00e3o Nossa Senhora dos Navegantes. Cascais, uma vila que ainda vive do mar &#8211; 24 Not\u00edcias&#8221;&gt;   <img decoding=\"async\" src=\"https:https:\/\/thumbs.web.sapo.io\/?W=150&amp;H=150&amp;delay_optim=1&amp;crop=center&amp;tv=1&amp;epic=MTAxdn3oixi8jj\/bU\/gLU+9bSeyXVnbf\/UPhPJbpPu2Ne2+FG+qsi3apVaTwDgCB+JiyfO9SwPJ3C49UblKPLClcCLpdtMzHkEWELZz\/huU5z1s=\" alt=\"Cr\u00e9ditos: Isabel Tavares | MadreMedia\" type=\"image\/jpeg\"\/>  <\/a> <\/li>\n<li class=\"[ tiny-33 small-25 medium-16 large-16 xlarge-16 no-margin-top   ]\"> <a href=\"https:\/\/mb.web.sapo.io\/d7656a1b22b5fcc33874a7ff5aa412ec797a27dd.jpg\" class=\"thumb\" title=\"Andor com Nossa Senhora dos Navegantes. Prociss\u00e3o de Nossa Senhora dos Navegantes, Cascais\" data-ps-trigger=\"\" data-index=\"8\" data-extra-photos=\"+33\" rel=\"nofollow noopener\" target=\"_blank\"> Andor com Nossa Senhora dos Navegantes. Prociss\u00e3o de Nossa Senhora dos Navegantes, Cascais\n<p>Cr\u00e9ditos: Isabel Tavares | MadreMedia<\/p>\n<p>&#8221; data-title=&#8221;Andor com Nossa Senhora dos Navegantes. Prociss\u00e3o de Nossa Senhora dos Navegantes, Cascais &#8211; Prociss\u00e3o Nossa Senhora dos Navegantes. Cascais, uma vila que ainda vive do mar &#8211; 24 Not\u00edcias&#8221;&gt;   <img decoding=\"async\" src=\"https:https:\/\/thumbs.web.sapo.io\/?W=150&amp;H=150&amp;delay_optim=1&amp;crop=center&amp;tv=1&amp;epic=MjhiIBSC6FYLH\/55+ILM08VrFHO4\/\/GgfWwdNwmWT32wdXSOePU0CF9PWPMvDoGgXuwDwndxSKmPbBur3O68IF7TbdCgTfJxkKQ1lB3yaH3fZCk=\" alt=\"Cr\u00e9ditos: Isabel Tavares | MadreMedia\" type=\"image\/jpeg\"\/>  <\/a> <\/li>\n<li class=\"[ tiny-33 small-25 medium-16 large-16 xlarge-16 no-margin-top   ]\"> <a href=\"https:\/\/mb.web.sapo.io\/e4e04d8f9b1f532c54e6a2f4ba42ef0a4c18712f.jpg\" class=\"thumb\" title=\"Ba\u00eda de Cascais. Prociss\u00e3o de Nossa Senhora dos Navegantes, Cascais\" data-ps-trigger=\"\" data-index=\"9\" data-extra-photos=\"+33\" rel=\"nofollow noopener\" target=\"_blank\"> Ba\u00eda de Cascais. Prociss\u00e3o de Nossa Senhora dos Navegantes, Cascais\n<p>Cr\u00e9ditos: Isabel Tavares | MadreMedia<\/p>\n<p>&#8221; data-title=&#8221;Ba\u00eda de Cascais. Prociss\u00e3o de Nossa Senhora dos Navegantes, Cascais &#8211; Prociss\u00e3o Nossa Senhora dos Navegantes. Cascais, uma vila que ainda vive do mar &#8211; 24 Not\u00edcias&#8221;&gt;   <img decoding=\"async\" src=\"https:https:\/\/thumbs.web.sapo.io\/?W=150&amp;H=150&amp;delay_optim=1&amp;crop=center&amp;tv=1&amp;epic=Nzg2V5U8n2mn8ZQFjiuF1q0X99eLg9MbUBvMNfP2xzJBoxztg2XCB\/lzpIAHKr4U1+sKIoDOsemdzCMwfQhuus5uGMOf5wQg1Zo7xrCuB+jVeQ4=\" alt=\"Cr\u00e9ditos: Isabel Tavares | MadreMedia\" type=\"image\/jpeg\"\/>  <\/a> <\/li>\n<li class=\"[ tiny-33 small-25 medium-16 large-16 xlarge-16 no-margin-top   ]\"> <a href=\"https:\/\/mb.web.sapo.io\/6a06bc27ccb87a1538469766685760ece1955dec.jpg\" class=\"thumb\" title=\"Banda dos Bombeiros Volunt\u00e1rios de Alcabideche. Prociss\u00e3o de Nossa Senhora dos Navegantes, Cascais\" data-ps-trigger=\"\" data-index=\"10\" data-extra-photos=\"+33\" rel=\"nofollow noopener\" target=\"_blank\"> Banda dos Bombeiros Volunt\u00e1rios de Alcabideche. Prociss\u00e3o de Nossa Senhora dos Navegantes, Cascais\n<p>Cr\u00e9ditos: Isabel Tavares | MadreMedia<\/p>\n<p>&#8221; data-title=&#8221;Banda dos Bombeiros Volunt\u00e1rios de Alcabideche. Prociss\u00e3o de Nossa Senhora dos Navegantes, Cascais &#8211; Prociss\u00e3o Nossa Senhora dos Navegantes. Cascais, uma vila que ainda vive do mar &#8211; 24 Not\u00edcias&#8221;&gt;   <img decoding=\"async\" src=\"https:https:\/\/thumbs.web.sapo.io\/?W=150&amp;H=150&amp;delay_optim=1&amp;crop=center&amp;tv=1&amp;epic=NGQwvP07kjzcqrdXMbljUF3bFJN3JqGRXvZASm8DefE6qay\/e9fSuut3uHdyl68VVOoudnTj4LJWqEygykzbrbkkz1o2IbLP5hJpfZnjJ5XmA38=\" alt=\"Cr\u00e9ditos: Isabel Tavares | MadreMedia\" type=\"image\/jpeg\"\/>  <\/a> <\/li>\n<li class=\"[ tiny-33 small-25 medium-16 large-16 xlarge-16 no-margin-top show-extra-photos-label  ]\"> <a href=\"https:\/\/mb.web.sapo.io\/5c155274e60d07a142a460d2b05c359402854fe4.jpg\" class=\"thumb\" title=\"Barco engalanado. Prociss\u00e3o de Nossa Senhora dos Navegantes, Cascais\" data-ps-trigger=\"\" data-index=\"11\" data-extra-photos=\"+33\" rel=\"nofollow noopener\" target=\"_blank\"> Barco engalanado. Prociss\u00e3o de Nossa Senhora dos Navegantes, Cascais\n<p>Cr\u00e9ditos: Isabel Tavares | MadreMedia<\/p>\n<p>&#8221; data-title=&#8221;Barco engalanado. Prociss\u00e3o de Nossa Senhora dos Navegantes, Cascais &#8211; Prociss\u00e3o Nossa Senhora dos Navegantes. Cascais, uma vila que ainda vive do mar &#8211; 24 Not\u00edcias&#8221;&gt;   <img decoding=\"async\" src=\"https:https:\/\/thumbs.web.sapo.io\/?W=150&amp;H=150&amp;delay_optim=1&amp;crop=center&amp;tv=1&amp;epic=NjZlQtacp58967zXb5pkk4QdTXj8U3Wil8dQpggDtgj\/Djd3JN5uavMHf7S7B2ns3Z4IiFnaKD9yhgCN\/TYKKTCL\/ybywdK5EN+YX9nhQXCQuTU=\" alt=\"Cr\u00e9ditos: Isabel Tavares | MadreMedia\" type=\"image\/jpeg\"\/>  <\/a> <\/li>\n<li class=\"[ tiny-33 small-25 medium-16 large-16 xlarge-16 no-margin-top  hide-all ]\"> <a href=\"https:\/\/mb.web.sapo.io\/c1fb063d344bc0fb2f8e1033a93923fc446cc9f9.jpg\" class=\"thumb\" title=\"Barcos de pesca. Prociss\u00e3o de Nossa Senhora dos Navegantes, Cascais\" data-ps-trigger=\"\" data-index=\"12\" data-extra-photos=\"+33\" rel=\"nofollow noopener\" target=\"_blank\"> Barcos de pesca. Prociss\u00e3o de Nossa Senhora dos Navegantes, Cascais\n<p>Cr\u00e9ditos: Isabel Tavares | MadreMedia<\/p>\n<p>&#8221; data-title=&#8221;Barcos de pesca. Prociss\u00e3o de Nossa Senhora dos Navegantes, Cascais &#8211; Prociss\u00e3o Nossa Senhora dos Navegantes. Cascais, uma vila que ainda vive do mar &#8211; 24 Not\u00edcias&#8221;&gt;   <img decoding=\"async\" src=\"https:https:\/\/thumbs.web.sapo.io\/?W=150&amp;H=150&amp;delay_optim=1&amp;crop=center&amp;tv=1&amp;epic=NzQwIyZ+ymbIV9NRJKuTfdTocNq0FIWlqrBkYtjTwZDLeAY1D2boh4Mc03JmLoG1iimR+69ifR5rHehGa1cogYp0Ijasa+qN8As7EBbtfdC\/qlg=\" alt=\"Cr\u00e9ditos: Isabel Tavares | MadreMedia\" type=\"image\/jpeg\"\/>  <\/a> <\/li>\n<li class=\"[ tiny-33 small-25 medium-16 large-16 xlarge-16 no-margin-top  hide-all ]\"> <a href=\"https:\/\/mb.web.sapo.io\/41cf7650350b62b2ee007775e09585ac6f1ae048.jpg\" class=\"thumb\" title=\"Barcos engalanados. Prociss\u00e3o de Nossa Senhora dos Navegantes, Cascais\" data-ps-trigger=\"\" data-index=\"13\" data-extra-photos=\"+33\" rel=\"nofollow noopener\" target=\"_blank\"> Barcos engalanados. Prociss\u00e3o de Nossa Senhora dos Navegantes, Cascais\n<p>Cr\u00e9ditos: Isabel Tavares | MadreMedia<\/p>\n<p>&#8221; data-title=&#8221;Barcos engalanados. Prociss\u00e3o de Nossa Senhora dos Navegantes, Cascais &#8211; Prociss\u00e3o Nossa Senhora dos Navegantes. Cascais, uma vila que ainda vive do mar &#8211; 24 Not\u00edcias&#8221;&gt;   <img decoding=\"async\" src=\"https:https:\/\/thumbs.web.sapo.io\/?W=150&amp;H=150&amp;delay_optim=1&amp;crop=center&amp;tv=1&amp;epic=OThjTZ6pdIzSAnYTS8Sl4zfsEVEokFNwqCyJyel+G6S2WePsZ2+ihN1N6b4TMGnLu5s+vHsRetqtPfKqTEYtKipB1SMu0neCU9RjbqW7nsP\/91g=\" alt=\"Cr\u00e9ditos: Isabel Tavares | MadreMedia\" type=\"image\/jpeg\"\/>  <\/a> <\/li>\n<li class=\"[ tiny-33 small-25 medium-16 large-16 xlarge-16 no-margin-top  hide-all ]\"> <a href=\"https:\/\/mb.web.sapo.io\/3052e98492f66165a03e78589bf113cd85970f7c.jpg\" class=\"thumb\" title=\"Barcos. Prociss\u00e3o de Nossa Senhora dos Navegantes, Cascais\" data-ps-trigger=\"\" data-index=\"14\" data-extra-photos=\"+33\" rel=\"nofollow noopener\" target=\"_blank\"> Barcos. Prociss\u00e3o de Nossa Senhora dos Navegantes, Cascais\n<p>Cr\u00e9ditos: Isabel Tavares | MadreMedia<\/p>\n<p>&#8221; data-title=&#8221;Barcos. Prociss\u00e3o de Nossa Senhora dos Navegantes, Cascais &#8211; Prociss\u00e3o Nossa Senhora dos Navegantes. Cascais, uma vila que ainda vive do mar &#8211; 24 Not\u00edcias&#8221;&gt;   <img decoding=\"async\" src=\"https:https:\/\/thumbs.web.sapo.io\/?W=150&amp;H=150&amp;delay_optim=1&amp;crop=center&amp;tv=1&amp;epic=MjBjgrXw25wTf57y2zKbC4IdU7kFJ71iOFU7c\/4h25c4znCZBCqnUHSDZviwZ5Q\/mO\/mV8mXxHKD9He+VSMaOyEhU\/l+ggXCYfDwcIMg8rRvgr8=\" alt=\"Cr\u00e9ditos: Isabel Tavares | MadreMedia\" type=\"image\/jpeg\"\/>  <\/a> <\/li>\n<li class=\"[ tiny-33 small-25 medium-16 large-16 xlarge-16 no-margin-top  hide-all ]\"> <a href=\"https:\/\/mb.web.sapo.io\/ef5403ebe75a374355194b99f6963be7d6ca363c.jpg\" class=\"thumb\" title=\"Barcos. Prociss\u00e3o de Nossa Senhora dos Navegantes, Cascais\" data-ps-trigger=\"\" data-index=\"15\" data-extra-photos=\"+33\" rel=\"nofollow noopener\" target=\"_blank\"> Barcos. Prociss\u00e3o de Nossa Senhora dos Navegantes, Cascais\n<p>Cr\u00e9ditos: Isabel Tavares | MadreMedia<\/p>\n<p>&#8221; data-title=&#8221;Barcos. Prociss\u00e3o de Nossa Senhora dos Navegantes, Cascais &#8211; Prociss\u00e3o Nossa Senhora dos Navegantes. Cascais, uma vila que ainda vive do mar &#8211; 24 Not\u00edcias&#8221;&gt;   <img decoding=\"async\" src=\"https:https:\/\/thumbs.web.sapo.io\/?W=150&amp;H=150&amp;delay_optim=1&amp;crop=center&amp;tv=1&amp;epic=Y2IxyBfJpc1pv+3sbeEEHYKGxDTvSO45vUT6OBgfFSb1RkWxzbNldWPJiwsZHg5xoMTU+6mvV+zPma3S90hzJx5y2vEBUcc2zn\/Fh+mMXo4J18I=\" alt=\"Cr\u00e9ditos: Isabel Tavares | MadreMedia\" type=\"image\/jpeg\"\/>  <\/a> <\/li>\n<li class=\"[ tiny-33 small-25 medium-16 large-16 xlarge-16 no-margin-top  hide-all ]\"> <a href=\"https:\/\/mb.web.sapo.io\/483e90fba82e1711eeefecd3a26d1c123011e062.jpg\" class=\"thumb\" title=\"Barcos. Prociss\u00e3o de Nossa Senhora dos Navegantes, Cascais\" data-ps-trigger=\"\" data-index=\"16\" data-extra-photos=\"+33\" rel=\"nofollow noopener\" target=\"_blank\"> Barcos. Prociss\u00e3o de Nossa Senhora dos Navegantes, Cascais\n<p>Cr\u00e9ditos: Isabel Tavares | MadreMedia<\/p>\n<p>&#8221; data-title=&#8221;Barcos. Prociss\u00e3o de Nossa Senhora dos Navegantes, Cascais &#8211; Prociss\u00e3o Nossa Senhora dos Navegantes. Cascais, uma vila que ainda vive do mar &#8211; 24 Not\u00edcias&#8221;&gt;   <img decoding=\"async\" src=\"https:https:\/\/thumbs.web.sapo.io\/?W=150&amp;H=150&amp;delay_optim=1&amp;crop=center&amp;tv=1&amp;epic=YzgyN0mcgpRrX8aVp0TGfwktz8on4NGpaMImppEbCFEkFxS3kSaeVBBvRxML5HeGpmmX357N70uorwYKKaRYHpATr8EPEnox5moEk7RFc3NuS1s=\" alt=\"Cr\u00e9ditos: Isabel Tavares | MadreMedia\" type=\"image\/jpeg\"\/>  <\/a> <\/li>\n<li class=\"[ tiny-33 small-25 medium-16 large-16 xlarge-16 no-margin-top  hide-all ]\"> <a href=\"https:\/\/mb.web.sapo.io\/2cac03a518bbab9f8d27b2e567296b7a0e8a7732.jpg\" class=\"thumb\" title=\"Cascais. Prociss\u00e3o de Nossa Senhora dos Navegantes, Cascais\" data-ps-trigger=\"\" data-index=\"17\" data-extra-photos=\"+33\" rel=\"nofollow noopener\" target=\"_blank\"> Cascais. Prociss\u00e3o de Nossa Senhora dos Navegantes, Cascais\n<p>Cr\u00e9ditos: Isabel Tavares | MadreMedia<\/p>\n<p>&#8221; data-title=&#8221;Cascais. Prociss\u00e3o de Nossa Senhora dos Navegantes, Cascais &#8211; Prociss\u00e3o Nossa Senhora dos Navegantes. Cascais, uma vila que ainda vive do mar &#8211; 24 Not\u00edcias&#8221;&gt;   <img decoding=\"async\" src=\"https:https:\/\/thumbs.web.sapo.io\/?W=150&amp;H=150&amp;delay_optim=1&amp;crop=center&amp;tv=1&amp;epic=ZDQ1\/2RN8QmPuwNQ3\/NxYqb\/u0W56GYCca6ett3x+VRsVvRRC7n+C+AJ51ZYyfW7sQI0Tm4JZx5TzIC9hHiwKvZDTLaHny0+OEa9Xp8yIOIFj7c=\" alt=\"Cr\u00e9ditos: Isabel Tavares | MadreMedia\" type=\"image\/jpeg\"\/>  <\/a> <\/li>\n<li class=\"[ tiny-33 small-25 medium-16 large-16 xlarge-16 no-margin-top  hide-all ]\"> <a href=\"https:\/\/mb.web.sapo.io\/cdee22d97b15e63b014acb84a24bbdbf1eeed2a6.jpg\" class=\"thumb\" title=\"Chegada de Nossa Senhora dos Navegantes. Prociss\u00e3o de Nossa Senhora dos Navegantes, Cascais\" data-ps-trigger=\"\" data-index=\"18\" data-extra-photos=\"+33\" rel=\"nofollow noopener\" target=\"_blank\"> Chegada de Nossa Senhora dos Navegantes. Prociss\u00e3o de Nossa Senhora dos Navegantes, Cascais\n<p>Cr\u00e9ditos: Isabel Tavares | MadreMedia<\/p>\n<p>&#8221; data-title=&#8221;Chegada de Nossa Senhora dos Navegantes. Prociss\u00e3o de Nossa Senhora dos Navegantes, Cascais &#8211; Prociss\u00e3o Nossa Senhora dos Navegantes. Cascais, uma vila que ainda vive do mar &#8211; 24 Not\u00edcias&#8221;&gt;   <img decoding=\"async\" src=\"https:https:\/\/thumbs.web.sapo.io\/?W=150&amp;H=150&amp;delay_optim=1&amp;crop=center&amp;tv=1&amp;epic=Yzc29y524Cn6YS607x2bj+Qn1uQiEB2a\/gWbDJ3D7p14VuxR3Q3jw1Aj6IGJd2drhfTR7LyLr6hrJQc1r23tFdK394TBF7C9UKAyInO0oLHWOTo=\" alt=\"Cr\u00e9ditos: Isabel Tavares | MadreMedia\" type=\"image\/jpeg\"\/>  <\/a> <\/li>\n<li class=\"[ tiny-33 small-25 medium-16 large-16 xlarge-16 no-margin-top  hide-all ]\"> <a href=\"https:\/\/mb.web.sapo.io\/905c1edd133faf2eea671f1cf858956f9cc0d28e.jpg\" class=\"thumb\" title=\"Espera no cais. Prociss\u00e3o de Nossa Senhora dos Navegantes, Cascais\" data-ps-trigger=\"\" data-index=\"19\" data-extra-photos=\"+33\" rel=\"nofollow noopener\" target=\"_blank\"> Espera no cais. Prociss\u00e3o de Nossa Senhora dos Navegantes, Cascais\n<p>Cr\u00e9ditos: Isabel Tavares | MadreMedia<\/p>\n<p>&#8221; data-title=&#8221;Espera no cais. Prociss\u00e3o de Nossa Senhora dos Navegantes, Cascais &#8211; Prociss\u00e3o Nossa Senhora dos Navegantes. Cascais, uma vila que ainda vive do mar &#8211; 24 Not\u00edcias&#8221;&gt;   <img decoding=\"async\" src=\"https:https:\/\/thumbs.web.sapo.io\/?W=150&amp;H=150&amp;delay_optim=1&amp;crop=center&amp;tv=1&amp;epic=ODgyw+tie6MFYityU1Q\/lhipvZ0H5aJSZETNATxH+H\/rZvnbyn1cKCJaZJbzcDWb8SqbBphdAR5AcAapkqEYHc4UoL4hdRZSYtvek0rkY4II\/+E=\" alt=\"Cr\u00e9ditos: Isabel Tavares | MadreMedia\" type=\"image\/jpeg\"\/>  <\/a> <\/li>\n<li class=\"[ tiny-33 small-25 medium-16 large-16 xlarge-16 no-margin-top  hide-all ]\"> <a href=\"https:\/\/mb.web.sapo.io\/de571c0a4c62d247e521bed8cb2ceee3c5258df4.jpg\" class=\"thumb\" title=\"Espera no cais. Prociss\u00e3o de Nossa Senhora dos Navegantes, Cascais\" data-ps-trigger=\"\" data-index=\"20\" data-extra-photos=\"+33\" rel=\"nofollow noopener\" target=\"_blank\"> Espera no cais. Prociss\u00e3o de Nossa Senhora dos Navegantes, Cascais\n<p>Cr\u00e9ditos: Isabel Tavares | MadreMedia<\/p>\n<p>&#8221; data-title=&#8221;Espera no cais. Prociss\u00e3o de Nossa Senhora dos Navegantes, Cascais &#8211; Prociss\u00e3o Nossa Senhora dos Navegantes. Cascais, uma vila que ainda vive do mar &#8211; 24 Not\u00edcias&#8221;&gt;   <img decoding=\"async\" src=\"https:https:\/\/thumbs.web.sapo.io\/?W=150&amp;H=150&amp;delay_optim=1&amp;crop=center&amp;tv=1&amp;epic=M2Y255+Q6UNoFwWO8sZM\/ID\/pJH5KoAWzyQ96W9jwWjNLdsT7DZhxANH4Ck5\/cHwQHz8Vy1tTuBClvb8SaCAW7ujrfS+yAlWDO\/06oVqTVeDBZU=\" alt=\"Cr\u00e9ditos: Isabel Tavares | MadreMedia\" type=\"image\/jpeg\"\/>  <\/a> <\/li>\n<li class=\"[ tiny-33 small-25 medium-16 large-16 xlarge-16 no-margin-top  hide-all ]\"> <a href=\"https:\/\/mb.web.sapo.io\/438cc8a5dc1495719b5e49315ed1f1a519810f1d.jpg\" class=\"thumb\" title=\"Guia. Prociss\u00e3o de Nossa Senhora dos Navegantes, Cascais\" data-ps-trigger=\"\" data-index=\"21\" data-extra-photos=\"+33\" rel=\"nofollow noopener\" target=\"_blank\"> Guia. Prociss\u00e3o de Nossa Senhora dos Navegantes, Cascais\n<p>Cr\u00e9ditos: Isabel Tavares | MadreMedia<\/p>\n<p>&#8221; data-title=&#8221;Guia. Prociss\u00e3o de Nossa Senhora dos Navegantes, Cascais &#8211; Prociss\u00e3o Nossa Senhora dos Navegantes. Cascais, uma vila que ainda vive do mar &#8211; 24 Not\u00edcias&#8221;&gt;   <img decoding=\"async\" src=\"https:https:\/\/thumbs.web.sapo.io\/?W=150&amp;H=150&amp;delay_optim=1&amp;crop=center&amp;tv=1&amp;epic=NTQ5AVlh44mRMdnflYsK\/Bi+qh\/ly4z+BvpPx+YHkBgFTMUM49AYYxmE13+YLobjIZ0WnuljkGeHTNdfJmM8yA6j0tN0F+sfomMbd4IjTTeQ6TU=\" alt=\"Cr\u00e9ditos: Isabel Tavares | MadreMedia\" type=\"image\/jpeg\"\/>  <\/a> <\/li>\n<li class=\"[ tiny-33 small-25 medium-16 large-16 xlarge-16 no-margin-top  hide-all ]\"> <a href=\"https:\/\/mb.web.sapo.io\/04faea7906d63e019aea5899be2ae9ab3e9cdf0f.jpg\" class=\"thumb\" title=\"Guia. Prociss\u00e3o de Nossa Senhora dos Navegantes, Cascais\" data-ps-trigger=\"\" data-index=\"22\" data-extra-photos=\"+33\" rel=\"nofollow noopener\" target=\"_blank\"> Guia. Prociss\u00e3o de Nossa Senhora dos Navegantes, Cascais\n<p>Cr\u00e9ditos: Isabel Tavares | MadreMedia<\/p>\n<p>&#8221; data-title=&#8221;Guia. Prociss\u00e3o de Nossa Senhora dos Navegantes, Cascais &#8211; Prociss\u00e3o Nossa Senhora dos Navegantes. Cascais, uma vila que ainda vive do mar &#8211; 24 Not\u00edcias&#8221;&gt;   <img decoding=\"async\" src=\"https:https:\/\/thumbs.web.sapo.io\/?W=150&amp;H=150&amp;delay_optim=1&amp;crop=center&amp;tv=1&amp;epic=OWU2RZR3x5F7HwWoz6eYOfgHYKwbODOmjX2xr+A4hShbeAo2jWqcCCM2bIMr\/PEpw5DwYtmmrhpkSZfOXcdru0xr5RU\/fmOuiUpnCqt6RxNIxRs=\" alt=\"Cr\u00e9ditos: Isabel Tavares | MadreMedia\" type=\"image\/jpeg\"\/>  <\/a> <\/li>\n<li class=\"[ tiny-33 small-25 medium-16 large-16 xlarge-16 no-margin-top  hide-all ]\"> <a href=\"https:\/\/mb.web.sapo.io\/c027968f221b57f74f5960279890bd194abfa56c.jpg\" class=\"thumb\" title=\"Joj\u00f3 e mulher. Prociss\u00e3o de Nossa Senhora dos Navegantes, Cascais\" data-ps-trigger=\"\" data-index=\"23\" data-extra-photos=\"+33\" rel=\"nofollow noopener\" target=\"_blank\"> Joj\u00f3 e mulher. Prociss\u00e3o de Nossa Senhora dos Navegantes, Cascais\n<p>Cr\u00e9ditos: Isabel Tavares | MadreMedia<\/p>\n<p>&#8221; data-title=&#8221;Joj\u00f3 e mulher. Prociss\u00e3o de Nossa Senhora dos Navegantes, Cascais &#8211; Prociss\u00e3o Nossa Senhora dos Navegantes. Cascais, uma vila que ainda vive do mar &#8211; 24 Not\u00edcias&#8221;&gt;   <img decoding=\"async\" src=\"https:https:\/\/thumbs.web.sapo.io\/?W=150&amp;H=150&amp;delay_optim=1&amp;crop=center&amp;tv=1&amp;epic=M2JhHFtgeM99go4L6rimDZRNj96ImOXS6P8WZ+SyNXq1yTwaOxYg1gK9h8djk19Sp4L1aqCMn1P+7Wzf5e9LNdYnYNK2sjoBjltm9N+oWWobWks=\" alt=\"Cr\u00e9ditos: Isabel Tavares | MadreMedia\" type=\"image\/jpeg\"\/>  <\/a> <\/li>\n<li class=\"[ tiny-33 small-25 medium-16 large-16 xlarge-16 no-margin-top  hide-all ]\"> <a href=\"https:\/\/mb.web.sapo.io\/08eab85d86124a1110802acdb42c426f9db845d2.jpg\" class=\"thumb\" title=\"Joj\u00f3. Prociss\u00e3o de Nossa Senhora dos Navegantes, Cascais\" data-ps-trigger=\"\" data-index=\"24\" data-extra-photos=\"+33\" rel=\"nofollow noopener\" target=\"_blank\"> Joj\u00f3. Prociss\u00e3o de Nossa Senhora dos Navegantes, Cascais\n<p>Cr\u00e9ditos: Isabel Tavares | MadreMedia<\/p>\n<p>&#8221; data-title=&#8221;Joj\u00f3. Prociss\u00e3o de Nossa Senhora dos Navegantes, Cascais &#8211; Prociss\u00e3o Nossa Senhora dos Navegantes. Cascais, uma vila que ainda vive do mar &#8211; 24 Not\u00edcias&#8221;&gt;   <img decoding=\"async\" src=\"https:https:\/\/thumbs.web.sapo.io\/?W=150&amp;H=150&amp;delay_optim=1&amp;crop=center&amp;tv=1&amp;epic=NDUzgxKnYiuGh8B4au2VBBBPYE65R7htnvTEwqMH5DdVpRDu3GCy\/8gC2fPyZUZ7ZvWTgr0Ftwvc9atTWWuc198dB0fKFBo+9njycRIIiSVU08c=\" alt=\"Cr\u00e9ditos: Isabel Tavares | MadreMedia\" type=\"image\/jpeg\"\/>  <\/a> <\/li>\n<li class=\"[ tiny-33 small-25 medium-16 large-16 xlarge-16 no-margin-top  hide-all ]\"> <a href=\"https:\/\/mb.web.sapo.io\/8dbd347d6af2cee1391c4e981dc6afeb28dc0cd9.jpg\" class=\"thumb\" title=\"Largada de flores no mar. Prociss\u00e3o de Nossa Senhora dos Navegantes, Cascais\" data-ps-trigger=\"\" data-index=\"25\" data-extra-photos=\"+33\" rel=\"nofollow noopener\" target=\"_blank\"> Largada de flores no mar. Prociss\u00e3o de Nossa Senhora dos Navegantes, Cascais\n<p>Cr\u00e9ditos: Isabel Tavares | MadreMedia<\/p>\n<p>&#8221; data-title=&#8221;Largada de flores no mar. Prociss\u00e3o de Nossa Senhora dos Navegantes, Cascais &#8211; Prociss\u00e3o Nossa Senhora dos Navegantes. Cascais, uma vila que ainda vive do mar &#8211; 24 Not\u00edcias&#8221;&gt;   <img decoding=\"async\" src=\"https:https:\/\/thumbs.web.sapo.io\/?W=150&amp;H=150&amp;delay_optim=1&amp;crop=center&amp;tv=1&amp;epic=MjAxDQqdq0kK8rFORrX5m\/H6BjmZ\/xOP+xYFv7a5CfNn9pyViaamzJuWrnL7BXuZAuObqejUHY+n7OlhWfKGt0zb5YyAQLQSAVIfExHupaae\/ew=\" alt=\"Cr\u00e9ditos: Isabel Tavares | MadreMedia\" type=\"image\/jpeg\"\/>  <\/a> <\/li>\n<li class=\"[ tiny-33 small-25 medium-16 large-16 xlarge-16 no-margin-top  hide-all ]\"> <a href=\"https:\/\/mb.web.sapo.io\/5d1e55440dd2abc3c3392371c956edba7e5e44b0.jpg\" class=\"thumb\" title=\"Lili Cane\u00e7as e um barco muito cheio. Prociss\u00e3o de Nossa Senhora dos Navegantes, Cascais\" data-ps-trigger=\"\" data-index=\"26\" data-extra-photos=\"+33\" rel=\"nofollow noopener\" target=\"_blank\"> Lili Cane\u00e7as e um barco muito cheio. Prociss\u00e3o de Nossa Senhora dos Navegantes, Cascais\n<p>Cr\u00e9ditos: Isabel Tavares | MadreMedia<\/p>\n<p>&#8221; data-title=&#8221;Lili Cane\u00e7as e um barco muito cheio. Prociss\u00e3o de Nossa Senhora dos Navegantes, Cascais &#8211; Prociss\u00e3o Nossa Senhora dos Navegantes. Cascais, uma vila que ainda vive do mar &#8211; 24 Not\u00edcias&#8221;&gt;   <img decoding=\"async\" src=\"https:https:\/\/thumbs.web.sapo.io\/?W=150&amp;H=150&amp;delay_optim=1&amp;crop=center&amp;tv=1&amp;epic=ZTE2owICcMHh0iV9N745mfZp8rn8T\/hRFhtKM7gbvUnOIGWWxvBupRbx3QapuF5RDDAuKTXVYjT5fTLwIFLqtJwcNfgRapJHgBqfeITwrIgAs4w=\" alt=\"Cr\u00e9ditos: Isabel Tavares | MadreMedia\" type=\"image\/jpeg\"\/>  <\/a> <\/li>\n<li class=\"[ tiny-33 small-25 medium-16 large-16 xlarge-16 no-margin-top  hide-all ]\"> <a href=\"https:\/\/mb.web.sapo.io\/74d61a318e123241fd054963a07695524eb4ca6f.jpg\" class=\"thumb\" title=\"Manuel e Joj\u00f3. Prociss\u00e3o de Nossa Senhora dos Navegantes, Cascais\" data-ps-trigger=\"\" data-index=\"27\" data-extra-photos=\"+33\" rel=\"nofollow noopener\" target=\"_blank\"> Manuel e Joj\u00f3. Prociss\u00e3o de Nossa Senhora dos Navegantes, Cascais\n<p>Cr\u00e9ditos: Isabel Tavares | MadreMedia<\/p>\n<p>&#8221; data-title=&#8221;Manuel e Joj\u00f3. Prociss\u00e3o de Nossa Senhora dos Navegantes, Cascais &#8211; Prociss\u00e3o Nossa Senhora dos Navegantes. Cascais, uma vila que ainda vive do mar &#8211; 24 Not\u00edcias&#8221;&gt;   <img decoding=\"async\" src=\"https:https:\/\/thumbs.web.sapo.io\/?W=150&amp;H=150&amp;delay_optim=1&amp;crop=center&amp;tv=1&amp;epic=MmFj4Z1C958C2WrfqmVDvrGI36pwJW2tfbnr\/fHFn9K47eIoXzPGjZaBaEHM+hZ5tE5qwBDgBlGL9WGGwwsQ69JfqTEY96AP+H1mCmkhP1mqMnY=\" alt=\"Cr\u00e9ditos: Isabel Tavares | MadreMedia\" type=\"image\/jpeg\"\/>  <\/a> <\/li>\n<li class=\"[ tiny-33 small-25 medium-16 large-16 xlarge-16 no-margin-top  hide-all ]\"> <a href=\"https:\/\/mb.web.sapo.io\/f5dd554aac379cfd225180e0edaaee6a3bb1a34b.jpg\" class=\"thumb\" title=\"Manuel e Vera. Prociss\u00e3o de Nossa Senhora dos Navegantes, Cascais\" data-ps-trigger=\"\" data-index=\"28\" data-extra-photos=\"+33\" rel=\"nofollow noopener\" target=\"_blank\"> Manuel e Vera. Prociss\u00e3o de Nossa Senhora dos Navegantes, Cascais\n<p>Cr\u00e9ditos: Isabel Tavares | MadreMedia<\/p>\n<p>&#8221; data-title=&#8221;Manuel e Vera. Prociss\u00e3o de Nossa Senhora dos Navegantes, Cascais &#8211; Prociss\u00e3o Nossa Senhora dos Navegantes. Cascais, uma vila que ainda vive do mar &#8211; 24 Not\u00edcias&#8221;&gt;   <img decoding=\"async\" src=\"https:https:\/\/thumbs.web.sapo.io\/?W=150&amp;H=150&amp;delay_optim=1&amp;crop=center&amp;tv=1&amp;epic=NjY5pB1pdiYA8kGIzPxOJ38Y3J2dJOk9lkujRSDpKoi0gbnn5NPMyBtivzEhYmH0EzF3UVCS4xHJTidG2eyGPp8SJVAIP9V1mNnR2++4tflrVXM=\" alt=\"Cr\u00e9ditos: Isabel Tavares | MadreMedia\" type=\"image\/jpeg\"\/>  <\/a> <\/li>\n<li class=\"[ tiny-33 small-25 medium-16 large-16 xlarge-16 no-margin-top  hide-all ]\"> <a href=\"https:\/\/mb.web.sapo.io\/59f6115dd8ec28ab51d3a08513b429b6405396f0.jpg\" class=\"thumb\" title=\"Nossa Senhora dos Navegantes. Prociss\u00e3o de Nossa Senhora dos Navegantes, Cascais\" data-ps-trigger=\"\" data-index=\"29\" data-extra-photos=\"+33\" rel=\"nofollow noopener\" target=\"_blank\"> Nossa Senhora dos Navegantes. Prociss\u00e3o de Nossa Senhora dos Navegantes, Cascais\n<p>Cr\u00e9ditos: Isabel Tavares | MadreMedia<\/p>\n<p>&#8221; data-title=&#8221;Nossa Senhora dos Navegantes. Prociss\u00e3o de Nossa Senhora dos Navegantes, Cascais &#8211; Prociss\u00e3o Nossa Senhora dos Navegantes. Cascais, uma vila que ainda vive do mar &#8211; 24 Not\u00edcias&#8221;&gt;   <img decoding=\"async\" src=\"https:https:\/\/thumbs.web.sapo.io\/?W=150&amp;H=150&amp;delay_optim=1&amp;crop=center&amp;tv=1&amp;epic=OTZh4Z9KqEUMgQLDg6t584HdH3P8TXo\/U62\/K5\/zGC1\/ud7DNScs3cNRuKEtXw2malXef1kA91gAfpelc55Wr9b8g++EpIVWKuEm9QKjmGUzs00=\" alt=\"Cr\u00e9ditos: Isabel Tavares | MadreMedia\" type=\"image\/jpeg\"\/>  <\/a> <\/li>\n<li class=\"[ tiny-33 small-25 medium-16 large-16 xlarge-16 no-margin-top  hide-all ]\"> <a href=\"https:\/\/mb.web.sapo.io\/b6ec2d88eb7f928a489836c18183e6e7fa315bfe.jpg\" class=\"thumb\" title=\"Nossa Senhora dos Navegantes. Prociss\u00e3o de Nossa Senhora dos Navegantes, Cascais\" data-ps-trigger=\"\" data-index=\"30\" data-extra-photos=\"+33\" rel=\"nofollow noopener\" target=\"_blank\"> Nossa Senhora dos Navegantes. Prociss\u00e3o de Nossa Senhora dos Navegantes, Cascais\n<p>Cr\u00e9ditos: Isabel Tavares | MadreMedia<\/p>\n<p>&#8221; data-title=&#8221;Nossa Senhora dos Navegantes. Prociss\u00e3o de Nossa Senhora dos Navegantes, Cascais &#8211; Prociss\u00e3o Nossa Senhora dos Navegantes. Cascais, uma vila que ainda vive do mar &#8211; 24 Not\u00edcias&#8221;&gt;   <img decoding=\"async\" src=\"https:https:\/\/thumbs.web.sapo.io\/?W=150&amp;H=150&amp;delay_optim=1&amp;crop=center&amp;tv=1&amp;epic=YmY3DMEXjJ31MiqRMEBOGonrc2spGtQWiEDB2Qt16ZbW80BrE7p7ljjOvCSRM53cnhN6FTKPAMEw8MtqDYORP9K\/2tXEHOUxec5e5duHWvBqCXk=\" alt=\"Cr\u00e9ditos: Isabel Tavares | MadreMedia\" type=\"image\/jpeg\"\/>  <\/a> <\/li>\n<li class=\"[ tiny-33 small-25 medium-16 large-16 xlarge-16 no-margin-top  hide-all ]\"> <a href=\"https:\/\/mb.web.sapo.io\/e72243c5b97dce5484fb411aee5ee2f8c6c0c76c.jpg\" class=\"thumb\" title=\"Nossa Senhora dos Navegantes. Prociss\u00e3o de Nossa Senhora dos Navegantes, Cascais\" data-ps-trigger=\"\" data-index=\"31\" data-extra-photos=\"+33\" rel=\"nofollow noopener\" target=\"_blank\"> Nossa Senhora dos Navegantes. Prociss\u00e3o de Nossa Senhora dos Navegantes, Cascais\n<p>Cr\u00e9ditos: Isabel Tavares | MadreMedia<\/p>\n<p>&#8221; data-title=&#8221;Nossa Senhora dos Navegantes. Prociss\u00e3o de Nossa Senhora dos Navegantes, Cascais &#8211; Prociss\u00e3o Nossa Senhora dos Navegantes. Cascais, uma vila que ainda vive do mar &#8211; 24 Not\u00edcias&#8221;&gt;   <img decoding=\"async\" src=\"https:https:\/\/thumbs.web.sapo.io\/?W=150&amp;H=150&amp;delay_optim=1&amp;crop=center&amp;tv=1&amp;epic=Zjg3LM1vH3Y0P\/L+jweNVe6o7XXWTIfx0Aedovyf4u3yd8XqWpR54hCvp\/U6bGPYDfYtfAeWu1ksUnzzusnKAhDKoW1aWMb0wAIk18T2D7R3goQ=\" alt=\"Cr\u00e9ditos: Isabel Tavares | MadreMedia\" type=\"image\/jpeg\"\/>  <\/a> <\/li>\n<li class=\"[ tiny-33 small-25 medium-16 large-16 xlarge-16 no-margin-top  hide-all ]\"> <a href=\"https:\/\/mb.web.sapo.io\/5e4fce97a6018cc4cc9d611bc4210f0e4e88f036.jpg\" class=\"thumb\" title=\"Nossa Senhora dos Navegantes. Prociss\u00e3o de Nossa Senhora dos Navegantes, Cascais\" data-ps-trigger=\"\" data-index=\"32\" data-extra-photos=\"+33\" rel=\"nofollow noopener\" target=\"_blank\"> Nossa Senhora dos Navegantes. Prociss\u00e3o de Nossa Senhora dos Navegantes, Cascais\n<p>Cr\u00e9ditos: Isabel Tavares | MadreMedia<\/p>\n<p>&#8221; data-title=&#8221;Nossa Senhora dos Navegantes. Prociss\u00e3o de Nossa Senhora dos Navegantes, Cascais &#8211; Prociss\u00e3o Nossa Senhora dos Navegantes. Cascais, uma vila que ainda vive do mar &#8211; 24 Not\u00edcias&#8221;&gt;   <img decoding=\"async\" src=\"https:https:\/\/thumbs.web.sapo.io\/?W=150&amp;H=150&amp;delay_optim=1&amp;crop=center&amp;tv=1&amp;epic=M2Y4i+whBz69wtWiGMVejb6YGF21K7deRtQuOYdHjx9Ef3aIHln7ociKeh2MJIYKc2S9HSayQxMOZqSZ+ux1XNG+9F6KMGwT09gf7\/+FgH\/CAWg=\" alt=\"Cr\u00e9ditos: Isabel Tavares | MadreMedia\" type=\"image\/jpeg\"\/>  <\/a> <\/li>\n<li class=\"[ tiny-33 small-25 medium-16 large-16 xlarge-16 no-margin-top  hide-all ]\"> <a href=\"https:\/\/mb.web.sapo.io\/bea0501786c87203fa251e74cd24d987848f4a99.jpg\" class=\"thumb\" title=\"Nossa Senhora dos Navegantes. Prociss\u00e3o de Nossa Senhora dos Navegantes, Cascais\" data-ps-trigger=\"\" data-index=\"33\" data-extra-photos=\"+33\" rel=\"nofollow noopener\" target=\"_blank\"> Nossa Senhora dos Navegantes. Prociss\u00e3o de Nossa Senhora dos Navegantes, Cascais\n<p>Cr\u00e9ditos: Isabel Tavares | MadreMedia<\/p>\n<p>&#8221; data-title=&#8221;Nossa Senhora dos Navegantes. Prociss\u00e3o de Nossa Senhora dos Navegantes, Cascais &#8211; Prociss\u00e3o Nossa Senhora dos Navegantes. Cascais, uma vila que ainda vive do mar &#8211; 24 Not\u00edcias&#8221;&gt;   <img decoding=\"async\" src=\"https:https:\/\/thumbs.web.sapo.io\/?W=150&amp;H=150&amp;delay_optim=1&amp;crop=center&amp;tv=1&amp;epic=MjczOmTB7OksUYe3ROKTAz5wpjSowxz+qLnE0CUfMkeeDsurCDgwocnwl98vQDtcDxCzIfDGEiTDzOYREKh4cBQUB7DCu4IE98hShlTjTEDYXu4=\" alt=\"Cr\u00e9ditos: Isabel Tavares | MadreMedia\" type=\"image\/jpeg\"\/>  <\/a> <\/li>\n<li class=\"[ tiny-33 small-25 medium-16 large-16 xlarge-16 no-margin-top  hide-all ]\"> <a href=\"https:\/\/mb.web.sapo.io\/bcb33710dd6d0512c4f2b9a1f18c878dffd54c02.jpg\" class=\"thumb\" title=\"Nuno Piteira Lopes, Pe. Nuno Coelho e Pedro Mota Soares. Prociss\u00e3o de Nossa Senhora dos Navegantes, Cascais\" data-ps-trigger=\"\" data-index=\"34\" data-extra-photos=\"+33\" rel=\"nofollow noopener\" target=\"_blank\"> Nuno Piteira Lopes, Pe. Nuno Coelho e Pedro Mota Soares. Prociss\u00e3o de Nossa Senhora dos Navegantes, Cascais\n<p>Cr\u00e9ditos: Isabel Tavares | MadreMedia<\/p>\n<p>&#8221; data-title=&#8221;Nuno Piteira Lopes, Pe. Nuno Coelho e Pedro Mota Soares. Prociss\u00e3o de Nossa Senhora dos Navegantes, Cascais &#8211; Prociss\u00e3o Nossa Senhora dos Navegantes. Cascais, uma vila que ainda vive do mar &#8211; 24 Not\u00edcias&#8221;&gt;   <img decoding=\"async\" src=\"https:https:\/\/thumbs.web.sapo.io\/?W=150&amp;H=150&amp;delay_optim=1&amp;crop=center&amp;tv=1&amp;epic=MTQxzpwLVtiwDCRXaI8eTVi4zXMXd8kD3hfdgrIjHN5KmKxOkzh\/L0I1OkfRrtaxRncgsByBJUl\/DxyqoQRVbqsW3a5xA+k1VQ3BEVpAdSsTV98=\" alt=\"Cr\u00e9ditos: Isabel Tavares | MadreMedia\" type=\"image\/jpeg\"\/>  <\/a> <\/li>\n<li class=\"[ tiny-33 small-25 medium-16 large-16 xlarge-16 no-margin-top  hide-all ]\"> <a href=\"https:\/\/mb.web.sapo.io\/33387920d06e694afdef761551f2779e1f5718de.jpg\" class=\"thumb\" title=\"O regresso de Nossa Senhora dos Navegantes ao Cais. Prociss\u00e3o de Nossa Senhora dos Navegantes, Cascais\" data-ps-trigger=\"\" data-index=\"35\" data-extra-photos=\"+33\" rel=\"nofollow noopener\" target=\"_blank\"> O regresso de Nossa Senhora dos Navegantes ao Cais. Prociss\u00e3o de Nossa Senhora dos Navegantes, Cascais\n<p>Cr\u00e9ditos: Isabel Tavares | MadreMedia<\/p>\n<p>&#8221; data-title=&#8221;O regresso de Nossa Senhora dos Navegantes ao Cais. Prociss\u00e3o de Nossa Senhora dos Navegantes, Cascais &#8211; Prociss\u00e3o Nossa Senhora dos Navegantes. Cascais, uma vila que ainda vive do mar &#8211; 24 Not\u00edcias&#8221;&gt;   <img decoding=\"async\" src=\"https:https:\/\/thumbs.web.sapo.io\/?W=150&amp;H=150&amp;delay_optim=1&amp;crop=center&amp;tv=1&amp;epic=ODc3UDEmWwhS83uGqT4DyJe9BQwthCJkjmOrngnvxZbaj+sLQA4RhmgIJF8NX3S1IOIVN8aS44UWxtE2+VnGhDfQr4T\/Vv0beyEJPDsI6w0TSL4=\" alt=\"Cr\u00e9ditos: Isabel Tavares | MadreMedia\" type=\"image\/jpeg\"\/>  <\/a> <\/li>\n<li class=\"[ tiny-33 small-25 medium-16 large-16 xlarge-16 no-margin-top  hide-all ]\"> <a href=\"https:\/\/mb.web.sapo.io\/637227d63b68023b98dbd76021fdfb111b4f411b.jpg\" class=\"thumb\" title=\"Padre Nuno Coelho (atr\u00e1s) e Padre Markus Maeurer. Prociss\u00e3o de Nossa Senhora dos Navegantes, Cascais\" data-ps-trigger=\"\" data-index=\"36\" data-extra-photos=\"+33\" rel=\"nofollow noopener\" target=\"_blank\"> Padre Nuno Coelho (atr\u00e1s) e Padre Markus Maeurer. Prociss\u00e3o de Nossa Senhora dos Navegantes, Cascais\n<p>Cr\u00e9ditos: Isabel Tavares | MadreMedia<\/p>\n<p>&#8221; data-title=&#8221;Padre Nuno Coelho (atr\u00e1s) e Padre Markus Maeurer. Prociss\u00e3o de Nossa Senhora dos Navegantes, Cascais &#8211; Prociss\u00e3o Nossa Senhora dos Navegantes. Cascais, uma vila que ainda vive do mar &#8211; 24 Not\u00edcias&#8221;&gt;   <img decoding=\"async\" src=\"https:https:\/\/thumbs.web.sapo.io\/?W=150&amp;H=150&amp;delay_optim=1&amp;crop=center&amp;tv=1&amp;epic=Mzk1sbi6KDVD6PkcCs2mc+Kae1dliVWxEepmyOvvKP+uwBq3oL26BAj9IIlX7m\/oaK7kRCaZjDqIdoOMfjTOK8xSXdKN1S90GlhnAmVB0PaVkO0=\" alt=\"Cr\u00e9ditos: Isabel Tavares | MadreMedia\" type=\"image\/jpeg\"\/>  <\/a> <\/li>\n<li class=\"[ tiny-33 small-25 medium-16 large-16 xlarge-16 no-margin-top  hide-all ]\"> <a href=\"https:\/\/mb.web.sapo.io\/044b6d04a4f73559cd3ee03e808d0cfe848f5154.jpg\" class=\"thumb\" title=\"Prociss\u00e3o de Nossa Senhora dos Navegantes, Cascais\" data-ps-trigger=\"\" data-index=\"37\" data-extra-photos=\"+33\" rel=\"nofollow noopener\" target=\"_blank\"> Prociss\u00e3o de Nossa Senhora dos Navegantes, Cascais\n<p>Cr\u00e9ditos: Isabel Tavares | MadreMedia<\/p>\n<p>&#8221; data-title=&#8221;Prociss\u00e3o de Nossa Senhora dos Navegantes, Cascais &#8211; Prociss\u00e3o Nossa Senhora dos Navegantes. Cascais, uma vila que ainda vive do mar &#8211; 24 Not\u00edcias&#8221;&gt;   <img decoding=\"async\" src=\"https:https:\/\/thumbs.web.sapo.io\/?W=150&amp;H=150&amp;delay_optim=1&amp;crop=center&amp;tv=1&amp;epic=MWE593VymTGuE92+dDGHGM93eWooada5it7mXZa4h1lqKeIzHKf5BPJmqtA\/lW5wJAAqoNP7vZhUGJ9xOJg+v\/hpSZKPlVCHx7j+mSEDLL0qRRk=\" alt=\"Cr\u00e9ditos: Isabel Tavares | MadreMedia\" type=\"image\/jpeg\"\/>  <\/a> <\/li>\n<li class=\"[ tiny-33 small-25 medium-16 large-16 xlarge-16 no-margin-top  hide-all ]\"> <a href=\"https:\/\/mb.web.sapo.io\/7aa9835755766756caa903799f747945cc948348.jpg\" class=\"thumb\" title=\"Prociss\u00e3o de Nossa Senhora dos Navegantes, Cascais\" data-ps-trigger=\"\" data-index=\"38\" data-extra-photos=\"+33\" rel=\"nofollow noopener\" target=\"_blank\"> Prociss\u00e3o de Nossa Senhora dos Navegantes, Cascais\n<p>Cr\u00e9ditos: Isabel Tavares | MadreMedia<\/p>\n<p>&#8221; data-title=&#8221;Prociss\u00e3o de Nossa Senhora dos Navegantes, Cascais &#8211; Prociss\u00e3o Nossa Senhora dos Navegantes. Cascais, uma vila que ainda vive do mar &#8211; 24 Not\u00edcias&#8221;&gt;   <img decoding=\"async\" src=\"https:https:\/\/thumbs.web.sapo.io\/?W=150&amp;H=150&amp;delay_optim=1&amp;crop=center&amp;tv=1&amp;epic=NmM5HH0G7iASoK50Tedu5NS2MPwM7m+TpAHWx4awYfkh0ttQvwzZ16sI8ziU7O4LyKo7N8XVfnLCz3lEXcJ\/sH3ZjXHKPDeKu2D0uBIOIMwUu1A=\" alt=\"Cr\u00e9ditos: Isabel Tavares | MadreMedia\" type=\"image\/jpeg\"\/>  <\/a> <\/li>\n<li class=\"[ tiny-33 small-25 medium-16 large-16 xlarge-16 no-margin-top  hide-all ]\"> <a href=\"https:\/\/mb.web.sapo.io\/a263f1fa6c2f88e2342da80b589e6c477a465bce.jpg\" class=\"thumb\" title=\"Prociss\u00e3o de Nossa Senhora dos Navegantes, Cascais\" data-ps-trigger=\"\" data-index=\"39\" data-extra-photos=\"+33\" rel=\"nofollow noopener\" target=\"_blank\"> Prociss\u00e3o de Nossa Senhora dos Navegantes, Cascais\n<p>Cr\u00e9ditos: Isabel Tavares | MadreMedia<\/p>\n<p>&#8221; data-title=&#8221;Prociss\u00e3o de Nossa Senhora dos Navegantes, Cascais &#8211; Prociss\u00e3o Nossa Senhora dos Navegantes. Cascais, uma vila que ainda vive do mar &#8211; 24 Not\u00edcias&#8221;&gt;   <img decoding=\"async\" src=\"https:https:\/\/thumbs.web.sapo.io\/?W=150&amp;H=150&amp;delay_optim=1&amp;crop=center&amp;tv=1&amp;epic=MzNh4Tan02dHUbGK2EAgd6G0kpwE5VxOkzmjEAZtiz8MjO6O8N2RaZ2DrABrw+\/+eLfGWL60Juck2CF22skxv83goNWGQ16Tbnc1xu0Ga01Ag40=\" alt=\"Cr\u00e9ditos: Isabel Tavares | MadreMedia\" type=\"image\/jpeg\"\/>  <\/a> <\/li>\n<li class=\"[ tiny-33 small-25 medium-16 large-16 xlarge-16 no-margin-top  hide-all ]\"> <a href=\"https:\/\/mb.web.sapo.io\/9e1c26be02ae63c6f080000fa488edf370bc66ef.jpg\" class=\"thumb\" title=\"Prociss\u00e3o de Nossa Senhora dos Navegantes, Cascais\" data-ps-trigger=\"\" data-index=\"40\" data-extra-photos=\"+33\" rel=\"nofollow noopener\" target=\"_blank\"> Prociss\u00e3o de Nossa Senhora dos Navegantes, Cascais\n<p>Cr\u00e9ditos: Isabel Tavares | MadreMedia<\/p>\n<p>&#8221; data-title=&#8221;Prociss\u00e3o de Nossa Senhora dos Navegantes, Cascais &#8211; Prociss\u00e3o Nossa Senhora dos Navegantes. Cascais, uma vila que ainda vive do mar &#8211; 24 Not\u00edcias&#8221;&gt;   <img decoding=\"async\" src=\"https:https:\/\/thumbs.web.sapo.io\/?W=150&amp;H=150&amp;delay_optim=1&amp;crop=center&amp;tv=1&amp;epic=YzBi4CWaXcuGKNjeJjXqY1C7rF+s7\/Vfe5CFm2lul89i4uPWfHd17PZlEcKGeG5MXvL\/61GxFR6W+AARbzMX5u2bqsmFi+DVqfsvaT0abmaxUiw=\" alt=\"Cr\u00e9ditos: Isabel Tavares | MadreMedia\" type=\"image\/jpeg\"\/>  <\/a> <\/li>\n<li class=\"[ tiny-33 small-25 medium-16 large-16 xlarge-16 no-margin-top  hide-all ]\"> <a href=\"https:\/\/mb.web.sapo.io\/5c4c277d84a0d7dc4960d0e2e8c8d3ccc7920fa6.jpg\" class=\"thumb\" title=\"Prociss\u00e3o de Nossa Senhora dos Navegantes, Cascais\" data-ps-trigger=\"\" data-index=\"41\" data-extra-photos=\"+33\" rel=\"nofollow noopener\" target=\"_blank\"> Prociss\u00e3o de Nossa Senhora dos Navegantes, Cascais\n<p>Cr\u00e9ditos: Isabel Tavares | MadreMedia<\/p>\n<p>&#8221; data-title=&#8221;Prociss\u00e3o de Nossa Senhora dos Navegantes, Cascais &#8211; Prociss\u00e3o Nossa Senhora dos Navegantes. Cascais, uma vila que ainda vive do mar &#8211; 24 Not\u00edcias&#8221;&gt;   <img decoding=\"async\" src=\"https:https:\/\/thumbs.web.sapo.io\/?W=150&amp;H=150&amp;delay_optim=1&amp;crop=center&amp;tv=1&amp;epic=ZGU2FbGrN7YODkBSjyDawOeK7JtB9Sa6cVRpXyvt\/ES+j\/TuCAKim6\/rC8J\/R9mOEpYaboFqXNvZl0E6p6VChOUuJPD8Qg+4WqLPGJFLU\/JdSQ8=\" alt=\"Cr\u00e9ditos: Isabel Tavares | MadreMedia\" type=\"image\/jpeg\"\/>  <\/a> <\/li>\n<li class=\"[ tiny-33 small-25 medium-16 large-16 xlarge-16 no-margin-top  hide-all ]\"> <a href=\"https:\/\/mb.web.sapo.io\/88f792180516a645170c728614f2c17a16089e0f.jpg\" class=\"thumb\" title=\"Pormenor da est\u00e1tua de Nossa Senhora dos Navegantes. Prociss\u00e3o de Nossa Senhora dos Navegantes, Cascais\" data-ps-trigger=\"\" data-index=\"42\" data-extra-photos=\"+33\" rel=\"nofollow noopener\" target=\"_blank\"> Pormenor da est\u00e1tua de Nossa Senhora dos Navegantes. Prociss\u00e3o de Nossa Senhora dos Navegantes, Cascais\n<p>Cr\u00e9ditos: Isabel Tavares | MadreMedia<\/p>\n<p>&#8221; data-title=&#8221;Pormenor da est\u00e1tua de Nossa Senhora dos Navegantes. Prociss\u00e3o de Nossa Senhora dos Navegantes, Cascais &#8211; Prociss\u00e3o Nossa Senhora dos Navegantes. Cascais, uma vila que ainda vive do mar &#8211; 24 Not\u00edcias&#8221;&gt;   <img decoding=\"async\" src=\"https:https:\/\/thumbs.web.sapo.io\/?W=150&amp;H=150&amp;delay_optim=1&amp;crop=center&amp;tv=1&amp;epic=YzNhFpzgJMWS7joMDMFcgmWSqE4pY6rY8In9kd8ioCojBBUjuuAwY8\/gCqfPwvcvgqLp4Uig6IbfkitDyMqR70AgLSlwhoQEf7iFQysAKmUl250=\" alt=\"Cr\u00e9ditos: Isabel Tavares | MadreMedia\" type=\"image\/jpeg\"\/>  <\/a> <\/li>\n<li class=\"[ tiny-33 small-25 medium-16 large-16 xlarge-16 no-margin-top  hide-all ]\"> <a href=\"https:\/\/mb.web.sapo.io\/ab4820bc296fa9ba35fab9b9e619934ae082b451.jpg\" class=\"thumb\" title=\"Uma Ave Maria pelos pescadores. Prociss\u00e3o de Nossa Senhora dos Navegantes, Cascais\" data-ps-trigger=\"\" data-index=\"43\" data-extra-photos=\"+33\" rel=\"nofollow noopener\" target=\"_blank\"> Uma Ave Maria pelos pescadores. Prociss\u00e3o de Nossa Senhora dos Navegantes, Cascais\n<p>Cr\u00e9ditos: Isabel Tavares | MadreMedia<\/p>\n<p>&#8221; data-title=&#8221;Uma Ave Maria pelos pescadores. Prociss\u00e3o de Nossa Senhora dos Navegantes, Cascais &#8211; Prociss\u00e3o Nossa Senhora dos Navegantes. Cascais, uma vila que ainda vive do mar &#8211; 24 Not\u00edcias&#8221;&gt;   <img decoding=\"async\" src=\"https:https:\/\/thumbs.web.sapo.io\/?W=150&amp;H=150&amp;delay_optim=1&amp;crop=center&amp;tv=1&amp;epic=OTg228UsJM3\/CaCvA1XalX9iH5OJP+pBKra4X2WLgm6LMBh0KjtS0DSBrn+oT8o0mBMEbAjHIm8+4h2U\/Bjhs2VMXSkEQODDylgxJKL1QRMcHWo=\" alt=\"Cr\u00e9ditos: Isabel Tavares | MadreMedia\" type=\"image\/jpeg\"\/>  <\/a> <\/li>\n<\/ul>\n<p class=\"p1\">Nas margens e a bordo, muitos turistas, portugueses e estrangeiros, juntaram-se \u00e0 comunidade local numa tradi\u00e7\u00e3o com mais de tr\u00eas d\u00e9cadas e que \u00e9 Patrim\u00f3nio Cultural Imaterial de Interesse Municipal desde 2015.<\/p>\n<p class=\"p1\">Mais do que uma cerim\u00f3nia religiosa, tornou-se um momento em que uma comunidade se reconhece a si pr\u00f3pria e lembra aqueles que ficaram pelo caminho. Os nomes dos barcos ajudam a contar essa hist\u00f3ria. \u201cVanda Isabel\u201d, que este ano transportou o andor de Nossa Senhora dos Navegantes \u2014 sorteado anualmente entre os participantes \u2014, \u201cM\u00f3nica Sofia\u201d ou \u201cSopas\u201d s\u00e3o mais do que designa\u00e7\u00f5es de embarca\u00e7\u00f5es, carregam afetos e mem\u00f3rias.<\/p>\n<p class=\"p1\">Para Nuno Piteira Lopes, n\u00e3o h\u00e1 Festas do Mar sem esta liga\u00e7\u00e3o \u00e0 comunidade que lhes d\u00e1 sentido. &#8220;H\u00e1 mais de 30 anos que se faz a prociss\u00e3o, agora inserida nas Festas do Mar. Mas nem faz sentido ter as Festas do Mar sem prociss\u00e3o&#8221;. E deixa uma posi\u00e7\u00e3o clara sobre aquilo que considera ser a ess\u00eancia da celebra\u00e7\u00e3o: &#8220;Se algum dia algu\u00e9m quiser fazer as Festas do Mar sem prociss\u00e3o, chame-lhe outra coisa qualquer, mas j\u00e1 n\u00e3o ser\u00e3o as Festas do Mar&#8221;.<\/p>\n<p>___<\/p>\n<p><strong>A sua newsletter de sempre, agora ainda mais \u00fatil<\/strong><\/p>\n<p>Com o lan\u00e7amento da nova marca de informa\u00e7\u00e3o 24not\u00edcias, estamos a mudar a plataforma de newsletters, aproveitando para refor\u00e7ar a informa\u00e7\u00e3o que os leitores mais valorizam:<strong>\u00a0a que lhes \u00e9 \u00fatil, ajuda a tomar decis\u00f5es e a entender o mundo.<\/strong><\/p>\n<p><strong>Assine a nova newsletter do 24not\u00edcias\u00a0<a href=\"https:\/\/sapo.us1.list-manage.com\/subscribe?u=8f49263740b14ab5854be8045&amp;id=57a39c5e8f\" target=\"_blank\" rel=\"noopener noreferrer nofollow\">aqui<\/a>.<\/strong><\/p>\n","protected":false},"excerpt":{"rendered":"Acompanhe toda a atualidade informativa em\u00a024noticias.sapo.pt O ano come\u00e7ou mal. O mau tempo n\u00e3o se fez sentir apenas&hellip;\n","protected":false},"author":2,"featured_media":507311,"comment_status":"","ping_status":"","sticky":false,"template":"","format":"standard","meta":{"footnotes":"","_share_on_mastodon":"0"},"categories":[10],"tags":[27,28,15,16,14,25,26,21,22,12,13,19,20,32,23,24,33,17,18,29,30,31],"class_list":["post-507310","post","type-post","status-publish","format-standard","has-post-thumbnail","category-portugal","tag-breaking-news","tag-breakingnews","tag-featured-news","tag-featurednews","tag-headlines","tag-latest-news","tag-latestnews","tag-main-news","tag-mainnews","tag-news","tag-noticias","tag-noticias-principais","tag-noticiasprincipais","tag-portugal","tag-principais-noticias","tag-principaisnoticias","tag-pt","tag-top-stories","tag-topstories","tag-ultimas","tag-ultimas-noticias","tag-ultimasnoticias"],"share_on_mastodon":{"url":"https:\/\/pubeurope.com\/@pt\/117194898473183816","error":""},"_links":{"self":[{"href":"https:\/\/www.europesays.com\/pt\/wp-json\/wp\/v2\/posts\/507310","targetHints":{"allow":["GET"]}}],"collection":[{"href":"https:\/\/www.europesays.com\/pt\/wp-json\/wp\/v2\/posts"}],"about":[{"href":"https:\/\/www.europesays.com\/pt\/wp-json\/wp\/v2\/types\/post"}],"author":[{"embeddable":true,"href":"https:\/\/www.europesays.com\/pt\/wp-json\/wp\/v2\/users\/2"}],"replies":[{"embeddable":true,"href":"https:\/\/www.europesays.com\/pt\/wp-json\/wp\/v2\/comments?post=507310"}],"version-history":[{"count":0,"href":"https:\/\/www.europesays.com\/pt\/wp-json\/wp\/v2\/posts\/507310\/revisions"}],"wp:featuredmedia":[{"embeddable":true,"href":"https:\/\/www.europesays.com\/pt\/wp-json\/wp\/v2\/media\/507311"}],"wp:attachment":[{"href":"https:\/\/www.europesays.com\/pt\/wp-json\/wp\/v2\/media?parent=507310"}],"wp:term":[{"taxonomy":"category","embeddable":true,"href":"https:\/\/www.europesays.com\/pt\/wp-json\/wp\/v2\/categories?post=507310"},{"taxonomy":"post_tag","embeddable":true,"href":"https:\/\/www.europesays.com\/pt\/wp-json\/wp\/v2\/tags?post=507310"}],"curies":[{"name":"wp","href":"https:\/\/api.w.org\/{rel}","templated":true}]}}