{"id":507376,"date":"2026-09-01T10:05:17","date_gmt":"2026-09-01T10:05:17","guid":{"rendered":"https:\/\/www.europesays.com\/pt\/507376\/"},"modified":"2026-09-01T10:05:17","modified_gmt":"2026-09-01T10:05:17","slug":"concorrente-do-big-brother-recusa-se-a-sair-da-casa-apos-ordem-de-expulsao-e-obriga-producao-a-chamar-seguranca-big-brother-verao-2026-ultimas-noticias-videos-e-diretos","status":"publish","type":"post","link":"https:\/\/www.europesays.com\/pt\/507376\/","title":{"rendered":"Concorrente do Big Brother recusa-se a sair da casa ap\u00f3s ordem de expuls\u00e3o. E &#8220;obriga produ\u00e7\u00e3o&#8221; a chamar seguran\u00e7a &#8211; Big Brother Ver\u00e3o 2026: \u00daltimas Not\u00edcias, V\u00eddeos e Diretos"},"content":{"rendered":"<p>Um <strong>epis\u00f3dio ins\u00f3lito no Big Brother argentino<\/strong> tem dado que falar em todo o pa\u00eds. Na passada quinta-feira, dia 27 de agosto, <strong>a produ\u00e7\u00e3o do programa viu-se obrigada a recorrer \u00e0 seguran\u00e7a para conseguir retirar uma concorrente da casa<\/strong>, ap\u00f3s esta se ter recusado a cumprir a ordem de expuls\u00e3o.<\/p>\n<p>O caso ocorreu no <strong>&#8220;Gran Hermano: Generaci\u00f3n Dorada&#8221;<\/strong>, a <strong>vers\u00e3o argentina<\/strong> do formato, transmitida pelo canal Telefe. A pol\u00e9mica come\u00e7ou depois de a produ\u00e7\u00e3o ter decidido pela expuls\u00e3o imediata de duas concorrentes, Steffany &#8220;Campanita&#8221; Pereira e Danelik Galaz\u00e1n, na sequ\u00eancia de uma violenta discuss\u00e3o entre ambas.<\/p>\n<p>A decis\u00e3o surgiu ap\u00f3s um confronto ocorrido na noite anterior, que esteve perto de resultar em <strong>agress\u00e3o f\u00edsica entre as duas participantes.<\/strong><\/p>\n<p>O verdadeiro momento de tens\u00e3o, no entanto, ainda estava para acontecer. Quando confrontados com a decis\u00e3o da produ\u00e7\u00e3o, os desfechos foram bem diferentes: enquanto <strong>Danelik Galaz\u00e1n aceitou de imediato a ordem de sa\u00edda<\/strong>, <strong>Steffany &#8220;Campanita&#8221; Pereira recusou-se terminantemente a abandonar a casa,<\/strong> obrigando a produ\u00e7\u00e3o a intervir com <strong>recurso a seguran\u00e7a para concretizar a expuls\u00e3o.<\/strong><\/p>\n<p><strong>Veja aqui o momento ins\u00f3lito da expuls\u00e3o:<\/strong><\/p>\n","protected":false},"excerpt":{"rendered":"Um epis\u00f3dio ins\u00f3lito no Big Brother argentino tem dado que falar em todo o pa\u00eds. Na passada quinta-feira,&hellip;\n","protected":false},"author":2,"featured_media":507377,"comment_status":"","ping_status":"","sticky":false,"template":"","format":"standard","meta":{"footnotes":"","_share_on_mastodon":"0"},"categories":[85],"tags":[331,48,81289,333,328,335,336,114,115,334,81288,332,330,338,13,32,33,81173,162,227],"class_list":["post-507376","post","type-post","status-publish","format-standard","has-post-thumbnail","category-entretenimento","tag-big","tag-big-brother","tag-big-brother-argentino","tag-comentadores","tag-concorrentes","tag-confrontos","tag-discussoes","tag-entertainment","tag-entretenimento","tag-exclusivos","tag-expulsao-imediata","tag-expulso","tag-gala","tag-maria-botelho-moniz","tag-noticias","tag-portugal","tag-pt","tag-steffany-campanita-pereira","tag-tvi","tag-videos"],"share_on_mastodon":{"url":"https:\/\/pubeurope.com\/@pt\/117195225648860391","error":""},"_links":{"self":[{"href":"https:\/\/www.europesays.com\/pt\/wp-json\/wp\/v2\/posts\/507376","targetHints":{"allow":["GET"]}}],"collection":[{"href":"https:\/\/www.europesays.com\/pt\/wp-json\/wp\/v2\/posts"}],"about":[{"href":"https:\/\/www.europesays.com\/pt\/wp-json\/wp\/v2\/types\/post"}],"author":[{"embeddable":true,"href":"https:\/\/www.europesays.com\/pt\/wp-json\/wp\/v2\/users\/2"}],"replies":[{"embeddable":true,"href":"https:\/\/www.europesays.com\/pt\/wp-json\/wp\/v2\/comments?post=507376"}],"version-history":[{"count":0,"href":"https:\/\/www.europesays.com\/pt\/wp-json\/wp\/v2\/posts\/507376\/revisions"}],"wp:featuredmedia":[{"embeddable":true,"href":"https:\/\/www.europesays.com\/pt\/wp-json\/wp\/v2\/media\/507377"}],"wp:attachment":[{"href":"https:\/\/www.europesays.com\/pt\/wp-json\/wp\/v2\/media?parent=507376"}],"wp:term":[{"taxonomy":"category","embeddable":true,"href":"https:\/\/www.europesays.com\/pt\/wp-json\/wp\/v2\/categories?post=507376"},{"taxonomy":"post_tag","embeddable":true,"href":"https:\/\/www.europesays.com\/pt\/wp-json\/wp\/v2\/tags?post=507376"}],"curies":[{"name":"wp","href":"https:\/\/api.w.org\/{rel}","templated":true}]}}