{"id":507388,"date":"2026-09-01T10:22:23","date_gmt":"2026-09-01T10:22:23","guid":{"rendered":"https:\/\/www.europesays.com\/pt\/507388\/"},"modified":"2026-09-01T10:22:23","modified_gmt":"2026-09-01T10:22:23","slug":"professor-salva-900-alunos-10-minutos-antes-da-cheia-observador","status":"publish","type":"post","link":"https:\/\/www.europesays.com\/pt\/507388\/","title":{"rendered":"Professor salva 900 alunos 10 minutos antes da cheia \u2013 Observador"},"content":{"rendered":"<p>Eram cerca das 9h10 locais quando Rajendra Dawadi, diretor de uma escola em Nuwakot, no Nepal, recebeu quatro alertas de diferentes pessoas sobre a aproxima\u00e7\u00e3o das inunda\u00e7\u00f5es. Sem hesitar, decidiu evacuar as instala\u00e7\u00f5es, encaminhando cerca de 900 crian\u00e7as e adolescentes para terrenos mais elevados e ordenando aos autocarros escolares que invertessem a marcha e abandonassem a zona. A decis\u00e3o, segundo a <a href=\"https:\/\/www.theguardian.com\/world\/2026\/aug\/30\/headteacher-saves-children-flash-flood-nepal\" rel=\"nofollow noopener\" target=\"_blank\">BBC<\/a>, foi tomada apenas 10 minutos antes de as \u00e1guas atingirem a cidade.<\/p>\n<p>\u201cSe tiv\u00e9ssemos tomado a decis\u00e3o 10 minutos depois, nenhum de n\u00f3s, incluindo os alunos e eu, estaria aqui hoje\u201d, disse Dawadi em declara\u00e7\u00f5es \u00e0 televis\u00e3o brit\u00e2nica. \u201c<strong>Sinto orgulho por salvarmos\u00a0tantas vidas<\/strong>\u201c.<\/p>\n<p>Segundo o diretor da escola em Nuwakot, que tem cerca de 1.600 alunos, os alertas sobre a dimens\u00e3o da inunda\u00e7\u00e3o que se aproximava chegaram de quatro pessoas diferentes, em v\u00e1rias localidades da regi\u00e3o. Entre elas estava um pai que se deslocou \u00e0 escola para avisar da aproxima\u00e7\u00e3o de uma grande cheia e levar a filha para casa. \u201cOs pais n\u00e3o se precipitam sem um motivo forte, por isso ficou claro que n\u00e3o devia perder um segundo para evacuar as crian\u00e7as\u201d, relatou.<\/p>\n<p>                    <img src=\"https:\/\/www.europesays.com\/pt\/wp-content\/uploads\/2026\/09\/663293739-26419139844395663-8294060409203941146-n.jpg\" alt=\"\" loading=\"lazy\" decoding=\"async\" width=\"1280\" height=\"721\" class=\"news-photo\" onload=\"this.parentElement.classList.remove('spinner')\" onerror=\"this.parentElement.classList.remove('spinner')\"\/>                <\/p>\n<p class=\"legenda\">\n            \u25b2 Rajendra Dawadi<\/p>\n<p class=\"creditos\">Facebook\/ Rajendra Dawadi<\/p>\n<p>\u201cMesmo que a inunda\u00e7\u00e3o n\u00e3o estivesse a chegar, era apenas uma quest\u00e3o de um \u00fanico dia de aulas\u201d, relatou o diretor, acrescentando que, durante a evacua\u00e7\u00e3o da escola, <strong>viu uma resid\u00eancia estudantil a cerca de 100 metros do rio a ser engolida pela torrente de \u00e1gua das cheias<\/strong>.<\/p>\n<p>Em declara\u00e7\u00f5es \u00e0 BBC, uma aluna de 16 anos disse que a decis\u00e3o de Rajendra Dawadi lhes salvou a vida. \u201cEu e os meus amigos sobrevivemos por uma quest\u00e3o de 10 segundos\u201d, afirmou Yunisha, que apenas reencontrou a fam\u00edlia tr\u00eas dias depois.<\/p>\n<blockquote class=\"wp-embedded-content\" data-secret=\"BW8BgT53bU\">\n<p><a href=\"https:\/\/observador.pt\/2026\/08\/31\/nepal-numero-de-vitimas-mortais-sobe-para-903-estimativa-de-desaparecidos-continua-acima-dos-4000\/\" rel=\"nofollow noopener\" target=\"_blank\">Nepal. N\u00famero de v\u00edtimas mortais sobe para 955. Estimativa de desaparecidos continua acima dos 4000<\/a><\/p>\n<\/blockquote>\n<p>Entretanto, o n\u00famero de v\u00edtimas mortais na sequ\u00eancia da enxurrada que atingiu a fronteira entre o Nepal e a China na \u00faltima quarta-feira subiu para 955, de acordo com o mais recente relat\u00f3rio da <a href=\"https:\/\/observador.pt\/2026\/08\/31\/nepal-numero-de-vitimas-mortais-sobe-para-903-estimativa-de-desaparecidos-continua-acima-dos-4000\/\" rel=\"nofollow noopener\" target=\"_blank\">Autoridade Nacional para a Redu\u00e7\u00e3o e Gest\u00e3o do Risco de Cat\u00e1strofes<\/a> (NDRRMA). H\u00e1 ainda registo de 4471 desaparecidos.<\/p>\n<p dir=\"ltr\"><strong>[De regresso a Portugal, Carvalh\u00e3o Gil garante que n\u00e3o se vendeu aos russos e que nem sequer sabia que o homem com quem foi detido trabalhava para o SVR. Para ele, era s\u00f3 um \u201cparceiro de neg\u00f3cios\u201d. Mas as buscas \u00e0s casas do espi\u00e3o contam uma hist\u00f3ria diferente: a PJ encontra milhares de euros escondidos em casacos, gavetas e envelopes; dezenas de documentos secretos espalhados pelas v\u00e1rias divis\u00f5es; e at\u00e9 um rev\u00f3lver dissimulado numa estante. J\u00e1 est\u00e1 dispon\u00edvel o quinto epis\u00f3dio do novo Podcast Plus \u201cA Vida Dupla do Espi\u00e3o Traidor\u201d. Pode ouvir no\u00a0<a href=\"https:\/\/observador.pt\/programas\/a-vida-dupla-do-espio-traidor\/episodio-5-um-maco-de-notas-verdes\/\" rel=\"nofollow noopener\" target=\"_blank\">site do Observador<\/a>, na<a href=\"https:\/\/podcasts.apple.com\/pt\/podcast\/epis%C3%B3dio-5-um-ma%C3%A7o-de-notas-verdes\/id6792864997?i=1000785615501\" rel=\"nofollow noopener\" target=\"_blank\">\u00a0Apple Podcasts<\/a>, no\u00a0<a href=\"https:\/\/open.spotify.com\/episode\/0bV3kZduZPEtfcf406MUe0\" rel=\"nofollow noopener\" target=\"_blank\">Spotify\u00a0<\/a>e no<a href=\"https:\/\/www.youtube.com\/watch?v=GuHo5ZaBCyk&amp;list=PLd6-ASW8hah4&amp;index=1\" rel=\"nofollow noopener\" target=\"_blank\">\u00a0YouTube<\/a>.]<\/strong><\/p>\n<p dir=\"ltr\"><a href=\"https:\/\/observador.pt\/programas\/a-vida-dupla-do-espio-traidor\/episodio-5-um-maco-de-notas-verdes\/\" rel=\"nofollow noopener\" target=\"_blank\"><\/p>\n<p>        <img src=\"https:\/\/www.europesays.com\/pt\/wp-content\/uploads\/2026\/09\/1788258143_155_770-a-vida-dupla-do-espiao-traidor-iconplay.png\" alt=\"\" loading=\"lazy\" decoding=\"async\" class=\"alignnone\" onload=\"this.parentElement.classList.remove('spinner')\" onerror=\"this.parentElement.classList.remove('spinner')\" width=\"770\" height=\"433\"\/>    <\/p>\n<p><\/a><\/p>\n","protected":false},"excerpt":{"rendered":"Eram cerca das 9h10 locais quando Rajendra Dawadi, diretor de uma escola em Nuwakot, no Nepal, recebeu quatro&hellip;\n","protected":false},"author":2,"featured_media":507389,"comment_status":"","ping_status":"","sticky":false,"template":"","format":"standard","meta":{"footnotes":"","_share_on_mastodon":"0"},"categories":[50],"tags":[59,964,27,28,47042,442,1431,15,16,14,29525,25,26,21,22,62,1009,11875,12,13,19,20,23,24,58,17,18,29,30,31,63,64,65],"class_list":["post-507388","post","type-post","status-publish","format-standard","has-post-thumbnail","category-mundo","tag-acidente","tag-ambiente","tag-breaking-news","tag-breakingnews","tag-catu00e1strofes","tag-ciu00eancia","tag-desastres-naturais","tag-featured-news","tag-featurednews","tag-headlines","tag-inundau00e7u00f5es","tag-latest-news","tag-latestnews","tag-main-news","tag-mainnews","tag-mundo","tag-natureza","tag-nepal","tag-news","tag-noticias","tag-noticias-principais","tag-noticiasprincipais","tag-principais-noticias","tag-principaisnoticias","tag-sociedade","tag-top-stories","tag-topstories","tag-ultimas","tag-ultimas-noticias","tag-ultimasnoticias","tag-world","tag-world-news","tag-worldnews"],"share_on_mastodon":{"url":"","error":"Validation failed: Text character limit of 500 exceeded"},"_links":{"self":[{"href":"https:\/\/www.europesays.com\/pt\/wp-json\/wp\/v2\/posts\/507388","targetHints":{"allow":["GET"]}}],"collection":[{"href":"https:\/\/www.europesays.com\/pt\/wp-json\/wp\/v2\/posts"}],"about":[{"href":"https:\/\/www.europesays.com\/pt\/wp-json\/wp\/v2\/types\/post"}],"author":[{"embeddable":true,"href":"https:\/\/www.europesays.com\/pt\/wp-json\/wp\/v2\/users\/2"}],"replies":[{"embeddable":true,"href":"https:\/\/www.europesays.com\/pt\/wp-json\/wp\/v2\/comments?post=507388"}],"version-history":[{"count":0,"href":"https:\/\/www.europesays.com\/pt\/wp-json\/wp\/v2\/posts\/507388\/revisions"}],"wp:featuredmedia":[{"embeddable":true,"href":"https:\/\/www.europesays.com\/pt\/wp-json\/wp\/v2\/media\/507389"}],"wp:attachment":[{"href":"https:\/\/www.europesays.com\/pt\/wp-json\/wp\/v2\/media?parent=507388"}],"wp:term":[{"taxonomy":"category","embeddable":true,"href":"https:\/\/www.europesays.com\/pt\/wp-json\/wp\/v2\/categories?post=507388"},{"taxonomy":"post_tag","embeddable":true,"href":"https:\/\/www.europesays.com\/pt\/wp-json\/wp\/v2\/tags?post=507388"}],"curies":[{"name":"wp","href":"https:\/\/api.w.org\/{rel}","templated":true}]}}