{"id":50739,"date":"2025-08-29T21:39:08","date_gmt":"2025-08-29T21:39:08","guid":{"rendered":"https:\/\/www.europesays.com\/pt\/50739\/"},"modified":"2025-08-29T21:39:08","modified_gmt":"2025-08-29T21:39:08","slug":"mulher-que-se-suicidou-depois-de-matar-o-marido-e-dois-filhos-estava-a-ser-investigada-pelas-autoridades-antes-do-incidente","status":"publish","type":"post","link":"https:\/\/www.europesays.com\/pt\/50739\/","title":{"rendered":"Mulher que se suicidou depois de matar o marido e dois filhos estava a ser investigada pelas autoridades antes do incidente"},"content":{"rendered":"<p>No dia 18 de agosto, a comunidade de Madbury, no estado norte-americano de New Hampshire, foi abalada pela morte de uma fam\u00edlia. Emily Long, 34 anos, foi <a href=\"https:\/\/tvi.iol.pt\/vmais\/emily-long\/ryan-long\/tragedia-em-familia-mulher-mata-marido-e-dois-filhos-antes-de-se-suicidar\" target=\"_blank\" rel=\"nofollow noopener\">encontrada morta com um ferimento de bala dentro da resid\u00eancia familiar, ao lado do marido Ryan Long, 48 anos, e dos dois filhos do casal<\/a>: Parker, de 8 anos, e Ryan, de 6 anos. Todos foram v\u00edtimas de disparos. Apenas o filho mais novo, ainda em idade de creche, foi encontrado ileso dentro da casa.<\/p>\n<p>Dias ap\u00f3s a trag\u00e9dia, meios de comunica\u00e7\u00e3o norte-americanos revelaram que Emily Long estava a ser investigada por alegado desvio de cerca de 660 mil d\u00f3lares da empresa onde trabalhava, ao longo de dois anos. Pouco antes, a m\u00e3e j\u00e1 tinha partilhado nas redes sociais, nomeadamente no TikTok, testemunhos sobre a sua luta contra a depress\u00e3o, dando sinais do sofrimento emocional que atravessava.<\/p>\n<p>Este caso levanta quest\u00f5es profundas sobre sa\u00fade mental, viol\u00eancia intrafamiliar e mecanismos de apoio social. Especialistas recordam que nem sempre a viol\u00eancia ou o sofrimento se manifestam de forma vis\u00edvel. Muitas vezes, os sinais est\u00e3o em coment\u00e1rios discretos, em mudan\u00e7as de comportamento ou em apelos feitos nas redes sociais que, por vezes, passam despercebidos.<\/p>\n<p>Ao mesmo tempo, evidencia-se tamb\u00e9m a necessidade de refor\u00e7ar sistemas de preven\u00e7\u00e3o tanto no seio das fam\u00edlias como nas organiza\u00e7\u00f5es laborais. No plano empresarial, a dete\u00e7\u00e3o precoce de irregularidades financeiras pode evitar press\u00f5es adicionais; no plano pessoal, redes de apoio psicol\u00f3gico, comunit\u00e1rio e institucional podem ser determinantes para travar a escalada de crises emocionais.<\/p>\n<p>A trag\u00e9dia de Madbury deixa uma comunidade em luto e convida a sociedade em geral a refletir sobre a import\u00e2ncia de falar abertamente sobre sa\u00fade mental, procurar ajuda em momentos de desespero e estar atenta aos sinais de que algu\u00e9m pr\u00f3ximo pode precisar de apoio urgente.<\/p>\n","protected":false},"excerpt":{"rendered":"No dia 18 de agosto, a comunidade de Madbury, no estado norte-americano de New Hampshire, foi abalada pela&hellip;\n","protected":false},"author":2,"featured_media":50740,"comment_status":"","ping_status":"","sticky":false,"template":"","format":"standard","meta":{"footnotes":""},"categories":[50],"tags":[73,72,66,27,28,14844,14843,77,69,15,16,14,25,26,75,21,22,62,12,13,19,20,71,67,23,24,14845,76,74,70,17,18,35,29,30,31,78,68,63,64,65],"class_list":{"0":"post-50739","1":"post","2":"type-post","3":"status-publish","4":"format-standard","5":"has-post-thumbnail","7":"category-mundo","8":"tag-a-jornada","9":"tag-bate-bola","10":"tag-bom-dia-alegria","11":"tag-breaking-news","12":"tag-breakingnews","13":"tag-desvio-de-milhares","14":"tag-emily-long","15":"tag-estudio-estadio","16":"tag-fanaticos","17":"tag-featured-news","18":"tag-featurednews","19":"tag-headlines","20":"tag-latest-news","21":"tag-latestnews","22":"tag-livre-e-direto","23":"tag-main-news","24":"tag-mainnews","25":"tag-mundo","26":"tag-news","27":"tag-noticias","28":"tag-noticias-principais","29":"tag-noticiasprincipais","30":"tag-nova-geracao","31":"tag-para-si","32":"tag-principais-noticias","33":"tag-principaisnoticias","34":"tag-ryan-long","35":"tag-segredos-do-prazer","36":"tag-segue-o-jogo","37":"tag-super-craques","38":"tag-top-stories","39":"tag-topstories","40":"tag-transferencias","41":"tag-ultimas","42":"tag-ultimas-noticias","43":"tag-ultimasnoticias","44":"tag-v-fama","45":"tag-var-aberto","46":"tag-world","47":"tag-world-news","48":"tag-worldnews"},"share_on_mastodon":{"url":"","error":""},"_links":{"self":[{"href":"https:\/\/www.europesays.com\/pt\/wp-json\/wp\/v2\/posts\/50739","targetHints":{"allow":["GET"]}}],"collection":[{"href":"https:\/\/www.europesays.com\/pt\/wp-json\/wp\/v2\/posts"}],"about":[{"href":"https:\/\/www.europesays.com\/pt\/wp-json\/wp\/v2\/types\/post"}],"author":[{"embeddable":true,"href":"https:\/\/www.europesays.com\/pt\/wp-json\/wp\/v2\/users\/2"}],"replies":[{"embeddable":true,"href":"https:\/\/www.europesays.com\/pt\/wp-json\/wp\/v2\/comments?post=50739"}],"version-history":[{"count":0,"href":"https:\/\/www.europesays.com\/pt\/wp-json\/wp\/v2\/posts\/50739\/revisions"}],"wp:featuredmedia":[{"embeddable":true,"href":"https:\/\/www.europesays.com\/pt\/wp-json\/wp\/v2\/media\/50740"}],"wp:attachment":[{"href":"https:\/\/www.europesays.com\/pt\/wp-json\/wp\/v2\/media?parent=50739"}],"wp:term":[{"taxonomy":"category","embeddable":true,"href":"https:\/\/www.europesays.com\/pt\/wp-json\/wp\/v2\/categories?post=50739"},{"taxonomy":"post_tag","embeddable":true,"href":"https:\/\/www.europesays.com\/pt\/wp-json\/wp\/v2\/tags?post=50739"}],"curies":[{"name":"wp","href":"https:\/\/api.w.org\/{rel}","templated":true}]}}