{"id":507398,"date":"2026-09-01T10:33:37","date_gmt":"2026-09-01T10:33:37","guid":{"rendered":"https:\/\/www.europesays.com\/pt\/507398\/"},"modified":"2026-09-01T10:33:37","modified_gmt":"2026-09-01T10:33:37","slug":"um-verdadeiro-hotel-de-luxo-conhecida-por-ser-vendedora-ambulante-sonia-jesus-abre-as-portas-de-casa-e-surpreende-tudo-e-todos-big-brother-verao-2026-ultimas-noticias-videos-e-diretos","status":"publish","type":"post","link":"https:\/\/www.europesays.com\/pt\/507398\/","title":{"rendered":"Um verdadeiro hotel de luxo: Conhecida por ser vendedora ambulante, S\u00f3nia Jesus abre as portas de casa e surpreende tudo e todos &#8211; Big Brother Ver\u00e3o 2026: \u00daltimas Not\u00edcias, V\u00eddeos e Diretos"},"content":{"rendered":"<p><a target=\"_self\" rel=\"noopener noreferrer nofollow\" href=\"https:\/\/tvi.iol.pt\/bigbrother\/sonia-jesus\/fc-porto\/apos-separacao-sonia-jesus-partilha-foto-em-companhia-especial-o-inicio-de-uma-paixao\">S\u00f3nia Jesus decidiu<\/a> abrir as portas da sua casa e mostrar aos seguidores alguns dos espa\u00e7os que fazem parte desta nova fase da sua vida. O apartamento, distribu\u00eddo por dois andares, destaca-se pelos detalhes modernos e luxuosos.<\/p>\n<p>Entre os v\u00e1rios <a target=\"_self\" rel=\"noopener noreferrer nofollow\" href=\"https:\/\/tvi.iol.pt\/bigbrother\/gabriel-sousa\/sonia-jesus\/grande-amigo-de-sonia-jesus-partilha-video-ao-lado-de-vito-mas-passa-despercebido-nos-mostramos-o-momento-que-poucos-viram\">pormenores que n\u00e3o passaram despercebidos<\/a> est\u00e3o as escadas, que contam com ilumina\u00e7\u00e3o integrada e d\u00e3o um toque sofisticado ao espa\u00e7o. O resultado \u00e9 um ambiente elegante e cuidado, com detalhes que fazem lembrar um verdadeiro hotel de luxo.<\/p>\n<p><strong>Veja o v\u00eddeo aqui: <\/strong><\/p>\n<p>A antiga concorrente de reality shows tem partilhado cada vez mais momentos do seu dia a dia nas redes sociais e, desta vez, foi a decora\u00e7\u00e3o da casa que chamou todas as aten\u00e7\u00f5es.<\/p>\n<p>Com uma decora\u00e7\u00e3o moderna, espa\u00e7os amplos e v\u00e1rios apontamentos de luxo, o apartamento revela uma imagem bastante diferente daquilo que \u00e9 uma casa convencional. As escadas iluminadas acabam mesmo por ser um dos elementos mais marcantes do im\u00f3vel.<\/p>\n","protected":false},"excerpt":{"rendered":"S\u00f3nia Jesus decidiu abrir as portas da sua casa e mostrar aos seguidores alguns dos espa\u00e7os que fazem&hellip;\n","protected":false},"author":2,"featured_media":507399,"comment_status":"","ping_status":"","sticky":false,"template":"","format":"standard","meta":{"footnotes":"","_share_on_mastodon":"0"},"categories":[85],"tags":[331,48,2019,333,328,335,336,114,115,334,332,330,4063,8759,338,13,32,33,20528,162,227],"class_list":["post-507398","post","type-post","status-publish","format-standard","has-post-thumbnail","category-entretenimento","tag-big","tag-big-brother","tag-casa","tag-comentadores","tag-concorrentes","tag-confrontos","tag-discussoes","tag-entertainment","tag-entretenimento","tag-exclusivos","tag-expulso","tag-gala","tag-hotel","tag-luxo","tag-maria-botelho-moniz","tag-noticias","tag-portugal","tag-pt","tag-sonia-jesus","tag-tvi","tag-videos"],"share_on_mastodon":{"url":"https:\/\/pubeurope.com\/@pt\/117195335684850758","error":""},"_links":{"self":[{"href":"https:\/\/www.europesays.com\/pt\/wp-json\/wp\/v2\/posts\/507398","targetHints":{"allow":["GET"]}}],"collection":[{"href":"https:\/\/www.europesays.com\/pt\/wp-json\/wp\/v2\/posts"}],"about":[{"href":"https:\/\/www.europesays.com\/pt\/wp-json\/wp\/v2\/types\/post"}],"author":[{"embeddable":true,"href":"https:\/\/www.europesays.com\/pt\/wp-json\/wp\/v2\/users\/2"}],"replies":[{"embeddable":true,"href":"https:\/\/www.europesays.com\/pt\/wp-json\/wp\/v2\/comments?post=507398"}],"version-history":[{"count":0,"href":"https:\/\/www.europesays.com\/pt\/wp-json\/wp\/v2\/posts\/507398\/revisions"}],"wp:featuredmedia":[{"embeddable":true,"href":"https:\/\/www.europesays.com\/pt\/wp-json\/wp\/v2\/media\/507399"}],"wp:attachment":[{"href":"https:\/\/www.europesays.com\/pt\/wp-json\/wp\/v2\/media?parent=507398"}],"wp:term":[{"taxonomy":"category","embeddable":true,"href":"https:\/\/www.europesays.com\/pt\/wp-json\/wp\/v2\/categories?post=507398"},{"taxonomy":"post_tag","embeddable":true,"href":"https:\/\/www.europesays.com\/pt\/wp-json\/wp\/v2\/tags?post=507398"}],"curies":[{"name":"wp","href":"https:\/\/api.w.org\/{rel}","templated":true}]}}