{"id":507414,"date":"2026-09-01T10:51:38","date_gmt":"2026-09-01T10:51:38","guid":{"rendered":"https:\/\/www.europesays.com\/pt\/507414\/"},"modified":"2026-09-01T10:51:38","modified_gmt":"2026-09-01T10:51:38","slug":"inflacao-acelera-para-33-rendas-podem-subir-256-observador","status":"publish","type":"post","link":"https:\/\/www.europesays.com\/pt\/507414\/","title":{"rendered":"Infla\u00e7\u00e3o acelera para 3,3%. Rendas podem subir 2,56% \u2013 Observador"},"content":{"rendered":"<p>A infla\u00e7\u00e3o ter\u00e1 acelerado para 3,3% em agosto, em termos hom\u00f3logos, face aos 3,0% registados no m\u00eas anterior, segundo os dados divulgados esta segunda-feira pelo Instituto Nacional de Estat\u00edstica (INE). \u201cTendo por base a informa\u00e7\u00e3o j\u00e1 apurada, a taxa de varia\u00e7\u00e3o hom\u00f3loga do \u00cdndice de Pre\u00e7os no Consumidor (IPC) ter\u00e1 aumentado para 3,3% em agosto de 2026, taxa superior em 0,3 pontos percentuais (p.p.) \u00e0 observada no m\u00eas anterior\u201d, refere o INE. A acelera\u00e7\u00e3o \u201c<strong>\u00e9 quase na totalidade explicada pelo aumento do pre\u00e7o dos combust\u00edveis<\/strong>\u201c.<\/p>\n<p>O indicador de infla\u00e7\u00e3o subjacente, que exclui produtos alimentares n\u00e3o transformados e energ\u00e9ticos, ter\u00e1 registado uma varia\u00e7\u00e3o de 2,7%, mais 0,1 pontos percentuais face a julho.<\/p>\n<p>A varia\u00e7\u00e3o do \u00edndice relativo aos produtos energ\u00e9ticos aumentou para 12,2%, quando tinha sido de 8,7% no m\u00eas anterior. J\u00e1 o \u00edndice referente aos produtos alimentares n\u00e3o transformados registou uma varia\u00e7\u00e3o de 3,4%, desacelerando face aos 3,7% de julho.<\/p>\n<p>O INE estima uma varia\u00e7\u00e3o m\u00e9dia da infla\u00e7\u00e3o nos \u00faltimos doze meses de 2,7%. O \u00cdndice Harmonizado de Pre\u00e7os no Consumidor (IHPC) portugu\u00eas, que serve de base \u00e0 compara\u00e7\u00e3o europeia, ter\u00e1 registado uma varia\u00e7\u00e3o hom\u00f3loga de 3,6% (foi de 3,1% em julho).<\/p>\n<p>A infla\u00e7\u00e3o de agosto \u00e9 a que determina a varia\u00e7\u00e3o das rendas no ano seguinte, que \u00e9 apurada com base na varia\u00e7\u00e3o m\u00e9dia dos \u00faltimos 12 meses do \u00edndice de pre\u00e7os no consumidor sem a vertente de habita\u00e7\u00e3o que se apure a 31 de agosto do ano anterior. Assim, de acordo com os dados preliminares, rendas v\u00e3o poder aumentar, em 2027, <strong>at\u00e9 2,56%<\/strong>, com base nos dados da infla\u00e7\u00e3o divulgados esta segunda-feira. Esta \u00e9 a primeira estimativa do INE para a infla\u00e7\u00e3o de agosto. Os dados finais ser\u00e3o conhecidos a 10 de setembro.<\/p>\n<blockquote class=\"wp-embedded-content\" data-secret=\"Jl7CzBnMXb\">\n<p><a href=\"https:\/\/observador.pt\/2026\/08\/12\/ine-confirma-desaceleracao-da-inflacao-para-30-em-julho\/\" rel=\"nofollow noopener\" target=\"_blank\">INE confirma desacelera\u00e7\u00e3o da infla\u00e7\u00e3o para 3,0% em julho<\/a><\/p>\n<\/blockquote>\n","protected":false},"excerpt":{"rendered":"A infla\u00e7\u00e3o ter\u00e1 acelerado para 3,3% em agosto, em termos hom\u00f3logos, face aos 3,0% registados no m\u00eas anterior,&hellip;\n","protected":false},"author":2,"featured_media":507415,"comment_status":"","ping_status":"","sticky":false,"template":"","format":"standard","meta":{"footnotes":"","_share_on_mastodon":"0"},"categories":[83],"tags":[88,4212,476,89,90,8020,18288,57,32,18289,33,4831,58],"class_list":["post-507414","post","type-post","status-publish","format-standard","has-post-thumbnail","category-empresas","tag-business","tag-consumo","tag-economia","tag-economy","tag-empresas","tag-habitau00e7u00e3o-e-urbanismo","tag-inflau00e7u00e3o","tag-pau00eds","tag-portugal","tag-preu00e7os","tag-pt","tag-rendas","tag-sociedade"],"share_on_mastodon":{"url":"https:\/\/pubeurope.com\/@pt\/117195406623686365","error":""},"_links":{"self":[{"href":"https:\/\/www.europesays.com\/pt\/wp-json\/wp\/v2\/posts\/507414","targetHints":{"allow":["GET"]}}],"collection":[{"href":"https:\/\/www.europesays.com\/pt\/wp-json\/wp\/v2\/posts"}],"about":[{"href":"https:\/\/www.europesays.com\/pt\/wp-json\/wp\/v2\/types\/post"}],"author":[{"embeddable":true,"href":"https:\/\/www.europesays.com\/pt\/wp-json\/wp\/v2\/users\/2"}],"replies":[{"embeddable":true,"href":"https:\/\/www.europesays.com\/pt\/wp-json\/wp\/v2\/comments?post=507414"}],"version-history":[{"count":0,"href":"https:\/\/www.europesays.com\/pt\/wp-json\/wp\/v2\/posts\/507414\/revisions"}],"wp:featuredmedia":[{"embeddable":true,"href":"https:\/\/www.europesays.com\/pt\/wp-json\/wp\/v2\/media\/507415"}],"wp:attachment":[{"href":"https:\/\/www.europesays.com\/pt\/wp-json\/wp\/v2\/media?parent=507414"}],"wp:term":[{"taxonomy":"category","embeddable":true,"href":"https:\/\/www.europesays.com\/pt\/wp-json\/wp\/v2\/categories?post=507414"},{"taxonomy":"post_tag","embeddable":true,"href":"https:\/\/www.europesays.com\/pt\/wp-json\/wp\/v2\/tags?post=507414"}],"curies":[{"name":"wp","href":"https:\/\/api.w.org\/{rel}","templated":true}]}}