{"id":507428,"date":"2026-09-01T11:03:16","date_gmt":"2026-09-01T11:03:16","guid":{"rendered":"https:\/\/www.europesays.com\/pt\/507428\/"},"modified":"2026-09-01T11:03:16","modified_gmt":"2026-09-01T11:03:16","slug":"imperdivel-maria-botelho-moniz-visita-a-casa-e-surpreende-concorrentes-com-imagens-do-exterior-e-estas-foram-as-reacoes-big-brother-verao-2026-ultimas-noticias-videos-e-diretos","status":"publish","type":"post","link":"https:\/\/www.europesays.com\/pt\/507428\/","title":{"rendered":"Imperd\u00edvel! Maria Botelho Moniz visita a casa e surpreende concorrentes com imagens do exterior. E estas foram as rea\u00e7\u00f5es &#8211; Big Brother Ver\u00e3o 2026: \u00daltimas Not\u00edcias, V\u00eddeos e Diretos"},"content":{"rendered":"<p>A <strong>contagem decrescente para a grande final<\/strong> do <a href=\"https:\/\/tvi.iol.pt\/bigbrother\/\" rel=\"noopener noreferrer nofollow\" target=\"_self\">Big Brother Ver\u00e3o 2026<\/a> est\u00e1 a chegar ao fim, e a <strong>tens\u00e3o dentro da casa mais vigiada do Pa\u00eds \u00e9 cada vez maior<\/strong>. No Especial desta segunda-feira, dia 31 de agosto, <strong>os concorrentes foram surpreendidos<\/strong> com a habitual <strong>visita de<\/strong> <a href=\"https:\/\/tvi.iol.pt\/bigbrother\/search?pagina=1&amp;pesquisa=maria+botelho%20moniz\" rel=\"noopener noreferrer nofollow\" target=\"_self\">Maria Botelho Moniz,<\/a> que &#8220;trouxe&#8221; <strong>imagens do exterior<\/strong>. Um momento que gerou verdadeira euforia entre todos.<\/p>\n<p>Assim que a <a href=\"https:\/\/tvi.iol.pt\/bigbrother\/search?pagina=1&amp;pesquisa=maria+botelho%20moniz\" rel=\"noopener noreferrer nofollow\" target=\"_self\">apresentadora<\/a> entra na casa, a rea\u00e7\u00e3o \u00e9 imediata: os concorrentes n\u00e3o escondem o entusiasmo perante a sua presen\u00e7a inesperada.<\/p>\n<p><strong>Veja aqui o momento ic\u00f3nico:<\/strong><\/p>\n<p><strong>Ana Lu\u00edsa, Boris, Jo\u00e3o Ventura, Sara, Vanessa e Nuno<\/strong> aproximam-se assim do desfecho desta edi\u00e7\u00e3o, todos com o mesmo objetivo: perceber quem ser\u00e1 o grande vencedor do Big Brother Ver\u00e3o 2026. Apesar da vontade de permanecer o m\u00e1ximo de tempo poss\u00edvel na casa, de forma a garantir um lugar no p\u00f3dio, <strong>a ansiedade sobre tudo o que se passa l\u00e1 fora torna-se cada vez mais evidente.<\/strong><\/p>\n<p>E foi precisamente essa expectativa que marcou a noite desta segunda-feira. Chegou, finalmente, o momento mais aguardado pelos concorrentes: <strong>o confronto com tudo aquilo que aconteceu fora da casa desde que entraram no jogo. <\/strong>As rea\u00e7\u00f5es s\u00e3o de aut\u00eantico espanto, com as emo\u00e7\u00f5es a atingirem o auge.<\/p>\n<p><strong>Veja aqui todas as rea\u00e7\u00f5es:<\/strong><\/p>\n<p>\u00a0<\/p>\n","protected":false},"excerpt":{"rendered":"A contagem decrescente para a grande final do Big Brother Ver\u00e3o 2026 est\u00e1 a chegar ao fim, e&hellip;\n","protected":false},"author":2,"featured_media":507429,"comment_status":"","ping_status":"","sticky":false,"template":"","format":"standard","meta":{"footnotes":"","_share_on_mastodon":"0"},"categories":[85],"tags":[331,48,73423,333,328,335,336,114,115,334,332,330,81300,338,13,32,33,162,227],"class_list":["post-507428","post","type-post","status-publish","format-standard","has-post-thumbnail","category-entretenimento","tag-big","tag-big-brother","tag-big-brother-verao-2026","tag-comentadores","tag-concorrentes","tag-confrontos","tag-discussoes","tag-entertainment","tag-entretenimento","tag-exclusivos","tag-expulso","tag-gala","tag-imagens-do-exterior","tag-maria-botelho-moniz","tag-noticias","tag-portugal","tag-pt","tag-tvi","tag-videos"],"share_on_mastodon":{"url":"https:\/\/pubeurope.com\/@pt\/117195453799052767","error":""},"_links":{"self":[{"href":"https:\/\/www.europesays.com\/pt\/wp-json\/wp\/v2\/posts\/507428","targetHints":{"allow":["GET"]}}],"collection":[{"href":"https:\/\/www.europesays.com\/pt\/wp-json\/wp\/v2\/posts"}],"about":[{"href":"https:\/\/www.europesays.com\/pt\/wp-json\/wp\/v2\/types\/post"}],"author":[{"embeddable":true,"href":"https:\/\/www.europesays.com\/pt\/wp-json\/wp\/v2\/users\/2"}],"replies":[{"embeddable":true,"href":"https:\/\/www.europesays.com\/pt\/wp-json\/wp\/v2\/comments?post=507428"}],"version-history":[{"count":0,"href":"https:\/\/www.europesays.com\/pt\/wp-json\/wp\/v2\/posts\/507428\/revisions"}],"wp:featuredmedia":[{"embeddable":true,"href":"https:\/\/www.europesays.com\/pt\/wp-json\/wp\/v2\/media\/507429"}],"wp:attachment":[{"href":"https:\/\/www.europesays.com\/pt\/wp-json\/wp\/v2\/media?parent=507428"}],"wp:term":[{"taxonomy":"category","embeddable":true,"href":"https:\/\/www.europesays.com\/pt\/wp-json\/wp\/v2\/categories?post=507428"},{"taxonomy":"post_tag","embeddable":true,"href":"https:\/\/www.europesays.com\/pt\/wp-json\/wp\/v2\/tags?post=507428"}],"curies":[{"name":"wp","href":"https:\/\/api.w.org\/{rel}","templated":true}]}}