{"id":507432,"date":"2026-09-01T11:05:35","date_gmt":"2026-09-01T11:05:35","guid":{"rendered":"https:\/\/www.europesays.com\/pt\/507432\/"},"modified":"2026-09-01T11:05:35","modified_gmt":"2026-09-01T11:05:35","slug":"economia-portuguesa-cresce-25-no-segundo-trimestre-de-2026-impulsionada-pelo-disparo-das-exportacoes-revela-ine","status":"publish","type":"post","link":"https:\/\/www.europesays.com\/pt\/507432\/","title":{"rendered":"Economia portuguesa cresce 2,5% no segundo trimestre de 2026 impulsionada pelo disparo das exporta\u00e7\u00f5es, revela INE"},"content":{"rendered":"<p>A economia portuguesa registou um crescimento significativo de 2,5% no segundo trimestre de 2026, comparado ao mesmo per\u00edodo do ano anterior, conforme revelou esta segunda-feira o Instituto Nacional de Estat\u00edstica (INE). Em termos de varia\u00e7\u00e3o em cadeia, o Produto Interno Bruto (PIB) cresceu 0,8%, registando uma recupera\u00e7\u00e3o assinal\u00e1vel.<\/p>\n<p>De acordo com os dados apresentados, o impacto negativo da procura externa l\u00edquida sobre o PIB teve uma diminui\u00e7\u00e3o consider\u00e1vel. As exporta\u00e7\u00f5es de bens e servi\u00e7os apresentaram um aumento vigoroso, o que compensou a acelera\u00e7\u00e3o das importa\u00e7\u00f5es que se verificou durante o per\u00edodo analisado.<\/p>\n<p>Em contraponto, o contributo da procura interna registou uma redu\u00e7\u00e3o, refletindo uma desacelera\u00e7\u00e3o no investimento. Este fator contribuiu para uma diminui\u00e7\u00e3o do crescimento na procura interna, que, embora positiva, n\u00e3o conseguiu acompanhar o desempenho das exporta\u00e7\u00f5es.<\/p>\n<p>Em termos trimestrais, o crescimento do PIB acelerou para 0,8%, em contraste com o modesto aumento de 0,1% observado no trimestre anterior. <\/p>\n<p>O INE sublinhou que a evolu\u00e7\u00e3o positiva foi impulsionada pelo contributo da procura externa l\u00edquida, que passou de -2,0 p.p. para +0,7 p.p.. Esta mudan\u00e7a deve-se, principalmente, ao aumento nas exporta\u00e7\u00f5es e \u00e0 desacelera\u00e7\u00e3o nas importa\u00e7\u00f5es de bens e servi\u00e7os.<\/p>\n","protected":false},"excerpt":{"rendered":"A economia portuguesa registou um crescimento significativo de 2,5% no segundo trimestre de 2026, comparado ao mesmo per\u00edodo&hellip;\n","protected":false},"author":2,"featured_media":507433,"comment_status":"","ping_status":"","sticky":false,"template":"","format":"standard","meta":{"footnotes":"","_share_on_mastodon":"0"},"categories":[83],"tags":[88,4590,81305,67894,33759,89,90,81306,8376,2871,4860,9399,3658,32,81302,81303,26224,33,81304,81301],"class_list":["post-507432","post","type-post","status-publish","format-standard","has-post-thumbnail","category-empresas","tag-business","tag-crescimento-economico","tag-crescimento-trimestral","tag-economia-nacional","tag-economia-portuguesa","tag-economy","tag-empresas","tag-estatisticas-economicas","tag-exportacoes","tag-importacoes","tag-ine","tag-investimento","tag-pib","tag-portugal","tag-procura-externa","tag-procura-interna","tag-produto-interno-bruto","tag-pt","tag-recuperacao-economica","tag-segundo-trimestre"],"share_on_mastodon":{"url":"https:\/\/pubeurope.com\/@pt\/117195461755367169","error":""},"_links":{"self":[{"href":"https:\/\/www.europesays.com\/pt\/wp-json\/wp\/v2\/posts\/507432","targetHints":{"allow":["GET"]}}],"collection":[{"href":"https:\/\/www.europesays.com\/pt\/wp-json\/wp\/v2\/posts"}],"about":[{"href":"https:\/\/www.europesays.com\/pt\/wp-json\/wp\/v2\/types\/post"}],"author":[{"embeddable":true,"href":"https:\/\/www.europesays.com\/pt\/wp-json\/wp\/v2\/users\/2"}],"replies":[{"embeddable":true,"href":"https:\/\/www.europesays.com\/pt\/wp-json\/wp\/v2\/comments?post=507432"}],"version-history":[{"count":0,"href":"https:\/\/www.europesays.com\/pt\/wp-json\/wp\/v2\/posts\/507432\/revisions"}],"wp:featuredmedia":[{"embeddable":true,"href":"https:\/\/www.europesays.com\/pt\/wp-json\/wp\/v2\/media\/507433"}],"wp:attachment":[{"href":"https:\/\/www.europesays.com\/pt\/wp-json\/wp\/v2\/media?parent=507432"}],"wp:term":[{"taxonomy":"category","embeddable":true,"href":"https:\/\/www.europesays.com\/pt\/wp-json\/wp\/v2\/categories?post=507432"},{"taxonomy":"post_tag","embeddable":true,"href":"https:\/\/www.europesays.com\/pt\/wp-json\/wp\/v2\/tags?post=507432"}],"curies":[{"name":"wp","href":"https:\/\/api.w.org\/{rel}","templated":true}]}}