{"id":50750,"date":"2025-08-29T21:50:10","date_gmt":"2025-08-29T21:50:10","guid":{"rendered":"https:\/\/www.europesays.com\/pt\/50750\/"},"modified":"2025-08-29T21:50:10","modified_gmt":"2025-08-29T21:50:10","slug":"carolina-braga-quebra-o-silencio-e-conta-tudo-sobre-o-que-ditou-o-fim-do-relacionamento-com-diogo-bordin","status":"publish","type":"post","link":"https:\/\/www.europesays.com\/pt\/50750\/","title":{"rendered":"Carolina Braga &#8216;quebra o sil\u00eancio&#8217; e conta tudo sobre o que ditou o fim do relacionamento com Diogo Bordin"},"content":{"rendered":"<p>\t\t\t\t\t\t\t\t\t\t\t\t<a href=\"#\" onclick=\"window.open('http:\/\/www.facebook.com\/sharer.php?u=https:\/\/cusquices.com\/carolina-braga-quebra-o-silencio-e-conta-tudo-sobre-o-que-ditou-o-fim-do-relacionamento-com-diogo-bordin\/&amp;t=Carolina Braga \u2018quebra o sil\u00eancio\u2019 e conta tudo sobre o que ditou o fim do relacionamento com Diogo Bordin', 'facebookShare', 'width=626,height=436'); return false;\" title=\"Share on Facebook\"><\/p>\n<p>Share<\/p>\n<p><\/a><br \/>\n\t\t\t\t\t\t\t\t\t\t\t\t<a href=\"#\" onclick=\"window.open('http:\/\/twitter.com\/share?text=Carolina Braga \u2018quebra o sil\u00eancio\u2019 e conta tudo sobre o que ditou o fim do relacionamento com Diogo Bordin -&amp;url=https:\/\/cusquices.com\/carolina-braga-quebra-o-silencio-e-conta-tudo-sobre-o-que-ditou-o-fim-do-relacionamento-com-diogo-bordin\/', 'twitterShare', 'width=626,height=436'); return false;\" title=\"Tweet This Post\"><\/p>\n<p>Tweet<\/p>\n<p><\/a><br \/>\n\t\t\t\t\t\t\t\t\t\t\t\t<a href=\"whatsapp:\/\/send?text=Carolina Braga \u2018quebra o sil\u00eancio\u2019 e conta tudo sobre o que ditou o fim do relacionamento com Diogo Bordin https:\/\/cusquices.com\/carolina-braga-quebra-o-silencio-e-conta-tudo-sobre-o-que-ditou-o-fim-do-relacionamento-com-diogo-bordin\/\" rel=\"nofollow\"><\/p>\n<p>Share<\/p>\n<p><\/a><br \/>\n\t\t\t\t\t\t\t\t\t\t\t\t<a href=\"#\" onclick=\"window.open('http:\/\/pinterest.com\/pin\/create\/button\/?url=https:\/\/cusquices.com\/carolina-braga-quebra-o-silencio-e-conta-tudo-sobre-o-que-ditou-o-fim-do-relacionamento-com-diogo-bordin\/&amp;media=https:\/\/cusquices.com\/wp-content\/uploads\/2025\/08\/carol-diogo-1000x600.jpg&amp;description=Carolina Braga \u2018quebra o sil\u00eancio\u2019 e conta tudo sobre o que ditou o fim do relacionamento com Diogo Bordin', 'pinterestShare', 'width=750,height=350'); return false;\" title=\"Pin This Post\"><\/p>\n<p>Share<\/p>\n<p><\/a><br \/>\n\t\t\t\t\t\t\t\t\t\t\t\t<a href=\"mailto:?subject=Carolina Braga \u2018quebra o sil\u00eancio\u2019 e conta tudo sobre o que ditou o fim do relacionamento com Diogo Bordin&amp;BODY=I found this article interesting and thought of sharing it with you. Check it out: https:\/\/cusquices.com\/carolina-braga-quebra-o-silencio-e-conta-tudo-sobre-o-que-ditou-o-fim-do-relacionamento-com-diogo-bordin\/\"><\/p>\n<p>Email<\/p>\n<p><\/a><br \/>\n\t\t\t\t\t\t\t\t\t\t\t\t\t\t\t\t\t\t\t\t\t\t\t\t\t\t\t\t\t\t\t\t\t\t\t\t\t\t\t\t\t\t\t\t\t\t\t\t\t\t\t\t\t<a href=\"https:\/\/cusquices.com\/carolina-braga-quebra-o-silencio-e-conta-tudo-sobre-o-que-ditou-o-fim-do-relacionamento-com-diogo-bordin\/#respond\" rel=\"nofollow noopener\" target=\"_blank\"><\/p>\n<p><strong>Carolina Braga <\/strong>marcou presen\u00e7a esta manh\u00e3, 29 de agosto, no <strong>\u2018Dois \u00e0s 10\u2019<\/strong> e pela primeira vez, falou abertamente sobre o fim do relacionamento com <strong>Diogo Bordin.<\/strong> Recorde-se que Carolina e Diogo conheceram-se no Big Brother 2025, e foi na casa mais vigiada do pa\u00eds que se apaixonaram e assumiram o relacionamento, no entanto, c\u00e1 fora, o relacionamento durou pouco e foi o casal a anunciar nas redes sociais o fim do namoro.<\/p>\n<p>A ex-concorrente do BB2025 confessou que a diferen\u00e7a da \u2018bolha\u2019 que viviam no programa para a vida real, foio que acabou por ditar o fim da rela\u00e7\u00e3o: \u201c<strong>Eu achava que ia ser muito id\u00eantico \u00e0quela bolha que n\u00f3s viv\u00edamos. A verdade \u00e9 que c\u00e1 fora as coisas s\u00e3o muito diferentes<\/strong>\u201c, come\u00e7ou por dizer Carolina.<\/p>\n<p>Carolina salientou de seguida que Diogo sempre quis ficar a viver em Portugal, independentemente de terem ou n\u00e3o um relacionamento: \u201c<strong>As pessoas acham que o Diogo ficou c\u00e1 por minha causa, mas n\u00e3o foi assim. Ele j\u00e1 queria viver em Portugal, por isso \u00e9 que se inscreveu no Big Brother Portugal. Eu s\u00f3 quis que ele se sentisse em casa, que tivesse apoio, j\u00e1 que n\u00e3o tinha ningu\u00e9m aqui.<\/strong>\u201c<\/p>\n<p>A jovem n\u00e3o desamparou Diogo e tentaram viver juntos e manter a rela\u00e7\u00e3o que criaram na casa mais vigiada do pa\u00eds, no entanto, r\u00e1pido se aperceberam que c\u00e1 fora o relacionamento n\u00e3o ia resultar: \u201c<strong>Como j\u00e1 t\u00ednhamos vivido juntos na casa, quisemos tentar c\u00e1 fora. Mas a dada altura percebemos os dois que era precipitado. Foi a\u00ed que tivemos de fazer escolhas, tanto pessoais como profissionais.\u201d\u00a0<\/strong><\/p>\n<p>C\u00e1 fora o sentimento que sentiam dentro da casa, tamb\u00e9m se transformou numa amizade: <strong> \u201cAo in\u00edcio, sim, sentia chama. Mas depois come\u00e7\u00e1mos a colocar quest\u00f5es. Antes de terminarmos publicamente, o Diogo j\u00e1 tinha terminado comigo em privado. Partiu dele o primeiro passo.<\/strong>\u201c<\/p>\n<p>A rela\u00e7\u00e3o terminou a bem e os dois mant\u00eam uma forte amizade c\u00e1 fora: \u201c<strong>N\u00f3s fomos muito amigos um do outro. Isso foi o que sustentou muita coisa. Mas tamb\u00e9m havia muita press\u00e3o de fora, algumas pessoas s\u00e3o racionais, outras s\u00e3o fan\u00e1ticas, e isso pesa.<\/strong>\u201c<\/p>\n<blockquote class=\"instagram-media\" data-instgrm-captioned=\"\" data-instgrm-permalink=\"https:\/\/www.instagram.com\/reel\/DN8CMmajOG-\/?utm_source=ig_embed&amp;utm_campaign=loading\" data-instgrm-version=\"14\" style=\" background:#FFF; border:0; border-radius:3px; box-shadow:0 0 1px 0 rgba(0,0,0,0.5),0 1px 10px 0 rgba(0,0,0,0.15); margin: 1px; max-width:540px; min-width:326px; padding:0; width:99.375%; width:-webkit-calc(100% - 2px); width:calc(100% - 2px);\"\/>\n<p><strong>Leia tamb\u00e9m:<\/strong><\/p>\n<p>\t\t\t\t\t\t\t\t\t\t\t\t\t\t\t\t\t\t\t\t\t\t\t\t\t<img decoding=\"async\" src=\"https:\/\/www.europesays.com\/pt\/wp-content\/uploads\/2025\/08\/1756419256_853_cusquices-logo-52x.png\" class=\"webpexpress-processed\"\/><\/p>\n<p>\t\t\t\t\t\t\t\t\t\t\t\t\t\t\t\t\t\t\t\t\t            \t\t\t\t\t\t\t\t\t\t\t\t\t\t\t\t\t\t\t\t\t\t\t\t\t\t\t\t\t\t\t\t\t\t\t\t\t\t\t<script async src=\"https:\/\/platform.twitter.com\/widgets.js\" charset=\"utf-8\"><\/script><script async src=\"\/\/www.instagram.com\/embed.js\"><\/script><\/p>\n","protected":false},"excerpt":{"rendered":"Share Tweet Share Share Email Carolina Braga marcou presen\u00e7a esta manh\u00e3, 29 de agosto, no \u2018Dois \u00e0s 10\u2019&hellip;\n","protected":false},"author":2,"featured_media":50751,"comment_status":"","ping_status":"","sticky":false,"template":"","format":"standard","meta":{"footnotes":""},"categories":[85],"tags":[2072,49,6989,114,115,980,32,33],"class_list":{"0":"post-50750","1":"post","2":"type-post","3":"status-publish","4":"format-standard","5":"has-post-thumbnail","7":"category-entretenimento","8":"tag-carolina-braga","9":"tag-destaques","10":"tag-diogo-bordin","11":"tag-entertainment","12":"tag-entretenimento","13":"tag-famosos","14":"tag-portugal","15":"tag-pt"},"share_on_mastodon":{"url":"","error":""},"_links":{"self":[{"href":"https:\/\/www.europesays.com\/pt\/wp-json\/wp\/v2\/posts\/50750","targetHints":{"allow":["GET"]}}],"collection":[{"href":"https:\/\/www.europesays.com\/pt\/wp-json\/wp\/v2\/posts"}],"about":[{"href":"https:\/\/www.europesays.com\/pt\/wp-json\/wp\/v2\/types\/post"}],"author":[{"embeddable":true,"href":"https:\/\/www.europesays.com\/pt\/wp-json\/wp\/v2\/users\/2"}],"replies":[{"embeddable":true,"href":"https:\/\/www.europesays.com\/pt\/wp-json\/wp\/v2\/comments?post=50750"}],"version-history":[{"count":0,"href":"https:\/\/www.europesays.com\/pt\/wp-json\/wp\/v2\/posts\/50750\/revisions"}],"wp:featuredmedia":[{"embeddable":true,"href":"https:\/\/www.europesays.com\/pt\/wp-json\/wp\/v2\/media\/50751"}],"wp:attachment":[{"href":"https:\/\/www.europesays.com\/pt\/wp-json\/wp\/v2\/media?parent=50750"}],"wp:term":[{"taxonomy":"category","embeddable":true,"href":"https:\/\/www.europesays.com\/pt\/wp-json\/wp\/v2\/categories?post=50750"},{"taxonomy":"post_tag","embeddable":true,"href":"https:\/\/www.europesays.com\/pt\/wp-json\/wp\/v2\/tags?post=50750"}],"curies":[{"name":"wp","href":"https:\/\/api.w.org\/{rel}","templated":true}]}}