{"id":507500,"date":"2026-09-01T12:09:20","date_gmt":"2026-09-01T12:09:20","guid":{"rendered":"https:\/\/www.europesays.com\/pt\/507500\/"},"modified":"2026-09-01T12:09:20","modified_gmt":"2026-09-01T12:09:20","slug":"filho-de-faustao-apoia-campanha-sobre-dialise-vivi-isso-com-meu-pai-celebridades","status":"publish","type":"post","link":"https:\/\/www.europesays.com\/pt\/507500\/","title":{"rendered":"Filho de Faust\u00e3o apoia campanha sobre di\u00e1lise: &#8216;Vivi isso com meu pai&#8217; | Celebridades"},"content":{"rendered":"<p>Rio &#8211; <strong><a href=\"https:\/\/odia.ig.com.br\/diversao\/celebridades\/2026\/06\/7271269-faustao-aparece-ao-lado-do-genro-durante-vitoria-do-brasil.html\" target=\"_blank\" rel=\"noopener noreferrer nofollow\">Jo\u00e3o Silva<\/a><\/strong>,\u00a0de 22 anos, se juntou \u00e0 campanha nacional do Dia D da Di\u00e1lise, promovida pela Associa\u00e7\u00e3o Brasileira dos Centros de Di\u00e1lise e Transplante (ABCDT). Filho de Fausto Silva, o Faust\u00e3o, o apresentador posou com a camisa da mobiliza\u00e7\u00e3o deste ano e usou a experi\u00eancia da fam\u00edlia para falar sobre a import\u00e2ncia do tratamento.Faust\u00e3o enfrentou problemas renais depois de passar por um transplante de cora\u00e7\u00e3o. O apresentador precisou fazer hemodi\u00e1lise e, em 2024, recebeu um transplante de rim. A experi\u00eancia aproximou a fam\u00edlia da realidade de pacientes que dependem do tratamento enquanto aguardam um novo \u00f3rg\u00e3o.<\/p>\n<p>&#8220;A gente sabe o quanto \u00e9 dif\u00edcil o processo da hemodi\u00e1lise. A m\u00e1quina est\u00e1 salvando a vida da pessoa e por tr\u00e1s de cada m\u00e1quina tem uma fam\u00edlia, uma hist\u00f3ria&#8221;, afirmou Jo\u00e3o.<\/p>\n<p>O apresentador tamb\u00e9m chamou aten\u00e7\u00e3o para o n\u00famero de brasileiros que dependem da terapia. &#8220;Eu vivi isso com meu pai, sei da dificuldade, das pessoas que est\u00e3o na fila, \u00e0 espera de um transplante&#8221;, disse.<\/p>\n<p>A campanha deste ano tem como tema &#8220;A Vida Al\u00e9m da Di\u00e1lise&#8221; e promove a\u00e7\u00f5es em diferentes cidades para conscientizar sobre a doen\u00e7a renal cr\u00f4nica e a import\u00e2ncia do diagn\u00f3stico e do tratamento.<\/p>\n","protected":false},"excerpt":{"rendered":"Rio &#8211; Jo\u00e3o Silva,\u00a0de 22 anos, se juntou \u00e0 campanha nacional do Dia D da Di\u00e1lise, promovida pela&hellip;\n","protected":false},"author":2,"featured_media":507501,"comment_status":"","ping_status":"","sticky":false,"template":"","format":"standard","meta":{"footnotes":"","_share_on_mastodon":"0"},"categories":[145],"tags":[211,210,75681,114,115,6456,5275,32,33],"class_list":["post-507500","post","type-post","status-publish","format-standard","has-post-thumbnail","category-celebridades","tag-celebridades","tag-celebrities","tag-dialise","tag-entertainment","tag-entretenimento","tag-faustao","tag-joao-silva","tag-portugal","tag-pt"],"share_on_mastodon":{"url":"https:\/\/pubeurope.com\/@pt\/117195713160866277","error":""},"_links":{"self":[{"href":"https:\/\/www.europesays.com\/pt\/wp-json\/wp\/v2\/posts\/507500","targetHints":{"allow":["GET"]}}],"collection":[{"href":"https:\/\/www.europesays.com\/pt\/wp-json\/wp\/v2\/posts"}],"about":[{"href":"https:\/\/www.europesays.com\/pt\/wp-json\/wp\/v2\/types\/post"}],"author":[{"embeddable":true,"href":"https:\/\/www.europesays.com\/pt\/wp-json\/wp\/v2\/users\/2"}],"replies":[{"embeddable":true,"href":"https:\/\/www.europesays.com\/pt\/wp-json\/wp\/v2\/comments?post=507500"}],"version-history":[{"count":0,"href":"https:\/\/www.europesays.com\/pt\/wp-json\/wp\/v2\/posts\/507500\/revisions"}],"wp:featuredmedia":[{"embeddable":true,"href":"https:\/\/www.europesays.com\/pt\/wp-json\/wp\/v2\/media\/507501"}],"wp:attachment":[{"href":"https:\/\/www.europesays.com\/pt\/wp-json\/wp\/v2\/media?parent=507500"}],"wp:term":[{"taxonomy":"category","embeddable":true,"href":"https:\/\/www.europesays.com\/pt\/wp-json\/wp\/v2\/categories?post=507500"},{"taxonomy":"post_tag","embeddable":true,"href":"https:\/\/www.europesays.com\/pt\/wp-json\/wp\/v2\/tags?post=507500"}],"curies":[{"name":"wp","href":"https:\/\/api.w.org\/{rel}","templated":true}]}}