{"id":507502,"date":"2026-09-01T12:13:08","date_gmt":"2026-09-01T12:13:08","guid":{"rendered":"https:\/\/www.europesays.com\/pt\/507502\/"},"modified":"2026-09-01T12:13:08","modified_gmt":"2026-09-01T12:13:08","slug":"verdadeiro-gangster-condenado-pela-morte-de-tupac-por-causa-de-um-livro-que-ele-proprio-escreveu-esta-na-hora-de-eu-esclarecer-a-historia","status":"publish","type":"post","link":"https:\/\/www.europesays.com\/pt\/507502\/","title":{"rendered":"Verdadeiro gangster&#8221; condenado pela morte de Tupac, por causa de um livro que ele pr\u00f3prio escreveu. &#8220;Est\u00e1 na hora de eu esclarecer a hist\u00f3ria"},"content":{"rendered":"<p>                Quase 30 anos depois da morte da estrela do hip-hop, Duane \u201cKeffe D\u201d Davis foi considerado culpado. Sempre se suspeitou do seu envolvimento no caso<\/p>\n<p style=\"margin-bottom:11px\">O rapper Tupac Shakur, de nome art\u00edstico 2Pac, morreu a\u00a013 de setembro de 1996, aos\u00a025 anos, seis dias depois de ter sido baleado em Las Vegas. Durante d\u00e9cadas, o assass\u00ednio da estrela do hip-hop permaneceu por resolver. Quase 30 anos depois<a href=\"https:\/\/cnnportugal.iol.pt\/tupac-shakur\/homicidio\/30-anos-depois-juri-condena-homem-pelo-homicidio-do-rapper-tupac-shakur\/20260901\/6a965e06d34e511da0b36468?_gl=1*vt78a4*_up*MQ..*_ga*ODk4MzY0ODE2LjE3ODgyNTc0NzY.*_ga_F2JC3V5NZ2*czE3ODgyNTc0NzUkbzEkZzAkdDE3ODgyNTc0NzUkajYwJGwwJGgxMzM1NTk2MTA.*_ga_VS2KHT9HQC*czE3ODgyNTc0NzUkbzEkZzAkdDE3ODgyNTc0NzUkajYwJGwwJGg4MTgzMjQxODI.\" rel=\"nofollow noopener\" target=\"_blank\">, Duane \u2018Keffe D\u2019 Davis, um antigo l\u00edder de gangue h\u00e1 muito suspeito de estar envolvido, foi considerado culpado de ter planeado<\/a>\u00a0o homic\u00eddio. E foi tramado pelo pr\u00f3prio livro de mem\u00f3rias, que ter\u00e1 escrito em coautoria com outra pessoa e que foi lan\u00e7ado em 2019.<\/p>\n<p>\u201cSou uma das \u00fanicas testemunhas oculares ainda vivas do assass\u00ednio de Tupac, que tamb\u00e9m conhece a hist\u00f3ria muito mais ampla em torno das raz\u00f5es pelas quais tanto Tupac como Biggie foram mortos\u201d, pode ler-se em Compton Street Legend, atribu\u00eddo a \u2018Keffe D\u2019.<\/p>\n<p>Duane \u2018Keffe D\u2019 Davis era o autoproclamado \u201cverdadeiro gangster\u201d, membro de topo do gangue South Side Compton Crips, de Los Angeles, e h\u00e1 muito conhecido das autoridades. Sempre se suspeitou de estar envolvido na morte do rapper. \u201cEst\u00e1 na hora de eu esclarecer a hist\u00f3ria\u201d, l\u00ea-se no livro.<\/p>\n<p>A morte do rapper ter\u00e1 sido o \u201ccastigo\u201d por uma viola\u00e7\u00e3o do \u201cr\u00edgido c\u00f3digo da rua\u201d. Compton Street Legend inclui hist\u00f3rias de \u2018Keffe D\u2019 a \u201cgerir um imp\u00e9rio de droga multimilion\u00e1rio a n\u00edvel nacional\u201d. Ter\u00e1 sido ele a obter a arma do crime e estaria no carro de onde foram disparados os tiros que mataram Tupac Shakur.<\/p>\n<p>\u2018Keffe D\u2019 ter\u00e1 mesmo contado a sua vers\u00e3o dos factos \u00e0 pol\u00edcia e falou disso abertamente em entrevistas ao longo de mais de duas d\u00e9cadas. Confiss\u00f5es aparentemente insuficientes para ser detido e julgado. Mesmo depois da publica\u00e7\u00e3o do livro, em 2019, nada parece ter acontecido durante cerca de quatro anos. Mas os investigadores estiveram, durante esse per\u00edodo, a rever provas e \u2018Keffe D\u2019 foi detido em 2023, a 29 de setembro, e acusado de homic\u00eddio.<\/p>\n<p>De acordo com as autoridades, foi o livro que trouxe novas luzes \u00e0 investiga\u00e7\u00e3o.<\/p>\n<p>Ao longo do julgamento, foram ouvidas 27 testemunhas. Algumas l\u00edderes de gangues rivais, que pareciam saber mais do que aceitavam dizer. N\u00e3o havia provas materiais que colocassem Davis em Las Vegas naquela noite. O advogado de defesa chegou a colocar em causa que o livro tivesse sido escrito por \u2018Keffe D\u2019 e disse mesmo que o seu cliente era conhecido por \u201cdizer tretas\u201d.<\/p>\n<p>\u2018Keffe D\u201d n\u00e3o chegou a subir ao banco das testemunhas, mas foram exibidos excertos em que ele promovia as mem\u00f3rias como \u201ca verdadeira verdade\u201d. O tribunal tomou conhecimento de que havia algumas inconsist\u00eancias nas diferentes alega\u00e7\u00f5es que ele fez ao longo dos anos, mas o essencial permaneceu o mesmo e os jurados acreditaram no arguido<\/p>\n<p>No julgamento, n\u00e3o ficou claro quem disparou a arma naquele 13 de setembro, mas, ao abrigo da lei do Nevada, n\u00e3o importa quem puxou o gatilho. Como o \u201cmandante\u201d que arranjou a arma, Davis ainda poderia ser condenado por homic\u00eddio.<\/p>\n","protected":false},"excerpt":{"rendered":"Quase 30 anos depois da morte da estrela do hip-hop, Duane \u201cKeffe D\u201d Davis foi considerado culpado. Sempre&hellip;\n","protected":false},"author":2,"featured_media":507503,"comment_status":"","ping_status":"","sticky":false,"template":"","format":"standard","meta":{"footnotes":"","_share_on_mastodon":"0"},"categories":[141],"tags":[81317,609,836,611,27,607,608,333,832,604,135,610,81319,476,114,115,301,830,5564,5607,603,81318,570,831,833,62,149,150,834,13,835,602,52,32,33,28564,29],"class_list":["post-507502","post","type-post","status-publish","format-standard","has-post-thumbnail","category-musica","tag-2pac","tag-alerta","tag-analise","tag-ao-minuto","tag-breaking-news","tag-cnn","tag-cnn-portugal","tag-comentadores","tag-costa","tag-crime","tag-desporto","tag-direto","tag-duane-keffe-d-davis","tag-economia","tag-entertainment","tag-entretenimento","tag-governo","tag-guerra","tag-homicidio","tag-julgamento","tag-justica","tag-keffe-d","tag-live","tag-mais-vistas","tag-marcelo","tag-mundo","tag-music","tag-musica","tag-negocios","tag-noticias","tag-opiniao","tag-pais","tag-politica","tag-portugal","tag-pt","tag-tupac-shakur","tag-ultimas"],"share_on_mastodon":{"url":"","error":"Validation failed: Text character limit of 500 exceeded"},"_links":{"self":[{"href":"https:\/\/www.europesays.com\/pt\/wp-json\/wp\/v2\/posts\/507502","targetHints":{"allow":["GET"]}}],"collection":[{"href":"https:\/\/www.europesays.com\/pt\/wp-json\/wp\/v2\/posts"}],"about":[{"href":"https:\/\/www.europesays.com\/pt\/wp-json\/wp\/v2\/types\/post"}],"author":[{"embeddable":true,"href":"https:\/\/www.europesays.com\/pt\/wp-json\/wp\/v2\/users\/2"}],"replies":[{"embeddable":true,"href":"https:\/\/www.europesays.com\/pt\/wp-json\/wp\/v2\/comments?post=507502"}],"version-history":[{"count":0,"href":"https:\/\/www.europesays.com\/pt\/wp-json\/wp\/v2\/posts\/507502\/revisions"}],"wp:featuredmedia":[{"embeddable":true,"href":"https:\/\/www.europesays.com\/pt\/wp-json\/wp\/v2\/media\/507503"}],"wp:attachment":[{"href":"https:\/\/www.europesays.com\/pt\/wp-json\/wp\/v2\/media?parent=507502"}],"wp:term":[{"taxonomy":"category","embeddable":true,"href":"https:\/\/www.europesays.com\/pt\/wp-json\/wp\/v2\/categories?post=507502"},{"taxonomy":"post_tag","embeddable":true,"href":"https:\/\/www.europesays.com\/pt\/wp-json\/wp\/v2\/tags?post=507502"}],"curies":[{"name":"wp","href":"https:\/\/api.w.org\/{rel}","templated":true}]}}