{"id":507604,"date":"2026-09-01T13:55:12","date_gmt":"2026-09-01T13:55:12","guid":{"rendered":"https:\/\/www.europesays.com\/pt\/507604\/"},"modified":"2026-09-01T13:55:12","modified_gmt":"2026-09-01T13:55:12","slug":"nao-vou-desistir-de-nada-prefiro-mata-los-mulher-esfaqueia-duas-pessoas-em-plena-times-square-e-e-abatida-pela-policia","status":"publish","type":"post","link":"https:\/\/www.europesays.com\/pt\/507604\/","title":{"rendered":"&#8220;N\u00e3o vou desistir de nada. Prefiro mat\u00e1-los&#8221;: mulher esfaqueia duas pessoas em plena Times Square e \u00e9 abatida pela pol\u00edcia"},"content":{"rendered":"<p>                Em imagens captadas por transeuntes e partilhadas nas redes sociais, v\u00ea-se uma mulher com uma t-shirt rosa a enfrentar v\u00e1rios agentes fardados, brandindo por momentos as duas facas<\/p>\n<p>Uma mulher de 49 anos, que sofria de problemas mentais, esfaqueou duas pessoas, aparentemente ao acaso, na segunda-feira, na Times Square, zona tur\u00edstica de Nova Iorque, matando uma delas, antes de ser abatida pela pol\u00edcia.<\/p>\n<p>Identificada como Pamela Cisneros, residente de Queens, a alegada agressora tirou duas facas grandes de um saco antes de amea\u00e7ar transeuntes, em plena tarde, de acordo com o relato da chefe da pol\u00edcia de Nova Iorque, Jessica Tisch.<\/p>\n<p>Acabaria por esfaquear no abd\u00f3men um homem de 68 anos e, 20 segundos depois, fez o mesmo a uma mulher de 32 anos, que acabou por morrer.<\/p>\n<p>O homem encontra-se hospitalizado em estado est\u00e1vel. As identidades n\u00e3o foram reveladas, enquanto se aguarda que as fam\u00edlias sejam informadas.<\/p>\n<p>Os agentes de pol\u00edcia intervieram e tentaram fazer com que a agressora largasse as armas.<\/p>\n<p>Em imagens captadas por transeuntes e partilhadas nas redes sociais, v\u00ea-se uma mulher com uma t-shirt rosa a enfrentar v\u00e1rios agentes fardados, brandindo por momentos as duas facas.<\/p>\n<p>&#8220;Os agentes tentaram dialogar com a mulher durante quatro minutos e ordenaram-lhe repetidamente que largasse as facas, o que ela recusou fazer, prosseguiu Jessica Tisch.<\/p>\n<p>Durante a troca de palavras, a agressora aos pol\u00edcias: &#8220;N\u00e3o vou desistir de nada. Prefiro mat\u00e1-los&#8221;, acrescentou.<\/p>\n<p>&#8220;Passou a correr por mim na esquina e tinha duas facas nas m\u00e3os&#8221;, contou uma testemunha ao canal PIX11 News.<\/p>\n<p>A mesma testemunha relatou que, pouco depois, os pol\u00edcias utilizaram uma arma de choque el\u00e9trico para a imobilizar mas, apesar disso, a mulher lan\u00e7ou-se contra os agentes e foi ent\u00e3o que dispararam &#8220;duas vezes&#8221;.<\/p>\n<p>A pol\u00edcia confirmou ter utilizado um &#8216;taser&#8217;, sem sucesso, antes de recorrer a armas de fogo.<\/p>\n<p>Um jornalista da ag\u00eancia France-Presse, que se deslocou ao local ap\u00f3s os factos constatou forte presen\u00e7a da pol\u00edcia e dos servi\u00e7os de emerg\u00eancia, bem como uma po\u00e7a de sangue no ch\u00e3o.<\/p>\n<p>A agressora era conhecida da pol\u00edcia por incidentes relacionados com os problemas mentais que sofria. &#8220;N\u00e3o temos qualquer motivo para acreditar que se trate de um ato de terrorismo&#8221;, prosseguiu a chefe da pol\u00edcia de Nova Iorque.<\/p>\n<p>&#8220;Tratou-se de uma situa\u00e7\u00e3o extremamente perigosa, que ocorreu no cora\u00e7\u00e3o de Times Square&#8221;, onde &#8220;a qualquer momento milhares de nova-iorquinos, pessoas a caminho do trabalho, turistas e fam\u00edlias circulam por estas ruas&#8221;, disse.<\/p>\n<p>Presente na confer\u00eancia de imprensa, o presidente da c\u00e2mara da cidade, Zohran Mamdani, agradeceu aos agentes da pol\u00edcia que atuaram &#8220;e impediram que este ataque terr\u00edvel assumisse propor\u00e7\u00f5es ainda mais tr\u00e1gicas&#8221;.<\/p>\n","protected":false},"excerpt":{"rendered":"Em imagens captadas por transeuntes e partilhadas nas redes sociais, v\u00ea-se uma mulher com uma t-shirt rosa a&hellip;\n","protected":false},"author":2,"featured_media":507605,"comment_status":"","ping_status":"","sticky":false,"template":"","format":"standard","meta":{"footnotes":"","_share_on_mastodon":"0"},"categories":[50],"tags":[609,836,611,27,28,607,608,333,832,604,135,610,476,17889,413,15,16,301,830,14,603,25,26,570,21,22,831,833,62,834,12,13,19,20,1035,835,602,1086,52,32,23,24,60300,17,18,29,30,31,63,64,65],"class_list":["post-507604","post","type-post","status-publish","format-standard","has-post-thumbnail","category-mundo","tag-alerta","tag-analise","tag-ao-minuto","tag-breaking-news","tag-breakingnews","tag-cnn","tag-cnn-portugal","tag-comentadores","tag-costa","tag-crime","tag-desporto","tag-direto","tag-economia","tag-esfaqueamento","tag-eua","tag-featured-news","tag-featurednews","tag-governo","tag-guerra","tag-headlines","tag-justica","tag-latest-news","tag-latestnews","tag-live","tag-main-news","tag-mainnews","tag-mais-vistas","tag-marcelo","tag-mundo","tag-negocios","tag-news","tag-noticias","tag-noticias-principais","tag-noticiasprincipais","tag-nova-iorque","tag-opiniao","tag-pais","tag-policia","tag-politica","tag-portugal","tag-principais-noticias","tag-principaisnoticias","tag-times-square","tag-top-stories","tag-topstories","tag-ultimas","tag-ultimas-noticias","tag-ultimasnoticias","tag-world","tag-world-news","tag-worldnews"],"share_on_mastodon":{"url":"","error":"Validation failed: Text character limit of 500 exceeded"},"_links":{"self":[{"href":"https:\/\/www.europesays.com\/pt\/wp-json\/wp\/v2\/posts\/507604","targetHints":{"allow":["GET"]}}],"collection":[{"href":"https:\/\/www.europesays.com\/pt\/wp-json\/wp\/v2\/posts"}],"about":[{"href":"https:\/\/www.europesays.com\/pt\/wp-json\/wp\/v2\/types\/post"}],"author":[{"embeddable":true,"href":"https:\/\/www.europesays.com\/pt\/wp-json\/wp\/v2\/users\/2"}],"replies":[{"embeddable":true,"href":"https:\/\/www.europesays.com\/pt\/wp-json\/wp\/v2\/comments?post=507604"}],"version-history":[{"count":0,"href":"https:\/\/www.europesays.com\/pt\/wp-json\/wp\/v2\/posts\/507604\/revisions"}],"wp:featuredmedia":[{"embeddable":true,"href":"https:\/\/www.europesays.com\/pt\/wp-json\/wp\/v2\/media\/507605"}],"wp:attachment":[{"href":"https:\/\/www.europesays.com\/pt\/wp-json\/wp\/v2\/media?parent=507604"}],"wp:term":[{"taxonomy":"category","embeddable":true,"href":"https:\/\/www.europesays.com\/pt\/wp-json\/wp\/v2\/categories?post=507604"},{"taxonomy":"post_tag","embeddable":true,"href":"https:\/\/www.europesays.com\/pt\/wp-json\/wp\/v2\/tags?post=507604"}],"curies":[{"name":"wp","href":"https:\/\/api.w.org\/{rel}","templated":true}]}}