{"id":50762,"date":"2025-08-29T22:07:14","date_gmt":"2025-08-29T22:07:14","guid":{"rendered":"https:\/\/www.europesays.com\/pt\/50762\/"},"modified":"2025-08-29T22:07:14","modified_gmt":"2025-08-29T22:07:14","slug":"fim-da-protecao-dos-servicos-secretos-a-kamala-harris","status":"publish","type":"post","link":"https:\/\/www.europesays.com\/pt\/50762\/","title":{"rendered":"Fim da Prote\u00e7\u00e3o dos Servi\u00e7os Secretos a Kamala Harris"},"content":{"rendered":"<p>A administra\u00e7\u00e3o de Donald Trump decidiu retirar a prote\u00e7\u00e3o do Servi\u00e7o Secreto \u00e0 ex-vice-presidente Kamala Harris, candidata derrotada nas \u00faltimas Presidenciais, confirmou esta sexta-feira um conselheiro de Harris \u00e0<a aria-label=\"content\" target=\"_blank\" href=\"https:\/\/www.nbcnews.com\/politics\/white-house\/trump-revokes-secret-service-protection-former-president-kamala-harris-rcna227959\" rel=\"nofollow noopener\"> NBC News.<\/a><\/p>\n<p>\u201cA vice-presidente est\u00e1 grata ao Servi\u00e7o Secreto dos Estados Unidos pelo seu profissionalismo, dedica\u00e7\u00e3o e compromisso inabal\u00e1vel com a seguran\u00e7a\u201d, referiu o assessor de Kamala, em comunicado.<\/p>\n<p><strong>Um respons\u00e1vel da Casa Branca confirmou tamb\u00e9m a decis\u00e3o, lembrando que, por lei, os vice-presidentes apenas beneficiam de seis meses de prote\u00e7\u00e3o ap\u00f3s deixarem fun\u00e7\u00f5es. E<\/strong>m 2008, o Congresso norte-americano aprovou a legisla\u00e7\u00e3o que autoriza a prote\u00e7\u00e3o de um ex-vice-presidente, c\u00f4njuge e filhos menores de 16 anos at\u00e9 seis meses depois do final do mandato.<\/p>\n<p><strong>De acordo com esse per\u00edodo legal, a prote\u00e7\u00e3o de Kamala teria terminado a 21 de julho. Contudo, em janeiro, antes da passagem de testemunho na Casa Branca, o ent\u00e3o presidente Joe Biden tinha assinado um memorando executivo que prolongava a prote\u00e7\u00e3o de Kamala Harris at\u00e9 18 meses<\/strong>. E foi este que foi agora mandado revogar por Trump.<\/p>\n<p>N\u00e3o \u00e9 a primeira vez que Trump toma uma medida semelhante: no in\u00edcio do ano, tamb\u00e9m retirou a prote\u00e7\u00e3o dos Servi\u00e7o Secretoo aos filhos adultos de Biden, Hunter e Ashley. De acordo com a lei federal, os antigos presidentes e respetivos c\u00f4njuges t\u00eam direito a prote\u00e7\u00e3o vital\u00edcia, salvo recusa expl\u00edcita, enquanto os filhos apenas beneficiam desse direito at\u00e9 completarem 16 anos.<\/p>\n<p><strong>O United States Secret Service, conhecido como<\/strong>\u00a0<strong>Servi\u00e7o Secreto<\/strong>, \u00e9 uma ag\u00eancia federal norte-americana\u00a0inclu\u00edda no\u00a0Departamento de Seguran\u00e7a Interna dos Estados Unidos. Tem como principais \u00e1reas de jurisdi\u00e7\u00e3o o combate a crimes financeiros e a prote\u00e7\u00e3o de membros e ex-membros do governo federal, al\u00e9m dos candidatos \u00e0s elei\u00e7\u00f5es presidenciais, chefes de Estado estrangeiros de visita ao pa\u00eds e embaixadas.<\/p>\n<p>* not\u00edcia atualizada e corrigida \u00e0s 16.24. <\/p>\n","protected":false},"excerpt":{"rendered":"A administra\u00e7\u00e3o de Donald Trump decidiu retirar a prote\u00e7\u00e3o do Servi\u00e7o Secreto \u00e0 ex-vice-presidente Kamala Harris, candidata derrotada&hellip;\n","protected":false},"author":2,"featured_media":50763,"comment_status":"","ping_status":"","sticky":false,"template":"","format":"standard","meta":{"footnotes":""},"categories":[50],"tags":[27,28,413,15,16,14,2958,25,26,21,22,62,12,13,19,20,23,24,6821,6315,17,18,2183,29,30,31,63,64,65],"class_list":{"0":"post-50762","1":"post","2":"type-post","3":"status-publish","4":"format-standard","5":"has-post-thumbnail","7":"category-mundo","8":"tag-breaking-news","9":"tag-breakingnews","10":"tag-eua","11":"tag-featured-news","12":"tag-featurednews","13":"tag-headlines","14":"tag-kamala-harris","15":"tag-latest-news","16":"tag-latestnews","17":"tag-main-news","18":"tag-mainnews","19":"tag-mundo","20":"tag-news","21":"tag-noticias","22":"tag-noticias-principais","23":"tag-noticiasprincipais","24":"tag-principais-noticias","25":"tag-principaisnoticias","26":"tag-protecao","27":"tag-servicos-secretos","28":"tag-top-stories","29":"tag-topstories","30":"tag-trump","31":"tag-ultimas","32":"tag-ultimas-noticias","33":"tag-ultimasnoticias","34":"tag-world","35":"tag-world-news","36":"tag-worldnews"},"share_on_mastodon":{"url":"","error":""},"_links":{"self":[{"href":"https:\/\/www.europesays.com\/pt\/wp-json\/wp\/v2\/posts\/50762","targetHints":{"allow":["GET"]}}],"collection":[{"href":"https:\/\/www.europesays.com\/pt\/wp-json\/wp\/v2\/posts"}],"about":[{"href":"https:\/\/www.europesays.com\/pt\/wp-json\/wp\/v2\/types\/post"}],"author":[{"embeddable":true,"href":"https:\/\/www.europesays.com\/pt\/wp-json\/wp\/v2\/users\/2"}],"replies":[{"embeddable":true,"href":"https:\/\/www.europesays.com\/pt\/wp-json\/wp\/v2\/comments?post=50762"}],"version-history":[{"count":0,"href":"https:\/\/www.europesays.com\/pt\/wp-json\/wp\/v2\/posts\/50762\/revisions"}],"wp:featuredmedia":[{"embeddable":true,"href":"https:\/\/www.europesays.com\/pt\/wp-json\/wp\/v2\/media\/50763"}],"wp:attachment":[{"href":"https:\/\/www.europesays.com\/pt\/wp-json\/wp\/v2\/media?parent=50762"}],"wp:term":[{"taxonomy":"category","embeddable":true,"href":"https:\/\/www.europesays.com\/pt\/wp-json\/wp\/v2\/categories?post=50762"},{"taxonomy":"post_tag","embeddable":true,"href":"https:\/\/www.europesays.com\/pt\/wp-json\/wp\/v2\/tags?post=50762"}],"curies":[{"name":"wp","href":"https:\/\/api.w.org\/{rel}","templated":true}]}}