{"id":507626,"date":"2026-09-01T14:10:18","date_gmt":"2026-09-01T14:10:18","guid":{"rendered":"https:\/\/www.europesays.com\/pt\/507626\/"},"modified":"2026-09-01T14:10:18","modified_gmt":"2026-09-01T14:10:18","slug":"luis-neves-culpa-inveja-pelas-grandes-investigacoes-jornalisticas-sofas-televisoes-e-equipamento-de-ginasio-apliquei-a-lei-diz-ministro","status":"publish","type":"post","link":"https:\/\/www.europesays.com\/pt\/507626\/","title":{"rendered":"Lu\u00eds Neves culpa &#8220;inveja&#8221; pelas &#8220;grandes investiga\u00e7\u00f5es jornal\u00edsticas&#8221;. Sof\u00e1s, televis\u00f5es e equipamento de gin\u00e1sio? &#8220;Apliquei a lei&#8221;, diz ministro"},"content":{"rendered":"<p>                Lu\u00eds Neves dirigiu ainda cr\u00edticas a quem, segundo afirmou, condena advers\u00e1rios sem provas<\/p>\n<p data-end=\"224\" data-start=\"60\">O ministro da Administra\u00e7\u00e3o Interna apontou esta ter\u00e7a-feira o dedo \u00e0s \u201cgrandes investiga\u00e7\u00f5es jornal\u00edsticas\u201d, considerando que algumas ser\u00e3o motivadas pela \u201cinveja\u201d de pessoas que diz ter afastado, presumivelmente da Pol\u00edcia Judici\u00e1ria.<\/p>\n<p data-end=\"224\" data-start=\"60\">Alguns minutos depois do discurso, e perante os jornalistas, Lu\u00eds Neves recusou-se a mencionar as pessoas que movem a tal &#8220;inveja&#8221;, ainda que tenha dito que conhece as pessoas em causa e at\u00e9 tenha deixado no ar um poss\u00edvel processo judicial. &#8220;H\u00e1 atos e haver\u00e1 consequ\u00eancias&#8221;, reiterou, deixando tamb\u00e9m um desafio ao presidente do Chega, Andr\u00e9 Ventura.<\/p>\n<p data-end=\"224\" data-start=\"60\">&#8220;No pr\u00f3ximo dia 8 [de setembro] terei audi\u00e7\u00e3o no Parlamento. Quero dizer a Andr\u00e9 Ventura que estarei totalmente dispon\u00edvel para responder a qualquer d\u00favida&#8221;, frisou, sublinhando que a demiss\u00e3o est\u00e1 fora de hip\u00f3tese.<\/p>\n<p>Na segunda vez que falou de forma mais longa sobre o assunto, Lu\u00eds Neves anunciou ainda que tinha mais um caso para apresentar, desta vez relacionado com \u201ctelevisores, sof\u00e1s, equipamentos de gin\u00e1sio\u201d apreendidos a uma pessoa que descreveu como suspeita de ser \u201cum dos maiores traficantes de droga em Portugal\u201d.<\/p>\n<p>O traficante em causa \u00e9 Ruben Oliveira, tamb\u00e9m conhecido como Xuxas, e o caso foi noticiado pela CNN Portugal, que deu conta de que o agora ministro conduz um carro apreendido ao criminoso. Mas n\u00e3o s\u00f3. Bens como sof\u00e1s, televis\u00f5es e equipamento de gin\u00e1sio que tamb\u00e9m foram apreendidos a Xuxas na sequ\u00eancia da megaopera\u00e7\u00e3o policial que, segundo a pol\u00edcia de investiga\u00e7\u00e3o, permitiu desmantelar um grupo que seria liderado pelo maior narcotraficante portugu\u00eas..<\/p>\n<p>\u201cCriem-me outra vez\u201d, afirmou o ministro, antes de questionar: \u201cHaver\u00e1 castigo mais adequado para quem comete crimes que o patrim\u00f3nio possa ser atingido? N\u00e3o. N\u00e3o h\u00e1.\u201d<\/p>\n<p>O respons\u00e1vel defendeu que os bens adquiridos com dinheiro proveniente do crime podem ser utilizados para melhorar as condi\u00e7\u00f5es e a prepara\u00e7\u00e3o f\u00edsica dos pol\u00edcias respons\u00e1veis pelas investiga\u00e7\u00f5es e deten\u00e7\u00f5es. \u201cFoi isso que fiz. Cumpri a lei, apliquei a lei\u201d, declarou Lu\u00eds Neves.<\/p>\n<p>A rea\u00e7\u00e3o surge depois de a<a href=\"https:\/\/cnnportugal.iol.pt\/ministro-da-administracao-interna\/luis-neves\/luis-neves-reclamou-televisoes-equipamentos-de-ginasio-e-sofas-apreendidos-para-uso-operacional-da-pj\/20260828\/6a91de38d34e511da0b35d30\" target=\"_blank\" rel=\"nofollow noopener\">\u00a0CNN Portugal ter revelado<\/a> que a Pol\u00edcia Judici\u00e1ria apreendeu oito televis\u00f5es, 15 equipamentos de gin\u00e1sio, duas cadeiras e tr\u00eas sof\u00e1s, declarando-os de \u201cutilidade operacional\u201d para a pr\u00f3pria institui\u00e7\u00e3o.<\/p>\n<p>Foi neste mesmo processo que foi apreendido o carro atualmente utilizado pelo ministro da Administra\u00e7\u00e3o Interna, e que foi cedido pela Pol\u00edcia Judici\u00e1ria. A viatura j\u00e1 era conduzida pelo agora governante quando ocupava o cargo de diretor nacional da PJ. Tal como o Volkswagen Golf GTD, tamb\u00e9m as televis\u00f5es, os equipamentos de gin\u00e1sio, as cadeiras e os sof\u00e1s foram apreendidos em 2022 e declarados de utilidade operacional para a Pol\u00edcia Judici\u00e1ria.<\/p>\n<p>A utiliza\u00e7\u00e3o destes bens voltou a ser abordada por Lu\u00eds Neves durante a cerim\u00f3nia que assinalou o 148.\u00ba anivers\u00e1rio do Comando Regional da Pol\u00edcia de Seguran\u00e7a P\u00fablica da Madeira. O ministro afirmou que a legisla\u00e7\u00e3o que permite \u00e0s for\u00e7as policiais utilizar viaturas apreendidas remonta a 2007 e garantiu ter feito o reporte de cerca de 800 carros.<\/p>\n<p>\u201cParece que algu\u00e9m agora est\u00e1 do lado de quem cometeu crimes. Porventura que fiquem com o patrim\u00f3nio\u201d, afirmou.<\/p>\n<p>Durante a interven\u00e7\u00e3o, o ministro afirmou ainda que todas as investiga\u00e7\u00f5es que realizou tiveram por base provas. \u201cInvestiguei, senhores magistrados aqui presentes, como sabem, sempre com provas. Sem provas n\u00e3o h\u00e1 acusa\u00e7\u00e3o, h\u00e1 difama\u00e7\u00e3o\u201d, declarou.<\/p>\n<p>Lu\u00eds Neves dirigiu ainda cr\u00edticas a quem, segundo afirmou, condena advers\u00e1rios sem provas. \u201cH\u00e1 quem condene advers\u00e1rios sem provas. \u00c9 a diferen\u00e7a entre o Estado de direito e a pol\u00edtica da suspeita permanente\u201d, disse.<\/p>\n<p>Segundo o respons\u00e1vel, este mecanismo passa pela cria\u00e7\u00e3o de \u201cum caos que d\u00e1 jeito\u201d, atrav\u00e9s do lan\u00e7amento de &#8220;acusa\u00e7\u00f5es graves&#8221; que continuam a ser repetidas mesmo quando nunca chegam a ser demonstradas. Quando uma acusa\u00e7\u00e3o perde for\u00e7a, acrescentou, \u201clan\u00e7a-se uma outra\u201d.<\/p>\n<p>&#8220;N\u00e3o me v\u00e3o impedir de governar&#8221; <\/p>\n<p>Numa altura em que atravessa fortes acusa\u00e7\u00f5es da oposi\u00e7\u00e3o e pedidos diretos do Chega para que pe\u00e7a a demiss\u00e3o do cargo que assumiu ainda este ano, Lu\u00eds Neves garantiu que n\u00e3o se vai deixar intimidar.<\/p>\n<p>\u201cA mim n\u00e3o me intimidam, jamais me intimidar\u00e3o. Nada disto me intimida ou condiciona, n\u00e3o me vai impedir de governar\u201d, garantiu.<\/p>\n<p>Lu\u00eds Neves considera que h\u00e1 quem tenha reconhecido a sua experi\u00eancia, conhecimento e passado no combate ao crime, bem como a capacidade para encontrar solu\u00e7\u00f5es, e que, por isso, optou por outra forma de o atacar. \u201cEscolheram a \u00fanica estrat\u00e9gia que conhecem: lan\u00e7ar suspeitas, atacar a honra e tentar intimidar\u201d, referiu ainda a partir do Arquip\u00e9lago da Madeira.<\/p>\n","protected":false},"excerpt":{"rendered":"Lu\u00eds Neves dirigiu ainda cr\u00edticas a quem, segundo afirmou, condena advers\u00e1rios sem provas O ministro da Administra\u00e7\u00e3o Interna&hellip;\n","protected":false},"author":2,"featured_media":507627,"comment_status":"","ping_status":"","sticky":false,"template":"","format":"standard","meta":{"footnotes":"","_share_on_mastodon":"0"},"categories":[10],"tags":[609,836,611,27,28,607,608,333,832,604,135,610,476,15,16,301,830,14,603,25,26,570,36448,10658,21,22,831,833,51247,62,834,12,13,19,20,835,602,4107,2771,52,32,23,24,33,17,18,29,30,31],"class_list":["post-507626","post","type-post","status-publish","format-standard","has-post-thumbnail","category-portugal","tag-alerta","tag-analise","tag-ao-minuto","tag-breaking-news","tag-breakingnews","tag-cnn","tag-cnn-portugal","tag-comentadores","tag-costa","tag-crime","tag-desporto","tag-direto","tag-economia","tag-featured-news","tag-featurednews","tag-governo","tag-guerra","tag-headlines","tag-justica","tag-latest-news","tag-latestnews","tag-live","tag-luis-neves","tag-mai","tag-main-news","tag-mainnews","tag-mais-vistas","tag-marcelo","tag-ministro-da-administracao-interna","tag-mundo","tag-negocios","tag-news","tag-noticias","tag-noticias-principais","tag-noticiasprincipais","tag-opiniao","tag-pais","tag-pj","tag-polemica","tag-politica","tag-portugal","tag-principais-noticias","tag-principaisnoticias","tag-pt","tag-top-stories","tag-topstories","tag-ultimas","tag-ultimas-noticias","tag-ultimasnoticias"],"share_on_mastodon":{"url":"","error":"Validation failed: Text character limit of 500 exceeded"},"_links":{"self":[{"href":"https:\/\/www.europesays.com\/pt\/wp-json\/wp\/v2\/posts\/507626","targetHints":{"allow":["GET"]}}],"collection":[{"href":"https:\/\/www.europesays.com\/pt\/wp-json\/wp\/v2\/posts"}],"about":[{"href":"https:\/\/www.europesays.com\/pt\/wp-json\/wp\/v2\/types\/post"}],"author":[{"embeddable":true,"href":"https:\/\/www.europesays.com\/pt\/wp-json\/wp\/v2\/users\/2"}],"replies":[{"embeddable":true,"href":"https:\/\/www.europesays.com\/pt\/wp-json\/wp\/v2\/comments?post=507626"}],"version-history":[{"count":0,"href":"https:\/\/www.europesays.com\/pt\/wp-json\/wp\/v2\/posts\/507626\/revisions"}],"wp:featuredmedia":[{"embeddable":true,"href":"https:\/\/www.europesays.com\/pt\/wp-json\/wp\/v2\/media\/507627"}],"wp:attachment":[{"href":"https:\/\/www.europesays.com\/pt\/wp-json\/wp\/v2\/media?parent=507626"}],"wp:term":[{"taxonomy":"category","embeddable":true,"href":"https:\/\/www.europesays.com\/pt\/wp-json\/wp\/v2\/categories?post=507626"},{"taxonomy":"post_tag","embeddable":true,"href":"https:\/\/www.europesays.com\/pt\/wp-json\/wp\/v2\/tags?post=507626"}],"curies":[{"name":"wp","href":"https:\/\/api.w.org\/{rel}","templated":true}]}}