{"id":507646,"date":"2026-09-01T14:23:19","date_gmt":"2026-09-01T14:23:19","guid":{"rendered":"https:\/\/www.europesays.com\/pt\/507646\/"},"modified":"2026-09-01T14:23:19","modified_gmt":"2026-09-01T14:23:19","slug":"se-nao-respondemos-eles-vao-destruir-nos-soam-os-alarmes-na-ucrania-e-a-corrida-por-novas-armas-ja-comecou","status":"publish","type":"post","link":"https:\/\/www.europesays.com\/pt\/507646\/","title":{"rendered":"&#8220;Se n\u00e3o respondemos, eles v\u00e3o destruir-nos&#8221;: soam os alarmes na Ucr\u00e2nia e a corrida por novas armas j\u00e1 come\u00e7ou"},"content":{"rendered":"<p>                A R\u00fassia est\u00e1 a diversificar e a aumentar o seu tipo de armamento, colocando a Ucr\u00e2nia sob um teste de stress que n\u00e3o est\u00e1 a ser f\u00e1cil de superar<\/p>\n<p>A Ucr\u00e2nia est\u00e1 empenhada em desenvolver intercetores capazes de neutralizar uma nova gera\u00e7\u00e3o de drones russos a jato que t\u00eam causado estragos em todo o pa\u00eds nos \u00faltimos meses.<\/p>\n<p>Juntamente com as armas bal\u00edsticas do Kremlin e um novo tipo de m\u00edssil de cruzeiro, os drones a jato causaram danos maci\u00e7os na capital, Kiev, e arredores.<\/p>\n<p>T\u00eam tamb\u00e9m sido utilizados para atacar armaz\u00e9ns, postos de abastecimento de combust\u00edvel, instala\u00e7\u00f5es postais e f\u00e1bricas, numa guerra que se torna muito mais abrangente em termos de alvos.<\/p>\n<p>Os drones Shahed a jato \u2013 conhecidos como Geran-4 e Geran-5 \u2013 s\u00e3o mais dif\u00edceis de intercetar devido \u00e0 sua velocidade e quantidade. S\u00e3o tr\u00eas vezes mais r\u00e1pidos do que os Shahed originais que a R\u00fassia adquiriu ao Ir\u00e3o.<\/p>\n<p>\u201cOs ataques com drones s\u00e3o constantes, com muitos Shahed a jato\u201d, admitiu o presidente ucraniano no domingo. Quase 1.500 drones de todos os tipos foram disparados contra a Ucr\u00e2nia nos \u00faltimos quatro dias, mais de metade deles a jato, acrescentou Volodymyr Zelensky.<\/p>\n<p>O uso em massa de drones a jato acelerou nos \u00faltimos dois meses. Cerca de 1.500 foram utilizados em julho e mais de 2.500 em agosto, segundo Serhiy Beskrestnov, assessor de Zelensky.<\/p>\n<p>Estavam a ser \u201clan\u00e7ados na Ucr\u00e2nia praticamente diretamente da f\u00e1brica\u201d, afirmou numa publica\u00e7\u00e3o no Facebook feita no fim de semana. A Informa\u00e7\u00e3o de Defesa da Ucr\u00e2nia alega que os drones a jato cont\u00eam centenas de componentes fabricados por empresas estrangeiras, incluindo dos EUA, Reino Unido e China.<\/p>\n<p>Muitos destes drones a jato foram disparados contra a capital, \u00e0 medida que a R\u00fassia intensificava os bombardeamentos contra Kiev, tanto de dia como de noite. No s\u00e1bado, os militares ucranianos informaram que a R\u00fassia disparou 224 drones contra a Ucr\u00e2nia durante o dia \u2013 a maioria deles a jato. No domingo, Kiev recebeu oito alertas de ataque a\u00e9reo entre as 00:00 e o p\u00f4r do sol.<\/p>\n<p>O objetivo do Kremlin \u00e9 esgotar as defesas a\u00e9reas ucranianas e minar o moral dos civis, alargando a sua lista de alvos para incluir armaz\u00e9ns e lojas de alimentos e continuando os ataques contra as infraestruturas energ\u00e9ticas, afirmam as autoridades ucranianas.<\/p>\n<p>\u201cO inimigo est\u00e1 a tentar paralisar a atividade econ\u00f3mica na capital e nas principais cidades, pelo que as nossas abordagens e mecanismos de resposta precisam de mudar\u201d, disse o primeiro-ministro ucraniano, Serhii Koretskyi, no fim de semana.<\/p>\n<p>A intensidade dos ataques diurnos russos tamb\u00e9m ocorre precisamente quando as crian\u00e7as se preparam para o novo ano letivo.<\/p>\n<p>A c\u00e2mara municipal de Kiev afirmou esta segunda-feira que \u00e9 prov\u00e1vel que as aulas sejam interrompidas e pediu aos pais para falarem com os filhos sobre \u201calgumas quest\u00f5es simples, mas importantes: como agir em caso de alerta, onde se abrigar e o que fazer se estiverem numa situa\u00e7\u00e3o de perigo a caminho da escola\u201d.<\/p>\n<p>\u201cNas circunst\u00e2ncias atuais, isto faz parte da prepara\u00e7\u00e3o para o novo ano letivo tanto como fazer a mochila ou o uniforme escolar\u201d, disse.<\/p>\n<p>O jogo de xadrez da inova\u00e7\u00e3o <\/p>\n<p>Por enquanto, reconheceu Zelensky, s\u00e3o sobretudo as aeronaves de combate que protegem contra os drones a jato. Mas a pequena For\u00e7a A\u00e9rea da Ucr\u00e2nia j\u00e1 est\u00e1 sobrecarregada, e usar ca\u00e7as contra os drones \u00e9 caro.<\/p>\n<p>E assim continua o combate em mais um epis\u00f3dio da corrida tecnol\u00f3gica acelerada que tem caraterizado a guerra de quase cinco anos.<\/p>\n<p>Quatro empresas desenvolveram drones intercetores relevantes, uma das quais tinha \u201ca tecnologia mais promissora\u201d, disse Zelensky no fim de semana. Os testes de campo j\u00e1 come\u00e7aram com todos os quatro concorrentes, de acordo com o ministro da Defesa, Evgeniy Khmara. \u201cO objetivo \u00e9 levar estas solu\u00e7\u00f5es ao n\u00edvel necess\u00e1rio o mais rapidamente poss\u00edvel e aumentar a produ\u00e7\u00e3o para milhares de unidades\u201d, disse no s\u00e1bado.<\/p>\n<p>Mas desenvolver a tecnologia e implement\u00e1-la s\u00e3o dois desafios muito diferentes. \u201cAs capacidades ofensivas est\u00e3o sempre um passo \u00e0 frente das defensivas\u201d, disse o vice-chefe do gabinete da presid\u00eancia, Pavlo Palisa, na sexta-feira. \u201cCertamente teremos de nos adaptar. Isso levar\u00e1 tempo.\u201d<\/p>\n<p>Um dos intercetores de fabrico ucraniano que tem vindo a demonstrar potencial, chamado Sting, ter\u00e1 abatido dois drones a jato nos \u00faltimos dias.<\/p>\n<p>Outra empresa ucraniana, a F-Drones, atualizou o seu intercetor. &#8220;A R\u00fassia est\u00e1 agora a implantar drones Shahed a jato, por isso constru\u00edmos o LITAVR+. O intercetor atualizado atinge velocidades superiores a 400 km\/h&#8221;, afirmou a empresa no X.<\/p>\n<p>O combate aos drones a jato est\u00e1 tamb\u00e9m no topo da agenda do ex-ministro da Defesa da Ucr\u00e2nia, Mykhailo Fedorov, que iniciou uma visita aos Estados Unidos para explorar \u00e1reas de coopera\u00e7\u00e3o com empresas de tecnologia de defesa &#8220;e organiza\u00e7\u00f5es que se possam tornar parceiras nos nossos novos projetos e ajudar a fortalecer a Ucr\u00e2nia&#8221;.<\/p>\n<p>&#8220;Tamb\u00e9m planeamos construir novos empreendimentos a partir do zero em torno das tecnologias que s\u00e3o hoje criticamente necess\u00e1rias no campo de batalha&#8221;, publicou Fedorov na rede social X, incluindo rob\u00f3tica para &#8220;remover pessoal dos setores mais perigosos da linha da frente&#8221; e m\u00edsseis de baixo custo guiados por Intelig\u00eancia Artificial.<\/p>\n<p>O sistema Banderol russo e o corredor mar\u00edtimo da Ucr\u00e2nia como alvo <\/p>\n<p>A batalha para obter vantagem tecnol\u00f3gica no conflito \u00e9 intermin\u00e1vel. Enquanto a Ucr\u00e2nia expandiu com sucesso a sua gama de drones de ataque de m\u00e9dio e longo alcance, a R\u00fassia desenvolveu um m\u00edssil de cruzeiro barato a que deu o nome de Banderol.<\/p>\n<p>O m\u00edssil, com cinco metros de comprimento, tem uma velocidade m\u00e1xima de 620 a 650 quil\u00f3metros por hora e um alcance estimado de at\u00e9 500 quil\u00f3metros. Carrega uma ogiva de 150 quilos.<\/p>\n<p> <img decoding=\"async\" alt=\"Os destro\u00e7os de um m\u00edssil de cruzeiro russo S8000 Banderol est\u00e3o no ch\u00e3o, \u00e0 porta de um pr\u00e9dio de apartamentos no distrito de Saltivskyi, em Kharkiv, na Ucr\u00e2nia, no dia 9 de agosto (Viacheslav Madiievskyi\/NurPhoto\/AP)\" src=\"https:\/\/www.europesays.com\/pt\/wp-content\/uploads\/2026\/09\/1000.jpg\"\/> <\/p>\n<p>   Os destro\u00e7os de um m\u00edssil de cruzeiro russo S8000 Banderol est\u00e3o no ch\u00e3o, \u00e0 porta de um pr\u00e9dio de apartamentos no distrito de Saltivskyi, em Kharkiv, na Ucr\u00e2nia, no dia 9 de agosto (Viacheslav Madiievskyi\/NurPhoto\/AP) <\/p>\n<p>O seu alcance \u00e9 suficiente para cobrir grande parte do sul da Ucr\u00e2nia quando lan\u00e7ado de helic\u00f3pteros sobre a Crimeia. Dezenas de m\u00edsseis Banderol foram utilizados contra o porto de Odessa nas \u00faltimas semanas, interrompendo as exporta\u00e7\u00f5es de cereais da Ucr\u00e2nia.<\/p>\n<p>Desde o in\u00edcio de agosto, a Ucr\u00e2nia exportou 1,4 milh\u00f5es de toneladas de cereais e oleaginosas, segundo Taras Vysotskyi, ministro da Agricultura \u2013 apenas cerca de um ter\u00e7o do volume potencial de exporta\u00e7\u00e3o.<\/p>\n<p>Os ataques com m\u00edsseis Banderol t\u00eam atrasado significativamente as opera\u00e7\u00f5es ao longo do corredor mar\u00edtimo ucraniano no Mar Negro, afirmou o porta-voz da Marinha ucraniana, Dmytro Pletenchuk, no in\u00edcio de agosto. Os ataques constantes est\u00e3o a encarecer muito o seguro para os carregamentos de cereais, de acordo com fontes do setor.<\/p>\n<p>Os analistas dizem que os militares russos podem estar a preparar-se para lan\u00e7ar m\u00edsseis Banderol a partir de plataformas terrestres, bem como de drones e helic\u00f3pteros.<\/p>\n<p>O antigo ministro da Defesa, Fedorov, que foi demitido por Zelensky em julho e trabalha agora no setor privado, alertou que a Ucr\u00e2nia est\u00e1 \u201cgradualmente, lentamente a perder\u201d a guerra.<\/p>\n<p>Em Washington, disse ao Financial Times que a situa\u00e7\u00e3o mudava de m\u00eas para m\u00eas, mas alertou que os recentes ataques a\u00e9reos da R\u00fassia e a utiliza\u00e7\u00e3o cada vez mais intensa de m\u00edsseis e drones avan\u00e7ados representavam desafios cr\u00edticos.<\/p>\n<p>&#8220;Neste momento, se n\u00e3o respondermos a estas quest\u00f5es, eles v\u00e3o destruir-nos&#8221;, afirmou.<\/p>\n","protected":false},"excerpt":{"rendered":"A R\u00fassia est\u00e1 a diversificar e a aumentar o seu tipo de armamento, colocando a Ucr\u00e2nia sob um&hellip;\n","protected":false},"author":2,"featured_media":507647,"comment_status":"","ping_status":"","sticky":false,"template":"","format":"standard","meta":{"footnotes":"","_share_on_mastodon":"0"},"categories":[50],"tags":[609,836,611,27,28,607,608,333,832,604,2537,135,610,837,476,15,16,301,830,14,53047,603,25,26,570,21,22,831,833,62,834,12,13,19,20,835,602,7721,52,32,23,24,839,17,18,840,29,30,31,63,64,65],"class_list":["post-507646","post","type-post","status-publish","format-standard","has-post-thumbnail","category-mundo","tag-alerta","tag-analise","tag-ao-minuto","tag-breaking-news","tag-breakingnews","tag-cnn","tag-cnn-portugal","tag-comentadores","tag-costa","tag-crime","tag-defesa","tag-desporto","tag-direto","tag-drones","tag-economia","tag-featured-news","tag-featurednews","tag-governo","tag-guerra","tag-headlines","tag-intercetores","tag-justica","tag-latest-news","tag-latestnews","tag-live","tag-main-news","tag-mainnews","tag-mais-vistas","tag-marcelo","tag-mundo","tag-negocios","tag-news","tag-noticias","tag-noticias-principais","tag-noticiasprincipais","tag-opiniao","tag-pais","tag-patriots","tag-politica","tag-portugal","tag-principais-noticias","tag-principaisnoticias","tag-russia","tag-top-stories","tag-topstories","tag-ucrania","tag-ultimas","tag-ultimas-noticias","tag-ultimasnoticias","tag-world","tag-world-news","tag-worldnews"],"share_on_mastodon":{"url":"","error":"Validation failed: Text character limit of 500 exceeded"},"_links":{"self":[{"href":"https:\/\/www.europesays.com\/pt\/wp-json\/wp\/v2\/posts\/507646","targetHints":{"allow":["GET"]}}],"collection":[{"href":"https:\/\/www.europesays.com\/pt\/wp-json\/wp\/v2\/posts"}],"about":[{"href":"https:\/\/www.europesays.com\/pt\/wp-json\/wp\/v2\/types\/post"}],"author":[{"embeddable":true,"href":"https:\/\/www.europesays.com\/pt\/wp-json\/wp\/v2\/users\/2"}],"replies":[{"embeddable":true,"href":"https:\/\/www.europesays.com\/pt\/wp-json\/wp\/v2\/comments?post=507646"}],"version-history":[{"count":0,"href":"https:\/\/www.europesays.com\/pt\/wp-json\/wp\/v2\/posts\/507646\/revisions"}],"wp:featuredmedia":[{"embeddable":true,"href":"https:\/\/www.europesays.com\/pt\/wp-json\/wp\/v2\/media\/507647"}],"wp:attachment":[{"href":"https:\/\/www.europesays.com\/pt\/wp-json\/wp\/v2\/media?parent=507646"}],"wp:term":[{"taxonomy":"category","embeddable":true,"href":"https:\/\/www.europesays.com\/pt\/wp-json\/wp\/v2\/categories?post=507646"},{"taxonomy":"post_tag","embeddable":true,"href":"https:\/\/www.europesays.com\/pt\/wp-json\/wp\/v2\/tags?post=507646"}],"curies":[{"name":"wp","href":"https:\/\/api.w.org\/{rel}","templated":true}]}}