{"id":50768,"date":"2025-08-29T22:10:10","date_gmt":"2025-08-29T22:10:10","guid":{"rendered":"https:\/\/www.europesays.com\/pt\/50768\/"},"modified":"2025-08-29T22:10:10","modified_gmt":"2025-08-29T22:10:10","slug":"diogo-nogueira-conta-segredos-do-relacionamento-com-paolla-oliveira-celebridades","status":"publish","type":"post","link":"https:\/\/www.europesays.com\/pt\/50768\/","title":{"rendered":"Diogo Nogueira conta segredos do relacionamento com Paolla Oliveira | Celebridades"},"content":{"rendered":"<p>                                        Diogo Nogueira e Paolla Oliveira &#8211; Reprodu\u00e7\u00e3o \/ Instagram<\/p>\n<p class=\"content-media__description\">Diogo Nogueira e Paolla OliveiraReprodu\u00e7\u00e3o \/ Instagram<\/p>\n<p>                                                        Publicado 29\/08\/2025 13:59 | Atualizado 29\/08\/2025 14:00\n                    <\/p>\n<p>Rio &#8211;\u00a0Diogo Nogueira abriu o jogo sobre sua vida pessoal no programa &#8220;TVZ Ao Vivo&#8221;, do Multishow, exibido nesta quinta-feira (28). O cantor respondeu \u00e0 curiosidade de Marina Sena sobre os segredos de seu relacionamento com Paolla Oliveira e contou como mant\u00e9m a paix\u00e3o presente na rotina do casal.<\/p>\n<p>&#8220;Al\u00e9m da gente conversar muito, ser muito amigo e bater muito papo, nos momentos pra gente matar a saudade eu fa\u00e7o uma comidinha pra ela, fa\u00e7o jantar especial surpresa. Amo fazer comida pra ela, servir um vinho tipo gar\u00e7om, sabe? Deixar ela sentadinha que nem uma rainha, fa\u00e7o tudo, fa\u00e7o a mesa, fa\u00e7o a comida, sirvo vinho. &#8216;O que a senhora deseja?'&#8221;, relatou o sambista.<\/p>\n<p>Diogo Nogueira e Paolla Oliveira est\u00e3o juntos desde julho de 2021 e assumiram o romance publicamente no m\u00eas seguinte. Desde ent\u00e3o, costumam compartilhar momentos juntos nas redes sociais e em apari\u00e7\u00f5es p\u00fablicas, sempre trocando declara\u00e7\u00f5es de carinho.<\/p>\n","protected":false},"excerpt":{"rendered":"Diogo Nogueira e Paolla Oliveira &#8211; Reprodu\u00e7\u00e3o \/ Instagram Diogo Nogueira e Paolla OliveiraReprodu\u00e7\u00e3o \/ Instagram Publicado 29\/08\/2025&hellip;\n","protected":false},"author":2,"featured_media":50769,"comment_status":"","ping_status":"","sticky":false,"template":"","format":"standard","meta":{"footnotes":""},"categories":[145],"tags":[1651,211,210,3426,114,115,2927,32,33,1978,1016],"class_list":{"0":"post-50768","1":"post","2":"type-post","3":"status-publish","4":"format-standard","5":"has-post-thumbnail","7":"category-celebridades","8":"tag-casal","9":"tag-celebridades","10":"tag-celebrities","11":"tag-diogo-nogueira","12":"tag-entertainment","13":"tag-entretenimento","14":"tag-paolla-oliveira","15":"tag-portugal","16":"tag-pt","17":"tag-relacionamento","18":"tag-romance"},"share_on_mastodon":{"url":"","error":""},"_links":{"self":[{"href":"https:\/\/www.europesays.com\/pt\/wp-json\/wp\/v2\/posts\/50768","targetHints":{"allow":["GET"]}}],"collection":[{"href":"https:\/\/www.europesays.com\/pt\/wp-json\/wp\/v2\/posts"}],"about":[{"href":"https:\/\/www.europesays.com\/pt\/wp-json\/wp\/v2\/types\/post"}],"author":[{"embeddable":true,"href":"https:\/\/www.europesays.com\/pt\/wp-json\/wp\/v2\/users\/2"}],"replies":[{"embeddable":true,"href":"https:\/\/www.europesays.com\/pt\/wp-json\/wp\/v2\/comments?post=50768"}],"version-history":[{"count":0,"href":"https:\/\/www.europesays.com\/pt\/wp-json\/wp\/v2\/posts\/50768\/revisions"}],"wp:featuredmedia":[{"embeddable":true,"href":"https:\/\/www.europesays.com\/pt\/wp-json\/wp\/v2\/media\/50769"}],"wp:attachment":[{"href":"https:\/\/www.europesays.com\/pt\/wp-json\/wp\/v2\/media?parent=50768"}],"wp:term":[{"taxonomy":"category","embeddable":true,"href":"https:\/\/www.europesays.com\/pt\/wp-json\/wp\/v2\/categories?post=50768"},{"taxonomy":"post_tag","embeddable":true,"href":"https:\/\/www.europesays.com\/pt\/wp-json\/wp\/v2\/tags?post=50768"}],"curies":[{"name":"wp","href":"https:\/\/api.w.org\/{rel}","templated":true}]}}