{"id":507686,"date":"2026-09-01T15:00:19","date_gmt":"2026-09-01T15:00:19","guid":{"rendered":"https:\/\/www.europesays.com\/pt\/507686\/"},"modified":"2026-09-01T15:00:19","modified_gmt":"2026-09-01T15:00:19","slug":"casa-rouxinol-sergio-sampaio-archi-tectonica","status":"publish","type":"post","link":"https:\/\/www.europesays.com\/pt\/507686\/","title":{"rendered":"Casa Rouxinol \/ Sergio Sampaio Archi + Tect\u00f4nica"},"content":{"rendered":"<p><a class=\"js-image-size__link \" href=\"https:\/\/www.archdaily.com\/pt\/1184191\/casa-rouxinol-sergio-sampaio-archi-plus-tectonica\/6a92f0a7c61527239259e6b7-casa-rouxinol-sergio-sampaio-archi-plus-tectonica-foto\" rel=\"attachment nofollow noopener\" style=\"width: 100%;\" target=\"_blank\"><img decoding=\"async\" alt=\"Casa Rouxinol \/ Sergio Sampaio Archi + Tect\u00f4nica - Fotografia de Exterior, Floresta\" data-nr-picture-id=\"6a92f0a7c61527239259e6b7\" fetchpriority=\"high\" height=\"426\" itemprop=\"image\" loading=\"eager\" longdesc=\"https:\/\/www.archdaily.com\/pt\/1184191\/casa-rouxinol-sergio-sampaio-archi-plus-tectonica\/6a92f0a7c61527239259e6b7-casa-rouxinol-sergio-sampaio-archi-plus-tectonica-foto\" src=\"https:\/\/www.europesays.com\/pt\/wp-content\/uploads\/2026\/09\/casa-rouxinol-sergio-sampaio-archi-plus-tectonica_30.jpg\" style=\"min-height: var(--featured-height, auto); aspect-ratio: auto 640 \/ 426\" width=\"640\"\/><\/a>\u00a9 Manuel S\u00e1<\/p>\n<p class=\"thumbs afd-desktop-e\"><a class=\"thumbs__link\" data-nr-picture-id=\"6a92f0a6c61527239259e6b6\" href=\"https:\/\/www.archdaily.com\/pt\/1184191\/casa-rouxinol-sergio-sampaio-archi-plus-tectonica\/6a92f0a6c61527239259e6b6-casa-rouxinol-sergio-sampaio-archi-plus-tectonica-foto\" rel=\"attachment nofollow noopener\" target=\"_blank\"><img loading=\"lazy\" decoding=\"async\" alt=\"Casa Rouxinol \/ Sergio Sampaio Archi + Tect\u00f4nica - Imagem 2 de 39\" class=\"thumbs__img b-lazy\" data-nr-picture-id=\"6a92f0a6c61527239259e6b6\" data-pin-nopin=\"true\" src=\"https:\/\/www.europesays.com\/pt\/wp-content\/uploads\/2026\/09\/casa-rouxinol-sergio-sampaio-archi-plus-tectonica_28.jpg\" height=\"125\" longdesc=\"https:\/\/www.archdaily.com\/pt\/1184191\/casa-rouxinol-sergio-sampaio-archi-plus-tectonica\/6a92f0a6c61527239259e6b6-casa-rouxinol-sergio-sampaio-archi-plus-tectonica-foto\" title=\"\u00a9 Manuel S\u00e1\" width=\"125\"\/><\/a><a class=\"thumbs__link\" data-nr-picture-id=\"6a92f0a6c615270188ac4561\" href=\"https:\/\/www.archdaily.com\/pt\/1184191\/casa-rouxinol-sergio-sampaio-archi-plus-tectonica\/6a92f0a6c615270188ac4561-casa-rouxinol-sergio-sampaio-archi-plus-tectonica-foto\" rel=\"attachment nofollow noopener\" target=\"_blank\"><img loading=\"lazy\" decoding=\"async\" alt=\"Casa Rouxinol \/ Sergio Sampaio Archi + Tect\u00f4nica - Imagem 3 de 39\" class=\"thumbs__img b-lazy\" data-nr-picture-id=\"6a92f0a6c615270188ac4561\" data-pin-nopin=\"true\" src=\"https:\/\/www.europesays.com\/pt\/wp-content\/uploads\/2026\/09\/casa-rouxinol-sergio-sampaio-archi-plus-tectonica_11.jpg\" height=\"125\" longdesc=\"https:\/\/www.archdaily.com\/pt\/1184191\/casa-rouxinol-sergio-sampaio-archi-plus-tectonica\/6a92f0a6c615270188ac4561-casa-rouxinol-sergio-sampaio-archi-plus-tectonica-foto\" title=\"\u00a9 Manuel S\u00e1\" width=\"125\"\/><\/a><a class=\"thumbs__link\" data-nr-picture-id=\"6a92f0a6b71a0f2318d0320b\" href=\"https:\/\/www.archdaily.com\/pt\/1184191\/casa-rouxinol-sergio-sampaio-archi-plus-tectonica\/6a92f0a6b71a0f2318d0320b-casa-rouxinol-sergio-sampaio-archi-plus-tectonica-foto\" rel=\"attachment nofollow noopener\" target=\"_blank\"><img loading=\"lazy\" decoding=\"async\" alt=\"Casa Rouxinol \/ Sergio Sampaio Archi + Tect\u00f4nica - Fotografia de Interiores, Madeira, Viga, Terra\u00e7o\" class=\"thumbs__img b-lazy\" data-nr-picture-id=\"6a92f0a6b71a0f2318d0320b\" data-pin-nopin=\"true\" src=\"https:\/\/www.europesays.com\/pt\/wp-content\/uploads\/2026\/09\/casa-rouxinol-sergio-sampaio-archi-plus-tectonica_8.jpg\" height=\"125\" longdesc=\"https:\/\/www.archdaily.com\/pt\/1184191\/casa-rouxinol-sergio-sampaio-archi-plus-tectonica\/6a92f0a6b71a0f2318d0320b-casa-rouxinol-sergio-sampaio-archi-plus-tectonica-foto\" title=\"\u00a9 Manuel S\u00e1\" width=\"125\"\/><\/a><a class=\"thumbs__link\" data-nr-picture-id=\"6a92f0a6c61527239259e6b5\" href=\"https:\/\/www.archdaily.com\/pt\/1184191\/casa-rouxinol-sergio-sampaio-archi-plus-tectonica\/6a92f0a6c61527239259e6b5-casa-rouxinol-sergio-sampaio-archi-plus-tectonica-foto\" rel=\"attachment nofollow noopener\" target=\"_blank\"><img loading=\"lazy\" decoding=\"async\" alt=\"Casa Rouxinol \/ Sergio Sampaio Archi + Tect\u00f4nica - Fotografia de Interiores, Madeira, Viga\" class=\"thumbs__img b-lazy\" data-nr-picture-id=\"6a92f0a6c61527239259e6b5\" data-pin-nopin=\"true\" src=\"https:\/\/www.europesays.com\/pt\/wp-content\/uploads\/2026\/09\/casa-rouxinol-sergio-sampaio-archi-plus-tectonica_7.jpg\" height=\"125\" longdesc=\"https:\/\/www.archdaily.com\/pt\/1184191\/casa-rouxinol-sergio-sampaio-archi-plus-tectonica\/6a92f0a6c61527239259e6b5-casa-rouxinol-sergio-sampaio-archi-plus-tectonica-foto\" title=\"\u00a9 Manuel S\u00e1\" width=\"125\"\/><\/a><a class=\"thumbs__link afd-desktop-e\" href=\"https:\/\/www.archdaily.com\/pt\/1184191\/casa-rouxinol-sergio-sampaio-archi-plus-tectonica\/6a92f0a7c61527239259e6b7-casa-rouxinol-sergio-sampaio-archi-plus-tectonica-foto\" rel=\"nofollow noopener\" target=\"_blank\"><img decoding=\"async\" alt=\"Casa Rouxinol \/ Sergio Sampaio Archi + Tect\u00f4nica - Mais Imagens\" class=\"thumbs__img b-lazy\" src=\"https:\/\/www.europesays.com\/pt\/wp-content\/uploads\/2026\/09\/casa-rouxinol-sergio-sampaio-archi-plus-tectonica_30.jpg\" itemprop=\"image\" bad-src=\"data:image\/gif;base64,R0lGODlhAQABAIAAAAUEBAAAACwAAAAAAQABAAACAkQBADs=\"\/>+ 34<\/a><\/p>\n<p class=\"article-meta__author\">Curadoria de <strong>Susanna Moreira<\/strong><\/p>\n<p>    Compartilhar<\/p>\n<p>Compartilhar<\/p>\n<ul class=\"afd-share__networks clearfix\">\n<li class=\"afd-share__social\"><a aria-label=\"Facebook\" class=\"afd-share__button\" data-insights-category=\"share\" data-insights-label=\"facebook_sharing_options\" data-insights-value=\"1184191\" data-social=\"facebook\" href=\"https:\/\/www.facebook.com\/sharer\/sharer.php?u=https:\/\/www.archdaily.com.br\/pt\/1184191\/casa-rouxinol-sergio-sampaio-archi-plus-tectonica\" rel=\"nofollow noopener\" target=\"_blank\"><\/a>\n<p>Facebook<\/p>\n<\/li>\n<li class=\"afd-share__social\"><a aria-label=\"Twitter\" class=\"afd-share__button\" data-insights-category=\"share\" data-insights-label=\"twitter_sharing_options\" data-insights-value=\"1184191\" data-social=\"twitter\" href=\"https:\/\/twitter.com\/intent\/tweet?text=Casa%20Rouxinol%20%2F%20Sergio%20Sampaio%20Archi%20%2B%20Tect%C3%B4nica&amp;url=https:\/\/www.archdaily.com.br\/pt\/1184191\/casa-rouxinol-sergio-sampaio-archi-plus-tectonica&amp;via=archdailybr\" rel=\"nofollow noopener\" target=\"_blank\"><\/a>\n<p>Twitter<\/p>\n<\/li>\n<li class=\"afd-share__social\"><a class=\"afd-share__button\" data-insights-category=\"share\" data-insights-label=\"email_sharing_options\" data-insights-value=\"1184191\" data-social=\"email\" href=\"mailto:?subject=Casa Rouxinol \/ Sergio Sampaio Archi + Tect\u00f4nica&amp;body=https:\/\/www.archdaily.com.br\/pt\/1184191\/casa-rouxinol-sergio-sampaio-archi-plus-tectonica\"><\/a>\n<p>Mail<\/p>\n<\/li>\n<li class=\"afd-share__social\"><a aria-label=\"Pinterest\" class=\"afd-share__button\" data-insights-category=\"share\" data-insights-label=\"pinterest_sharing_options\" data-insights-value=\"1184191\" data-social=\"pinterest\" href=\"https:\/\/pinterest.com\/pin\/create\/button\/?url=https%3A%2F%2Fwww.archdaily.com.br%2Fpt%2F1184191%2Fcasa-rouxinol-sergio-sampaio-archi-plus-tectonica&amp;media=https%3A%2F%2Fimages.adsttc.com%2Fmedia%2Fimages%2F6a92%2Ff0a7%2Fc615%2F2723%2F9259%2Fe6b7%2Flarge_jpg%2Fcasa-rouxinol-sergio-sampaio-archi-plus-tectonica_30.jpg%3F1788014841&amp;description=Casa%20Rouxinol%20%2F%20Sergio%20Sampaio%20Archi%20%2B%20Tect%C3%B4nica\" rel=\"nofollow noopener\" target=\"_blank\"><\/a>\n<p>Pinterest<\/p>\n<\/li>\n<li class=\"afd-share__social\"><a aria-label=\"Whatsapp\" class=\"afd-share__button\" data-action=\"share\/whatsapp\/share\" data-insights-category=\"share\" data-insights-label=\"whatsapp_sharing_options\" data-insights-value=\"1184191\" data-social=\"whatsapp\" href=\"whatsapp:\/\/send?text=Casa+Rouxinol+%2F+Sergio+Sampaio+Archi+%2B+Tect%C3%B4nica+%7C+https%3A%2F%2Fwww.archdaily.com.br%2Fpt%2F1184191%2Fcasa-rouxinol-sergio-sampaio-archi-plus-tectonica%3Futm_source%3DWhatsapp%26utm_medium%3DIM%26utm_campaign%3Dshare-button\" rel=\"nofollow\"><\/a>\n<p>Whatsapp<\/p>\n<\/li>\n<\/ul>\n<p>Ou<\/p>\n<p>https:\/\/www.archdaily.com.br\/pt\/1184191\/casa-rouxinol-sergio-sampaio-archi-plus-tectonica<br \/>\n<a class=\"js-image-size__link lazy-anchor\" href=\"https:\/\/www.archdaily.com\/pt\/1184191\/casa-rouxinol-sergio-sampaio-archi-plus-tectonica\/6a92f0a7b71a0f0189f1b583-casa-rouxinol-sergio-sampaio-archi-plus-tectonica-foto\" rel=\"nofollow noopener\" target=\"_blank\"><img decoding=\"async\" alt=\"Casa Rouxinol \/ Sergio Sampaio Archi + Tect\u00f4nica - Fotografia de Exterior, Floresta\" data-nr-picture-id=\"6a92f0a7b71a0f0189f1b583\" height=\"427\" itemprop=\"image\" loading=\"lazy\" longdesc=\"https:\/\/www.archdaily.com\/pt\/1184191\/casa-rouxinol-sergio-sampaio-archi-plus-tectonica\/6a92f0a7b71a0f0189f1b583-casa-rouxinol-sergio-sampaio-archi-plus-tectonica-foto\" src=\"https:\/\/www.europesays.com\/pt\/wp-content\/uploads\/2026\/09\/casa-rouxinol-sergio-sampaio-archi-plus-tectonica_31.jpg\" width=\"640\"\/>\u00a9 Manuel S\u00e1<\/a><\/p>\n<p><strong>Conceito<br \/><\/strong>O terreno de 2.000 metros quadrados onde ser\u00e1 implantada a Casa Rouxinol, no Vale do Para\u00edba, em S\u00e3o Paulo, imp\u00f4s desafios importantes na defini\u00e7\u00e3o do partido arquitet\u00f4nico. Se por um lado havia uma vista magn\u00edfica para a barragem do rio Jaguari, por outro era preciso lidar com um desnivel de 50 metros e a presen\u00e7a de mais de 300 \u00e1rvores cadastradas. Reduzir ao m\u00e1ximo os impactos ambientais era uma condi\u00e7\u00e3o inegoci\u00e1vel, uma somat\u00f3ria de condi\u00e7\u00f5es determinante das solu\u00e7\u00f5es de projeto desde o partido at\u00e9 a especifica\u00e7\u00e3o dos materiais.<\/p>\n<p><img decoding=\"async\" src=\"https:\/\/www.europesays.com\/pt\/wp-content\/uploads\/2026\/09\/loader-blue.gif\" alt=\"Content Loader\" style=\"width: 40px; margin: 24px;\"\/><script async src=\"https:\/\/platform.twitter.com\/widgets.js\" charset=\"utf-8\"><\/script><\/p>\n","protected":false},"excerpt":{"rendered":"\u00a9 Manuel S\u00e1 + 34 Curadoria de Susanna Moreira Compartilhar Compartilhar Facebook Twitter Mail Pinterest Whatsapp Ou https:\/\/www.archdaily.com.br\/pt\/1184191\/casa-rouxinol-sergio-sampaio-archi-plus-tectonica&hellip;\n","protected":false},"author":2,"featured_media":507687,"comment_status":"","ping_status":"","sticky":false,"template":"","format":"standard","meta":{"footnotes":"","_share_on_mastodon":"0"},"categories":[144],"tags":[304,361,207,205,206,203,201,202,362,204,114,115,46038,32,33,3204],"class_list":["post-507686","post","type-post","status-publish","format-standard","has-post-thumbnail","category-arte-e-design","tag-arquitetura","tag-arquitetura-residencial","tag-arte","tag-arte-e-design","tag-artedesign","tag-arts","tag-arts-and-design","tag-artsanddesign","tag-casas","tag-design","tag-entertainment","tag-entretenimento","tag-jacarei","tag-portugal","tag-pt","tag-sustentabilidade"],"share_on_mastodon":{"url":"https:\/\/pubeurope.com\/@pt\/117196385789829136","error":""},"_links":{"self":[{"href":"https:\/\/www.europesays.com\/pt\/wp-json\/wp\/v2\/posts\/507686","targetHints":{"allow":["GET"]}}],"collection":[{"href":"https:\/\/www.europesays.com\/pt\/wp-json\/wp\/v2\/posts"}],"about":[{"href":"https:\/\/www.europesays.com\/pt\/wp-json\/wp\/v2\/types\/post"}],"author":[{"embeddable":true,"href":"https:\/\/www.europesays.com\/pt\/wp-json\/wp\/v2\/users\/2"}],"replies":[{"embeddable":true,"href":"https:\/\/www.europesays.com\/pt\/wp-json\/wp\/v2\/comments?post=507686"}],"version-history":[{"count":0,"href":"https:\/\/www.europesays.com\/pt\/wp-json\/wp\/v2\/posts\/507686\/revisions"}],"wp:featuredmedia":[{"embeddable":true,"href":"https:\/\/www.europesays.com\/pt\/wp-json\/wp\/v2\/media\/507687"}],"wp:attachment":[{"href":"https:\/\/www.europesays.com\/pt\/wp-json\/wp\/v2\/media?parent=507686"}],"wp:term":[{"taxonomy":"category","embeddable":true,"href":"https:\/\/www.europesays.com\/pt\/wp-json\/wp\/v2\/categories?post=507686"},{"taxonomy":"post_tag","embeddable":true,"href":"https:\/\/www.europesays.com\/pt\/wp-json\/wp\/v2\/tags?post=507686"}],"curies":[{"name":"wp","href":"https:\/\/api.w.org\/{rel}","templated":true}]}}