{"id":50770,"date":"2025-08-29T22:11:09","date_gmt":"2025-08-29T22:11:09","guid":{"rendered":"https:\/\/www.europesays.com\/pt\/50770\/"},"modified":"2025-08-29T22:11:09","modified_gmt":"2025-08-29T22:11:09","slug":"museu-com-maior-acervo-de-van-gogh-do-mundo-pode-ser-fechado-entenda-o-motivo","status":"publish","type":"post","link":"https:\/\/www.europesays.com\/pt\/50770\/","title":{"rendered":"Museu com maior acervo de Van Gogh do mundo pode ser fechado \u2014 entenda o motivo"},"content":{"rendered":"<p>\t<img decoding=\"async\" src=\"https:\/\/www.europesays.com\/pt\/wp-content\/uploads\/2025\/08\/iconezap.png\"\/><\/p>\n<p>As promo\u00e7\u00f5es do Melhores Destinos no seu WhatsApp<\/p>\n<p>\t<a href=\"https:\/\/melhores.la\/whatsapp-site\" target=\"_blank\" rel=\"nofollow noopener\"><\/p>\n<p>\t\tEntrar<\/a><\/p>\n<p>O <a href=\"https:\/\/guia.melhoresdestinos.com.br\/museu-van-gogh.html\" target=\"_blank\" data-wpel-link=\"internal\" rel=\"follow nofollow noopener\">Museu Van Gogh<\/a>, em <a href=\"https:\/\/guia.melhoresdestinos.com.br\/amsterda.html\" target=\"_blank\" data-wpel-link=\"internal\" rel=\"follow nofollow noopener\">Amsterd\u00e3<\/a>, anunciou que, caso n\u00e3o receba o financiamento estatal para uma reforma avaliada em 104 milh\u00f5es de euros (R$ 653 milh\u00f5es), ter\u00e1 que fechar as portas. Segundo a institui\u00e7\u00e3o, o projeto \u00e9 fundamental para preservar as mais de 1.400 pe\u00e7as do maior acervo de Van Gogh no mundo.<\/p>\n<blockquote>\n<p style=\"text-align: center;\">Baixe o <a href=\"https:\/\/www.melhoresdestinos.com.br\/app\" target=\"_blank\" data-wpel-link=\"internal\" rel=\"follow nofollow noopener\">aplicativo do Melhores Destinos<\/a> para receber promo\u00e7\u00f5es incr\u00edveis de <a href=\"https:\/\/www.melhoresdestinos.com.br\/passagens-aereas\" target=\"_blank\" data-wpel-link=\"internal\" rel=\"follow nofollow noopener\">passagens a\u00e9reas<\/a>, <a href=\"https:\/\/www.melhoresdestinos.com.br\/hoteis\" target=\"_blank\" data-wpel-link=\"internal\" rel=\"follow nofollow noopener\">hot\u00e9is<\/a>, <a href=\"https:\/\/www.melhoresdestinos.com.br\/seguro-viagem\" target=\"_blank\" data-wpel-link=\"internal\" rel=\"follow nofollow noopener\">seguro viagem<\/a> e muito mais!<\/p>\n<\/blockquote>\n<p>Por que o Museu Van Gogh pode fechar<\/p>\n<p>O museu afirmou que o projeto de reforma n\u00e3o pode ser realizado a menos que o governo holand\u00eas cumpra um acordo assinado em 1962 com o sobrinho de Vincent van Gogh, que doou as obras sob a condi\u00e7\u00e3o de que o governo fornecesse os fundos necess\u00e1rios \u00e0 manuten\u00e7\u00e3o da entidade.<\/p>\n<p><img fetchpriority=\"high\" decoding=\"async\" aria-describedby=\"caption-attachment-563183\" class=\"wp-image-563183 size-full\" src=\"https:\/\/www.europesays.com\/pt\/wp-content\/uploads\/2025\/08\/museu-van-gogh-2.jpg\" alt=\"museu van gogh \" width=\"1200\" height=\"800\"  \/><\/p>\n<p id=\"caption-attachment-563183\" class=\"wp-caption-text\">Interior do museu. Foto: J\u00e9ssica Weber<\/p>\n<p>A institui\u00e7\u00e3o solicita um aumento de <a href=\"https:\/\/oglobo.globo.com\/cultura\/noticia\/2025\/08\/28\/museu-van-gogh-ameaca-fechar-as-portas-em-disputa-por-orcamento-com-o-governo-holandes.ghtml\" target=\"_blank\" data-wpel-link=\"external\" rel=\"nofollow external noopener noreferrer\">US$ 2,9 milh\u00f5es no subs\u00eddio anual de US$ 10 milh\u00f5es<\/a> para reparos e melhorias no sistema de controle clim\u00e1tico e elevadores, al\u00e9m da seguran\u00e7a contra inc\u00eandio, prote\u00e7\u00e3o das obras e sustentabilidade.<\/p>\n<p>O Minist\u00e9rio da Cultura, no entanto, afirma que o museu j\u00e1 recebe, por meio da Lei do Patrim\u00f4nio Holand\u00eas, os recursos necess\u00e1rios para sua manuten\u00e7\u00e3o. Tamb\u00e9m destacou que \u201cuma investiga\u00e7\u00e3o minuciosa\u201d foi realizada por peritos independentes para avaliar a estrutura do museu.<\/p>\n<p>Do outro lado, a institui\u00e7\u00e3o alega que o governo holand\u00eas estaria violando o acordo firmando em 1962. Hoje, 85% do or\u00e7amento vem da venda de ingressos, loja e caf\u00e9. O museu diz precisar de mais recursos para a reforma, j\u00e1 que o fechamento parcial para reformas deve gerar uma perda de US$ 29 milh\u00f5es em tr\u00eas anos.<\/p>\n<p>A disputa foi levada aos tribunais, em um processo que deve ser tratado no in\u00edcio de 2026. At\u00e9 o desenrolar do caso, o museu segue recebendo os visitantes.<\/p>\n<p>Com <a href=\"https:\/\/oglobo.globo.com\/cultura\/noticia\/2025\/08\/28\/museu-van-gogh-ameaca-fechar-as-portas-em-disputa-por-orcamento-com-o-governo-holandes.ghtml\" target=\"_blank\" data-wpel-link=\"external\" rel=\"nofollow external noopener noreferrer\">informa\u00e7\u00f5es<\/a> do O Globo<\/p>\n<p>O Museu Van Gogh<\/p>\n<p>O Museu Van Gogh re\u00fane a maior cole\u00e7\u00e3o de obras do artista no mundo: s\u00e3o mais de 200 pinturas, 500 desenhos e 750 cartas, al\u00e9m de itens pessoais, como cachimbos e chap\u00e9us, e obras de outros pintores renomados, como Paul Gauguin e Claude Monet.<\/p>\n<p><img loading=\"lazy\" decoding=\"async\" aria-describedby=\"caption-attachment-563185\" class=\"wp-image-563185 size-full\" src=\"https:\/\/www.europesays.com\/pt\/wp-content\/uploads\/2025\/08\/museu-van-gogh-o-quarto-2.jpg\" alt=\"museu van gogh \" width=\"1200\" height=\"800\"  \/><\/p>\n<p id=\"caption-attachment-563185\" class=\"wp-caption-text\">O Quarto. Foto: J\u00e9ssica Weber<\/p>\n<p>Inaugurado em 1973, com apoio da Funda\u00e7\u00e3o Vincent van Gogh, foi criada por familiares para preservar a mem\u00f3ria do artista. At\u00e9 ent\u00e3o, o museu j\u00e1 passou por algumas reformas e amplia\u00e7\u00f5es, como a constru\u00e7\u00e3o de uma nova ala de exposi\u00e7\u00f5es, em 1999, e de um hall de entrada em vidro, em 2015.<\/p>\n<p>Entre as pe\u00e7as ic\u00f4nicas expostas no museu est\u00e3o Os Comedores de Batatas (1885), O Quarto (1888), Girass\u00f3is (1889) e uma s\u00e9rie de autorretratos. Por\u00e9m, uma das obras mais famosas do pintor n\u00e3o est\u00e1 l\u00e1: A Noite Estrelada (1889) pertence ao acervo do <a href=\"https:\/\/guia.melhoresdestinos.com.br\/museu-de-arte-moderna-moma-museum-of-modern-art-moma-60-866-l.html\" target=\"_blank\" data-wpel-link=\"internal\" rel=\"follow nofollow noopener\">Museu de Arte Moderna (MoMA)<\/a>, em <a href=\"https:\/\/guia.melhoresdestinos.com.br\/nova-york.html\" target=\"_blank\" data-wpel-link=\"internal\" rel=\"follow nofollow noopener\">Nova York<\/a>.<\/p>\n<blockquote>\n<p style=\"text-align: center;\"><a href=\"https:\/\/www.civitatis.com\/pt\/amesterdao\/visita-museu-van-gogh\/?aid=11641&amp;cmp=MD-POST-museu-van-gogh-pode-fechar-563171\" target=\"_blank\" data-wpel-link=\"external\" rel=\"nofollow external noopener noreferrer\">Reserve aqui seus ingressos<\/a> para o Museu Van Gogh pagando em real e parcelando<\/p>\n<\/blockquote>\n<p>Estima-se que Van Gogh (1853\u20131890) tenha produzido mais de 800 pinturas, mas, em vida, tenha vendido apenas duas. Hoje, \u00e9 dif\u00edcil calcular o valor monet\u00e1rio de suas obras. Em 2022, o quadro Pomar com Ciprestes foi vendido por US$ 117 milh\u00f5es (R$ 635 milh\u00f5es) a um colecionador.<\/p>\n<p><img loading=\"lazy\" decoding=\"async\" aria-describedby=\"caption-attachment-563184\" class=\"wp-image-563184 size-full\" src=\"https:\/\/www.europesays.com\/pt\/wp-content\/uploads\/2025\/08\/museu-van-gogh-fechamento-2.jpg\" alt=\"museu van gogh \" width=\"1200\" height=\"800\"  \/><\/p>\n<p id=\"caption-attachment-563184\" class=\"wp-caption-text\">Foto: J\u00e9ssica Weber<\/p>\n<p>Estamos torcendo para o museu conseguir realizar a reforma necess\u00e1ria e continue preservando a mem\u00f3ria do grande artista.<\/p>\n","protected":false},"excerpt":{"rendered":"As promo\u00e7\u00f5es do Melhores Destinos no seu WhatsApp Entrar O Museu Van Gogh, em Amsterd\u00e3, anunciou que, caso&hellip;\n","protected":false},"author":2,"featured_media":50771,"comment_status":"","ping_status":"","sticky":false,"template":"","format":"standard","meta":{"footnotes":""},"categories":[144],"tags":[207,205,206,203,201,202,204,114,115,32,33],"class_list":{"0":"post-50770","1":"post","2":"type-post","3":"status-publish","4":"format-standard","5":"has-post-thumbnail","7":"category-arte-e-design","8":"tag-arte","9":"tag-arte-e-design","10":"tag-artedesign","11":"tag-arts","12":"tag-arts-and-design","13":"tag-artsanddesign","14":"tag-design","15":"tag-entertainment","16":"tag-entretenimento","17":"tag-portugal","18":"tag-pt"},"share_on_mastodon":{"url":"","error":""},"_links":{"self":[{"href":"https:\/\/www.europesays.com\/pt\/wp-json\/wp\/v2\/posts\/50770","targetHints":{"allow":["GET"]}}],"collection":[{"href":"https:\/\/www.europesays.com\/pt\/wp-json\/wp\/v2\/posts"}],"about":[{"href":"https:\/\/www.europesays.com\/pt\/wp-json\/wp\/v2\/types\/post"}],"author":[{"embeddable":true,"href":"https:\/\/www.europesays.com\/pt\/wp-json\/wp\/v2\/users\/2"}],"replies":[{"embeddable":true,"href":"https:\/\/www.europesays.com\/pt\/wp-json\/wp\/v2\/comments?post=50770"}],"version-history":[{"count":0,"href":"https:\/\/www.europesays.com\/pt\/wp-json\/wp\/v2\/posts\/50770\/revisions"}],"wp:featuredmedia":[{"embeddable":true,"href":"https:\/\/www.europesays.com\/pt\/wp-json\/wp\/v2\/media\/50771"}],"wp:attachment":[{"href":"https:\/\/www.europesays.com\/pt\/wp-json\/wp\/v2\/media?parent=50770"}],"wp:term":[{"taxonomy":"category","embeddable":true,"href":"https:\/\/www.europesays.com\/pt\/wp-json\/wp\/v2\/categories?post=50770"},{"taxonomy":"post_tag","embeddable":true,"href":"https:\/\/www.europesays.com\/pt\/wp-json\/wp\/v2\/tags?post=50770"}],"curies":[{"name":"wp","href":"https:\/\/api.w.org\/{rel}","templated":true}]}}