{"id":50772,"date":"2025-08-29T22:15:12","date_gmt":"2025-08-29T22:15:12","guid":{"rendered":"https:\/\/www.europesays.com\/pt\/50772\/"},"modified":"2025-08-29T22:15:12","modified_gmt":"2025-08-29T22:15:12","slug":"5-filmes-de-ficcao-cientifica-na-hbo-max-para-se-preparar-para-o-futuro","status":"publish","type":"post","link":"https:\/\/www.europesays.com\/pt\/50772\/","title":{"rendered":"5 filmes de fic\u00e7\u00e3o cient\u00edfica na HBO Max para se preparar para o futuro"},"content":{"rendered":"<p><img width=\"610\" height=\"350\" src=\"https:\/\/www.europesays.com\/pt\/wp-content\/uploads\/2025\/08\/IMG_4069-610x350.webp.webp\" class=\"attachment-post-thumbnail size-post-thumbnail wp-post-image\" alt=\"5 filmes de fic\u00e7\u00e3o cient\u00edfica na HBO Max para se preparar para o futuro\" title=\"5 filmes de fic\u00e7\u00e3o cient\u00edfica na HBO Max para se preparar para o futuro\" data-no-lazy=\"1\" decoding=\"async\" fetchpriority=\"high\"\/><br \/>\n<strong>Jan Thijs \/ Paramount Pictures<\/strong><\/p>\n<p>A <a href=\"https:\/\/www.revistabula.com\/103831-5-livros-de-ficcao-cientifica\/\" target=\"_blank\" rel=\"noreferrer noopener nofollow\">fic\u00e7\u00e3o cient\u00edfica<\/a> \u00e9 um espelho das nossas ang\u00fastias, desejos e receios sobre o que est\u00e1 por vir. Por meio de narrativas vision\u00e1rias, o g\u00eanero nos confronta com dilemas comuns dos tempos atuais, avan\u00e7os tecnol\u00f3gicos, choques culturais e at\u00e9 a fragilidade da condi\u00e7\u00e3o humana diante do desconhecido. Ao mesmo tempo em que nos fascina com mundos aparentemente distantes ou futuros dist\u00f3picos, tamb\u00e9m nos obriga a pensar no presente. Afinal, essas inquieta\u00e7\u00f5es j\u00e1 fazem parte da nossa realidade.<\/p>\n<p>No cat\u00e1logo da HBO Max h\u00e1 obras que viraram refer\u00eancia nesse di\u00e1logo entre imagina\u00e7\u00e3o e realidade. Questionamentos sobre intelig\u00eancia artificial, conviv\u00eancia entre esp\u00e9cies e luta pela sobreviv\u00eancia em ambientes hostis. Cada um deles nos convida a embarcar em jornadas que transitam entre a beleza da descoberta e o horror da destrui\u00e7\u00e3o, entre a esperan\u00e7a de um futuro mais avan\u00e7ado e o medo da perda daquilo que nos define como humanos.<\/p>\n<p>A Revisa Bula selecionou hist\u00f3rias com provoca\u00e7\u00f5es filos\u00f3ficas profundas. Desde como amar algu\u00e9m que n\u00e3o existe fisicamente, lidar com culturas inintelig\u00edveis para n\u00f3s, colapso ambiental e social e outras quest\u00f5es que atravessam o cinema \u00e0 medida que o mundo real avan\u00e7a em ritmo acelerado rumo a cen\u00e1rios que antes s\u00f3 pareciam poss\u00edveis no cinema.<\/p>\n<p><strong>A Chegada (2016), Denis Villeneuve<\/strong><\/p>\n<p><img loading=\"lazy\" decoding=\"async\" width=\"610\" height=\"407\" class=\"alignnone size-full\" src=\"https:\/\/www.europesays.com\/pt\/wp-content\/uploads\/2025\/08\/A-Chegada-610x407.webp.webp\" alt=\"\"\/><strong class=\"attribution\">Divulga\u00e7\u00e3o \/ Paramount Pictures<\/strong><\/p>\n<p class=\"callout-body\">Quando misteriosas naves pousam em diferentes pontos do planeta, uma linguista \u00e9 convocada pelo governo para tentar estabelecer comunica\u00e7\u00e3o com os visitantes. Entre press\u00f5es militares, temores coletivos e desconfian\u00e7a internacional, ela precisa decifrar uma linguagem completamente diferente da humana, que parece alterar at\u00e9 mesmo a percep\u00e7\u00e3o do tempo. No processo, n\u00e3o apenas busca uma ponte entre duas esp\u00e9cies, mas tamb\u00e9m se v\u00ea diante de revela\u00e7\u00f5es pessoais que reconfiguram sua pr\u00f3pria hist\u00f3ria. A narrativa, permeada de tens\u00e3o e sil\u00eancio, exp\u00f5e tanto a fragilidade das rela\u00e7\u00f5es pol\u00edticas diante do desconhecido quanto a for\u00e7a transformadora da comunica\u00e7\u00e3o como ferramenta de sobreviv\u00eancia.<\/p>\n<p><strong>Mad Max: Estrada da F\u00faria (2015), George Miller<\/strong><\/p>\n<p><img loading=\"lazy\" decoding=\"async\" width=\"610\" height=\"407\" class=\"alignnone size-full\" src=\"https:\/\/www.europesays.com\/pt\/wp-content\/uploads\/2025\/08\/IMG_3734-610x407.webp.webp\" alt=\"\"\/><strong class=\"attribution\">Divulga\u00e7\u00e3o \/ Warner Bros.<\/strong><\/p>\n<p class=\"callout-body\">Em um futuro devastado pela escassez de recursos, a humanidade vive sob dom\u00ednio de tiranos que controlam \u00e1gua, combust\u00edvel e esperan\u00e7a. Um andarilho solit\u00e1rio, marcado por perdas irrepar\u00e1veis, cruza o caminho de uma guerreira rebelde que decide libertar um grupo de mulheres mantidas em cativeiro. Juntos, eles embarcam em uma fuga desesperada pelo deserto, enfrentando persegui\u00e7\u00f5es implac\u00e1veis em ve\u00edculos transformados em verdadeiras m\u00e1quinas de guerra. A jornada \u00e9 um turbilh\u00e3o de viol\u00eancia, resist\u00eancia e reden\u00e7\u00e3o, onde cada quil\u00f4metro percorrido \u00e9 uma batalha pela sobreviv\u00eancia. Em meio ao caos, floresce tamb\u00e9m a possibilidade de reconstruir um futuro menos brutal.<\/p>\n<p><strong>Her (2013), Spike Jonze<\/strong><\/p>\n<p><img loading=\"lazy\" decoding=\"async\" width=\"610\" height=\"407\" class=\"alignnone size-full\" src=\"https:\/\/www.europesays.com\/pt\/wp-content\/uploads\/2025\/08\/Her-610x407.jpg.webp.webp\" alt=\"\"\/><strong class=\"attribution\">Divulga\u00e7\u00e3o \/ Warner Bros<\/strong><\/p>\n<p class=\"callout-body\">Um escritor solit\u00e1rio, rec\u00e9m-sa\u00eddo de um casamento fracassado, encontra al\u00edvio ao adquirir um sistema operacional inteligente projetado para atender a todas as suas necessidades. Com o tempo, a intera\u00e7\u00e3o cotidiana se transforma em algo muito mais complexo: uma rela\u00e7\u00e3o marcada por intimidade emocional e descobertas existenciais. A intelig\u00eancia artificial, dotada de voz sedutora e personalidade em constante evolu\u00e7\u00e3o, passa a ocupar um espa\u00e7o central em sua vida, levando-o a questionar os limites entre o humano e o artificial. Entre confid\u00eancias, desejos e contradi\u00e7\u00f5es, o protagonista experimenta um amor imposs\u00edvel, t\u00e3o real quanto et\u00e9reo, que revela tanto a solid\u00e3o contempor\u00e2nea quanto a vulnerabilidade de nossas conex\u00f5es mais \u00edntimas.<\/p>\n<p><strong>Distrito 9 (2009), Neill Blomkamp<\/strong><\/p>\n<p><img loading=\"lazy\" decoding=\"async\" width=\"610\" height=\"407\" class=\"alignnone size-full\" src=\"https:\/\/www.europesays.com\/pt\/wp-content\/uploads\/2025\/08\/District-9-610x407.jpg\" alt=\"\"\/><strong class=\"attribution\">Divulga\u00e7\u00e3o \/ Warner Bros<\/strong><\/p>\n<p class=\"callout-body\">Ap\u00f3s a chegada de uma gigantesca nave espacial, milhares de alien\u00edgenas s\u00e3o for\u00e7ados a viver em condi\u00e7\u00f5es prec\u00e1rias em uma \u00e1rea isolada na \u00c1frica do Sul. Anos depois, o encarregado de supervisionar sua realoca\u00e7\u00e3o acaba infectado por uma subst\u00e2ncia alien\u00edgena que altera seu corpo, obrigando-o a fugir e buscar abrigo justamente entre aqueles que antes ajudava a marginalizar. \u00c0 medida que sua transforma\u00e7\u00e3o avan\u00e7a, ele descobre a brutalidade do sistema que mant\u00e9m os visitantes segregados e desumanizados, e encontra em um improv\u00e1vel aliado extraterrestre a chance de sobreviver. O que se apresenta \u00e9 tanto um thriller de fic\u00e7\u00e3o quanto uma poderosa alegoria social sobre xenofobia e exclus\u00e3o.<\/p>\n<p><strong>Contatos Imediatos do Terceiro Grau (1977), Steven Spielberg<\/strong><\/p>\n<p><img loading=\"lazy\" decoding=\"async\" width=\"610\" height=\"407\" class=\"alignnone size-full\" src=\"https:\/\/www.europesays.com\/pt\/wp-content\/uploads\/2025\/08\/IMG_4067-610x407.webp.webp\" alt=\"\"\/><strong class=\"attribution\">Divulga\u00e7\u00e3o \/ EMI Films<\/strong><\/p>\n<p class=\"callout-body\">Um trabalhador comum tem sua vida virada de cabe\u00e7a para baixo ap\u00f3s testemunhar fen\u00f4menos inexplic\u00e1veis no c\u00e9u. Obcecado por decifrar o que viu, ele mergulha em uma busca incans\u00e1vel, enfrentando o ceticismo da fam\u00edlia e a resist\u00eancia das autoridades. Enquanto isso, outros indiv\u00edduos ao redor do mundo relatam experi\u00eancias semelhantes, formando um mosaico de sinais que parecem apontar para algo maior. Aos poucos, a converg\u00eancia desses encontros revela uma tentativa de comunica\u00e7\u00e3o entre esp\u00e9cies, colocando em xeque certezas cient\u00edficas e religiosas. O mist\u00e9rio se intensifica at\u00e9 alcan\u00e7ar um cl\u00edmax em que a humanidade se depara, de maneira in\u00e9dita, com o contato direto com o desconhecido.<\/p>\n<p><img loading=\"lazy\" decoding=\"async\" src=\"https:\/\/www.europesays.com\/pt\/wp-content\/uploads\/2025\/08\/1756505712_778_fer-kalaoun-1.jpg\" width=\"300\" height=\"300\" alt=\"Fer Kalaoun\" class=\"avatar avatar-300 wp-user-avatar wp-user-avatar-300 alignnone photo\"\/><br \/>\nFer Kalaoun<\/p>\n<p>Fer Kalaoun \u00e9 editora na Revista Bula e rep\u00f3rter especializada em jornalismo cultural, audiovisual e pol\u00edtico desde 2014. Estudante de Hist\u00f3ria no Instituto Federal de Goi\u00e1s (IFG), traz uma perspectiva cr\u00edtica e contextualizada aos seus textos. J\u00e1 passou por grandes ve\u00edculos de comunica\u00e7\u00e3o de Goi\u00e1s, incluindo R\u00e1dio CBN, Jornal O Popular, Jornal Op\u00e7\u00e3o e R\u00e1dio Sagres, onde apresentou o quadro Cinemateca\u00a0Sagres.<\/p>\n","protected":false},"excerpt":{"rendered":"Jan Thijs \/ Paramount Pictures A fic\u00e7\u00e3o cient\u00edfica \u00e9 um espelho das nossas ang\u00fastias, desejos e receios sobre&hellip;\n","protected":false},"author":2,"featured_media":50773,"comment_status":"","ping_status":"","sticky":false,"template":"","format":"standard","meta":{"footnotes":""},"categories":[140],"tags":[114,115,147,148,1627,146,32,33],"class_list":{"0":"post-50772","1":"post","2":"type-post","3":"status-publish","4":"format-standard","5":"has-post-thumbnail","7":"category-filmes","8":"tag-entertainment","9":"tag-entretenimento","10":"tag-film","11":"tag-filmes","12":"tag-max","13":"tag-movies","14":"tag-portugal","15":"tag-pt"},"share_on_mastodon":{"url":"","error":""},"_links":{"self":[{"href":"https:\/\/www.europesays.com\/pt\/wp-json\/wp\/v2\/posts\/50772","targetHints":{"allow":["GET"]}}],"collection":[{"href":"https:\/\/www.europesays.com\/pt\/wp-json\/wp\/v2\/posts"}],"about":[{"href":"https:\/\/www.europesays.com\/pt\/wp-json\/wp\/v2\/types\/post"}],"author":[{"embeddable":true,"href":"https:\/\/www.europesays.com\/pt\/wp-json\/wp\/v2\/users\/2"}],"replies":[{"embeddable":true,"href":"https:\/\/www.europesays.com\/pt\/wp-json\/wp\/v2\/comments?post=50772"}],"version-history":[{"count":0,"href":"https:\/\/www.europesays.com\/pt\/wp-json\/wp\/v2\/posts\/50772\/revisions"}],"wp:featuredmedia":[{"embeddable":true,"href":"https:\/\/www.europesays.com\/pt\/wp-json\/wp\/v2\/media\/50773"}],"wp:attachment":[{"href":"https:\/\/www.europesays.com\/pt\/wp-json\/wp\/v2\/media?parent=50772"}],"wp:term":[{"taxonomy":"category","embeddable":true,"href":"https:\/\/www.europesays.com\/pt\/wp-json\/wp\/v2\/categories?post=50772"},{"taxonomy":"post_tag","embeddable":true,"href":"https:\/\/www.europesays.com\/pt\/wp-json\/wp\/v2\/tags?post=50772"}],"curies":[{"name":"wp","href":"https:\/\/api.w.org\/{rel}","templated":true}]}}