{"id":507724,"date":"2026-09-01T15:28:17","date_gmt":"2026-09-01T15:28:17","guid":{"rendered":"https:\/\/www.europesays.com\/pt\/507724\/"},"modified":"2026-09-01T15:28:17","modified_gmt":"2026-09-01T15:28:17","slug":"casa-attraverso-il-patio-otro-estudio","status":"publish","type":"post","link":"https:\/\/www.europesays.com\/pt\/507724\/","title":{"rendered":"Casa Attraverso il Patio \/ otro estudio"},"content":{"rendered":"<p><a class=\"js-image-size__link \" href=\"https:\/\/www.archdaily.com\/pt\/1184282\/casa-attraverso-il-patio-otro-estudio\/6a95c75fa43c3b0001ea0f3f-casa-attraverso-il-patio-otro-estudio-photo\" rel=\"attachment nofollow noopener\" style=\"width: 100%;\" target=\"_blank\"><img decoding=\"async\" alt=\"Casa Attraverso il Patio \/ otro estudio - Fotografia de Exterior\" data-nr-picture-id=\"6a95c75fa43c3b0001ea0f3f\" fetchpriority=\"high\" height=\"426\" itemprop=\"image\" loading=\"eager\" longdesc=\"https:\/\/www.archdaily.com\/pt\/1184282\/casa-attraverso-il-patio-otro-estudio\/6a95c75fa43c3b0001ea0f3f-casa-attraverso-il-patio-otro-estudio-photo\" src=\"https:\/\/www.europesays.com\/pt\/wp-content\/uploads\/2026\/09\/Casa_Attraverso_il_patio___Ramiro_Sosa__14_.jpg\" style=\"min-height: var(--featured-height, auto); aspect-ratio: auto 640 \/ 426\" width=\"640\"\/><\/a>\u00a9 Ramiro Sosa<\/p>\n<p class=\"thumbs afd-desktop-e\"><a class=\"thumbs__link\" data-nr-picture-id=\"6a95c75fa43c3b0001ea0f4d\" href=\"https:\/\/www.archdaily.com\/pt\/1184282\/casa-attraverso-il-patio-otro-estudio\/6a95c75fa43c3b0001ea0f4d-casa-attraverso-il-patio-otro-estudio-photo\" rel=\"attachment nofollow noopener\" target=\"_blank\"><img loading=\"lazy\" decoding=\"async\" alt=\"Casa Attraverso il Patio \/ otro estudio - Imagem 2 de 31\" class=\"thumbs__img b-lazy\" data-nr-picture-id=\"6a95c75fa43c3b0001ea0f4d\" data-pin-nopin=\"true\" src=\"https:\/\/www.europesays.com\/pt\/wp-content\/uploads\/2026\/09\/Casa_Attraverso_il_patio_-_PAPEL___Ramiro_Sosa__16_.jpg\" height=\"125\" longdesc=\"https:\/\/www.archdaily.com\/pt\/1184282\/casa-attraverso-il-patio-otro-estudio\/6a95c75fa43c3b0001ea0f4d-casa-attraverso-il-patio-otro-estudio-photo\" title=\"\u00a9 Ramiro Sosa\" width=\"125\"\/><\/a><a class=\"thumbs__link\" data-nr-picture-id=\"6a95c75fa43c3b0001ea0f4c\" href=\"https:\/\/www.archdaily.com\/pt\/1184282\/casa-attraverso-il-patio-otro-estudio\/6a95c75fa43c3b0001ea0f4c-casa-attraverso-il-patio-otro-estudio-photo\" rel=\"attachment nofollow noopener\" target=\"_blank\"><img loading=\"lazy\" decoding=\"async\" alt=\"Casa Attraverso il Patio \/ otro estudio - Imagem 3 de 31\" class=\"thumbs__img b-lazy\" data-nr-picture-id=\"6a95c75fa43c3b0001ea0f4c\" data-pin-nopin=\"true\" src=\"https:\/\/www.europesays.com\/pt\/wp-content\/uploads\/2026\/09\/Casa_Attraverso_il_patio_-_PAPEL___Ramiro_Sosa__28__copia.jpg\" height=\"125\" longdesc=\"https:\/\/www.archdaily.com\/pt\/1184282\/casa-attraverso-il-patio-otro-estudio\/6a95c75fa43c3b0001ea0f4c-casa-attraverso-il-patio-otro-estudio-photo\" title=\"\u00a9 Ramiro Sosa\" width=\"125\"\/><\/a><a class=\"thumbs__link\" data-nr-picture-id=\"6a95c75fa43c3b0001ea0f44\" href=\"https:\/\/www.archdaily.com\/pt\/1184282\/casa-attraverso-il-patio-otro-estudio\/6a95c75fa43c3b0001ea0f44-casa-attraverso-il-patio-otro-estudio-photo\" rel=\"attachment nofollow noopener\" target=\"_blank\"><img loading=\"lazy\" decoding=\"async\" alt=\"Casa Attraverso il Patio \/ otro estudio - Fotografia de Exterior, Concreto\" class=\"thumbs__img b-lazy\" data-nr-picture-id=\"6a95c75fa43c3b0001ea0f44\" data-pin-nopin=\"true\" src=\"https:\/\/www.europesays.com\/pt\/wp-content\/uploads\/2026\/09\/Casa_Attraverso_il_patio___Ramiro_Sosa__21_.jpg\" height=\"125\" longdesc=\"https:\/\/www.archdaily.com\/pt\/1184282\/casa-attraverso-il-patio-otro-estudio\/6a95c75fa43c3b0001ea0f44-casa-attraverso-il-patio-otro-estudio-photo\" title=\"\u00a9 Ramiro Sosa\" width=\"125\"\/><\/a><a class=\"thumbs__link\" data-nr-picture-id=\"6a95c75fa43c3b0001ea0f47\" href=\"https:\/\/www.archdaily.com\/pt\/1184282\/casa-attraverso-il-patio-otro-estudio\/6a95c75fa43c3b0001ea0f47-casa-attraverso-il-patio-otro-estudio-photo\" rel=\"attachment nofollow noopener\" target=\"_blank\"><img loading=\"lazy\" decoding=\"async\" alt=\"Casa Attraverso il Patio \/ otro estudio - Fotografia de Interiores, Madeira, Mesa, Cadeira, Porta\" class=\"thumbs__img b-lazy\" data-nr-picture-id=\"6a95c75fa43c3b0001ea0f47\" data-pin-nopin=\"true\" src=\"https:\/\/www.europesays.com\/pt\/wp-content\/uploads\/2026\/09\/Casa_Attraverso_il_patio___Ramiro_Sosa__25_.jpg\" height=\"125\" longdesc=\"https:\/\/www.archdaily.com\/pt\/1184282\/casa-attraverso-il-patio-otro-estudio\/6a95c75fa43c3b0001ea0f47-casa-attraverso-il-patio-otro-estudio-photo\" title=\"\u00a9 Ramiro Sosa\" width=\"125\"\/><\/a><a class=\"thumbs__link afd-desktop-e\" href=\"https:\/\/www.archdaily.com\/pt\/1184282\/casa-attraverso-il-patio-otro-estudio\/6a95c75fa43c3b0001ea0f3f-casa-attraverso-il-patio-otro-estudio-photo\" rel=\"nofollow noopener\" target=\"_blank\"><img decoding=\"async\" alt=\"Casa Attraverso il Patio \/ otro estudio - Mais Imagens\" class=\"thumbs__img b-lazy\" src=\"https:\/\/www.europesays.com\/pt\/wp-content\/uploads\/2026\/09\/Casa_Attraverso_il_patio___Ramiro_Sosa__14_.jpg\" itemprop=\"image\" bad-src=\"data:image\/gif;base64,R0lGODlhAQABAIAAAAUEBAAAACwAAAAAAQABAAACAkQBADs=\"\/>+ 26<\/a><\/p>\n<p class=\"article-meta__author\">Curadoria de <strong>Valentina D\u00edaz<\/strong><\/p>\n<p class=\"article-meta__original-version\">Leia a vers\u00e3o original em espanhol <a href=\"https:\/\/www.archdaily.com\/es\/1184273\/casa-attraverso-il-patio-otro-estudio\" rel=\"nofollow noopener\" target=\"_blank\">aqui<\/a>.<\/p>\n<p>    Compartilhar<\/p>\n<p>Compartilhar<\/p>\n<ul class=\"afd-share__networks clearfix\">\n<li class=\"afd-share__social\"><a aria-label=\"Facebook\" class=\"afd-share__button\" data-insights-category=\"share\" data-insights-label=\"facebook_sharing_options\" data-insights-value=\"1184282\" data-social=\"facebook\" href=\"https:\/\/www.facebook.com\/sharer\/sharer.php?u=https:\/\/www.archdaily.com.br\/pt\/1184282\/casa-attraverso-il-patio-otro-estudio\" rel=\"nofollow noopener\" target=\"_blank\"><\/a>\n<p>Facebook<\/p>\n<\/li>\n<li class=\"afd-share__social\"><a aria-label=\"Twitter\" class=\"afd-share__button\" data-insights-category=\"share\" data-insights-label=\"twitter_sharing_options\" data-insights-value=\"1184282\" data-social=\"twitter\" href=\"https:\/\/twitter.com\/intent\/tweet?text=Casa%20Attraverso%20il%20Patio%20%2F%20otro%20estudio&amp;url=https:\/\/www.archdaily.com.br\/pt\/1184282\/casa-attraverso-il-patio-otro-estudio&amp;via=archdailybr\" rel=\"nofollow noopener\" target=\"_blank\"><\/a>\n<p>Twitter<\/p>\n<\/li>\n<li class=\"afd-share__social\"><a class=\"afd-share__button\" data-insights-category=\"share\" data-insights-label=\"email_sharing_options\" data-insights-value=\"1184282\" data-social=\"email\" href=\"mailto:?subject=Casa Attraverso il Patio \/ otro estudio&amp;body=https:\/\/www.archdaily.com.br\/pt\/1184282\/casa-attraverso-il-patio-otro-estudio\"><\/a>\n<p>Mail<\/p>\n<\/li>\n<li class=\"afd-share__social\"><a aria-label=\"Pinterest\" class=\"afd-share__button\" data-insights-category=\"share\" data-insights-label=\"pinterest_sharing_options\" data-insights-value=\"1184282\" data-social=\"pinterest\" href=\"https:\/\/pinterest.com\/pin\/create\/button\/?url=https%3A%2F%2Fwww.archdaily.com.br%2Fpt%2F1184282%2Fcasa-attraverso-il-patio-otro-estudio&amp;media=https%3A%2F%2Fimages.adsttc.com%2Fmedia%2Fimages%2F6a95%2Fc75f%2Fa43c%2F3b00%2F01ea%2F0f3f%2Flarge_jpg%2FCasa_Attraverso_il_patio___Ramiro_Sosa__14_.jpg%3F1788200872&amp;description=Casa%20Attraverso%20il%20Patio%20%2F%20otro%20estudio\" rel=\"nofollow noopener\" target=\"_blank\"><\/a>\n<p>Pinterest<\/p>\n<\/li>\n<li class=\"afd-share__social\"><a aria-label=\"Whatsapp\" class=\"afd-share__button\" data-action=\"share\/whatsapp\/share\" data-insights-category=\"share\" data-insights-label=\"whatsapp_sharing_options\" data-insights-value=\"1184282\" data-social=\"whatsapp\" href=\"whatsapp:\/\/send?text=Casa+Attraverso+il+Patio+%2F+otro+estudio+%7C+https%3A%2F%2Fwww.archdaily.com.br%2Fpt%2F1184282%2Fcasa-attraverso-il-patio-otro-estudio%3Futm_source%3DWhatsapp%26utm_medium%3DIM%26utm_campaign%3Dshare-button\" rel=\"nofollow\"><\/a>\n<p>Whatsapp<\/p>\n<\/li>\n<\/ul>\n<p>Ou<\/p>\n<p>https:\/\/www.archdaily.com.br\/pt\/1184282\/casa-attraverso-il-patio-otro-estudio<\/p>\n<ul class=\"afd-char-list afd-specs__item-container js-char-list\">\n<li class=\"afd-specs__item\">\n<\/li>\n<li class=\"afd-specs__item\">\n  \u00c1rea<br \/>\n  \u00c1rea deste projeto de arquitetura<\/p>\n<p>\u00c1rea:\u00a0<br \/>\n        <a href=\"https:\/\/www.archdaily.com\/search\/pt\/projects\/min_area\/546\/max_area\/819?ad_name=project-specs&amp;ad_medium=single\" rel=\"nofollow noopener\" target=\"_blank\">683<\/a> m\u00b2<\/li>\n<li class=\"afd-specs__item\">\n<p>  Ano<br \/>\n  Ano de conclus\u00e3o deste projeto de arquitetura<\/p>\n<p>            Ano:\u00a0<\/p>\n<p>                    <a href=\"https:\/\/www.archdaily.com\/search\/pt\/projects\/year\/2025?ad_name=project-specs&amp;ad_medium=single\" rel=\"nofollow noopener\" target=\"_blank\"><br \/>\n          2025<br \/>\n        <\/a><\/p>\n<\/li>\n<li class=\"afd-specs__item\">\n<p>  Fot\u00f3grafo<\/p>\n<\/li>\n<\/ul>\n<p><a class=\"js-image-size__link lazy-anchor\" href=\"https:\/\/www.archdaily.com\/pt\/1184282\/casa-attraverso-il-patio-otro-estudio\/6a95c75fa43c3b0001ea0f41-casa-attraverso-il-patio-otro-estudio-photo\" rel=\"nofollow noopener\" target=\"_blank\"><img decoding=\"async\" alt=\"Casa Attraverso il Patio \/ otro estudio - Imagem 12 de 31\" data-nr-picture-id=\"6a95c75fa43c3b0001ea0f41\" height=\"427\" itemprop=\"image\" loading=\"lazy\" longdesc=\"https:\/\/www.archdaily.com\/pt\/1184282\/casa-attraverso-il-patio-otro-estudio\/6a95c75fa43c3b0001ea0f41-casa-attraverso-il-patio-otro-estudio-photo\" src=\"https:\/\/www.europesays.com\/pt\/wp-content\/uploads\/2026\/09\/Casa_Attraverso_il_patio___Ramiro_Sosa__16_.jpg\" width=\"640\"\/>\u00a9 Ramiro Sosa<\/a><\/p>\n<p>Descri\u00e7\u00e3o enviada pela equipe de projeto. Atravessar algo. Ser atravessado por algo. Atravessar sup\u00f5e um deslocamento, uma viv\u00eancia que se constr\u00f3i no tempo. Diariamente, de uma forma ou de outra, habitamos esses percursos. Gabi se disp\u00f5e a iniciar um novo caminho e, nesse projeto, a casa assume um papel especial: constitui-se no meio que possibilita essa viagem.<\/p>\n<p><img decoding=\"async\" src=\"https:\/\/www.europesays.com\/pt\/wp-content\/uploads\/2026\/09\/1788276497_871_loader-blue.gif\" alt=\"Content Loader\" style=\"width: 40px; margin: 24px;\"\/><script async src=\"https:\/\/platform.twitter.com\/widgets.js\" charset=\"utf-8\"><\/script><\/p>\n","protected":false},"excerpt":{"rendered":"\u00a9 Ramiro Sosa + 26 Curadoria de Valentina D\u00edaz Leia a vers\u00e3o original em espanhol aqui. Compartilhar Compartilhar&hellip;\n","protected":false},"author":2,"featured_media":507725,"comment_status":"","ping_status":"","sticky":false,"template":"","format":"standard","meta":{"footnotes":"","_share_on_mastodon":"0"},"categories":[144],"tags":[304,361,207,205,206,203,201,202,362,204,114,115,32,33,7957],"class_list":["post-507724","post","type-post","status-publish","format-standard","has-post-thumbnail","category-arte-e-design","tag-arquitetura","tag-arquitetura-residencial","tag-arte","tag-arte-e-design","tag-artedesign","tag-arts","tag-arts-and-design","tag-artsanddesign","tag-casas","tag-design","tag-entertainment","tag-entretenimento","tag-portugal","tag-pt","tag-rafaela"],"share_on_mastodon":{"url":"https:\/\/pubeurope.com\/@pt\/117196496942867128","error":""},"_links":{"self":[{"href":"https:\/\/www.europesays.com\/pt\/wp-json\/wp\/v2\/posts\/507724","targetHints":{"allow":["GET"]}}],"collection":[{"href":"https:\/\/www.europesays.com\/pt\/wp-json\/wp\/v2\/posts"}],"about":[{"href":"https:\/\/www.europesays.com\/pt\/wp-json\/wp\/v2\/types\/post"}],"author":[{"embeddable":true,"href":"https:\/\/www.europesays.com\/pt\/wp-json\/wp\/v2\/users\/2"}],"replies":[{"embeddable":true,"href":"https:\/\/www.europesays.com\/pt\/wp-json\/wp\/v2\/comments?post=507724"}],"version-history":[{"count":0,"href":"https:\/\/www.europesays.com\/pt\/wp-json\/wp\/v2\/posts\/507724\/revisions"}],"wp:featuredmedia":[{"embeddable":true,"href":"https:\/\/www.europesays.com\/pt\/wp-json\/wp\/v2\/media\/507725"}],"wp:attachment":[{"href":"https:\/\/www.europesays.com\/pt\/wp-json\/wp\/v2\/media?parent=507724"}],"wp:term":[{"taxonomy":"category","embeddable":true,"href":"https:\/\/www.europesays.com\/pt\/wp-json\/wp\/v2\/categories?post=507724"},{"taxonomy":"post_tag","embeddable":true,"href":"https:\/\/www.europesays.com\/pt\/wp-json\/wp\/v2\/tags?post=507724"}],"curies":[{"name":"wp","href":"https:\/\/api.w.org\/{rel}","templated":true}]}}