{"id":50774,"date":"2025-08-29T22:16:11","date_gmt":"2025-08-29T22:16:11","guid":{"rendered":"https:\/\/www.europesays.com\/pt\/50774\/"},"modified":"2025-08-29T22:16:11","modified_gmt":"2025-08-29T22:16:11","slug":"vou-dizer-que-as-vezes-odeio-os-meus-jogadores-as-vezes-adoro-os-meus-jogadores-as-vezes-quero-defender-os-meus-jogadores","status":"publish","type":"post","link":"https:\/\/www.europesays.com\/pt\/50774\/","title":{"rendered":"\u00abVou dizer que \u00e0s vezes odeio os meus jogadores, \u00e0s vezes adoro os meus jogadores, \u00e0s vezes quero defender os meus jogadores\u00bb"},"content":{"rendered":"<p><strong>Ruben Amorim j\u00e1 realizou a antevis\u00e3o do duelo entre o Manchester United e o Burnely. Red devils em tempos conturbados. <\/strong><\/p>\n<p>Ruben Amorim fez a antevis\u00e3o do Manchester United x Burnley, duelo com um car\u00e1cter decisivo. Depois da <a href=\"https:\/\/bolanarede.pt\/especial-bola-na-rede\/atualidade\/manchester-united-de-ruben-amorim-eliminado-da-taca-da-liga-inglesa-por-equipa-da-quarta-divisao\/\" target=\"_blank\" rel=\"noreferrer noopener nofollow\">derrota diante do Grimsby Town para a Ta\u00e7a da Liga Inglesa<\/a>, o treinador falou do impacto que teve a derrota no plantel. <\/p>\n<p>\u00abEu sei que quando falo estas coisas. Rapazes, para ser muito sincero convosco, sempre que tivermos ou tivermos no futuro uma derrota destas, vou ficar assim. Vou dizer que \u00e0s vezes odeio os meus jogadores, \u00e0s vezes adoro os meus jogadores, \u00e0s vezes quero defender os meus jogadores. Esta \u00e9 a minha maneira de fazer as coisas e vou ser assim.\u00a0 E senti que, naquele momento, estava muito frustrado e aborrecido. E sei, mais uma vez, que h\u00e1 muita gente experiente a falar sobre a forma como devo atuar perante os meios de comunica\u00e7\u00e3o social, para ser mais constante, mais calmo. Eu n\u00e3o vou ser assim\u00bb, destacou Ruben Amorim.<\/p>\n<p>\u00abPenso que essa \u00e9 a parte mais dif\u00edcil da derrota. Por vezes n\u00e3o \u00e9 o resultado, \u00e9 a forma como perdemos esse jogo ou empat\u00e1mos esse jogo. S\u00e3o as pequenas coisas: lutar pela bola, correr\u00bb, afirmou o treinador. <\/p>\n<p>O Manchester United x Burnley joga-se este s\u00e1bado, 30 de agosto, a partir das 15h. <\/p>\n<blockquote class=\"twitter-tweet\" data-width=\"550\" data-dnt=\"true\">\n<p lang=\"en\" dir=\"ltr\">\u25b6\ufe0f Ruben Amorim&#8217;s pre-match press conference: Burnley (H).<\/p>\n<p>\ud83d\udcac Including reflections on Wednesday night, Kobbie Mainoo and tomorrow&#8217;s game\u2026<\/p>\n<p>\u2014 Manchester United (@ManUtd) <a href=\"https:\/\/twitter.com\/ManUtd\/status\/1961411978720669787?ref_src=twsrc%5Etfw\" rel=\"nofollow noopener\" target=\"_blank\">August 29, 2025<\/a><\/p><\/blockquote>\n<p><script async src=\"https:\/\/platform.twitter.com\/widgets.js\" charset=\"utf-8\"><\/script><\/p>\n","protected":false},"excerpt":{"rendered":"Ruben Amorim j\u00e1 realizou a antevis\u00e3o do duelo entre o Manchester United e o Burnely. Red devils em&hellip;\n","protected":false},"author":2,"featured_media":50775,"comment_status":"","ping_status":"","sticky":false,"template":"","format":"standard","meta":{"footnotes":""},"categories":[87],"tags":[260,1379,135,478,663,32,666,33,1052,134],"class_list":{"0":"post-50774","1":"post","2":"type-post","3":"status-publish","4":"format-standard","5":"has-post-thumbnail","7":"category-desporto","8":"tag-atualidade","9":"tag-burnley","10":"tag-desporto","11":"tag-destaques-bnr","12":"tag-manchester-united","13":"tag-portugal","14":"tag-premier-league","15":"tag-pt","16":"tag-ruben-amorim","17":"tag-sports"},"share_on_mastodon":{"url":"","error":""},"_links":{"self":[{"href":"https:\/\/www.europesays.com\/pt\/wp-json\/wp\/v2\/posts\/50774","targetHints":{"allow":["GET"]}}],"collection":[{"href":"https:\/\/www.europesays.com\/pt\/wp-json\/wp\/v2\/posts"}],"about":[{"href":"https:\/\/www.europesays.com\/pt\/wp-json\/wp\/v2\/types\/post"}],"author":[{"embeddable":true,"href":"https:\/\/www.europesays.com\/pt\/wp-json\/wp\/v2\/users\/2"}],"replies":[{"embeddable":true,"href":"https:\/\/www.europesays.com\/pt\/wp-json\/wp\/v2\/comments?post=50774"}],"version-history":[{"count":0,"href":"https:\/\/www.europesays.com\/pt\/wp-json\/wp\/v2\/posts\/50774\/revisions"}],"wp:featuredmedia":[{"embeddable":true,"href":"https:\/\/www.europesays.com\/pt\/wp-json\/wp\/v2\/media\/50775"}],"wp:attachment":[{"href":"https:\/\/www.europesays.com\/pt\/wp-json\/wp\/v2\/media?parent=50774"}],"wp:term":[{"taxonomy":"category","embeddable":true,"href":"https:\/\/www.europesays.com\/pt\/wp-json\/wp\/v2\/categories?post=50774"},{"taxonomy":"post_tag","embeddable":true,"href":"https:\/\/www.europesays.com\/pt\/wp-json\/wp\/v2\/tags?post=50774"}],"curies":[{"name":"wp","href":"https:\/\/api.w.org\/{rel}","templated":true}]}}