{"id":507762,"date":"2026-09-01T16:00:16","date_gmt":"2026-09-01T16:00:16","guid":{"rendered":"https:\/\/www.europesays.com\/pt\/507762\/"},"modified":"2026-09-01T16:00:16","modified_gmt":"2026-09-01T16:00:16","slug":"casa-pedra-azul-escala-arquitetura","status":"publish","type":"post","link":"https:\/\/www.europesays.com\/pt\/507762\/","title":{"rendered":"Casa Pedra Azul \/ Escala Arquitetura"},"content":{"rendered":"<p><a class=\"js-image-size__link \" href=\"https:\/\/www.archdaily.com\/pt\/1183938\/casa-pedra-azul-escala-arquitetura\/6a8d9c0f4253050001ca0857-casa-pedra-azul-escala-arquitetura-foto\" rel=\"attachment nofollow noopener\" style=\"width: 100%;\" target=\"_blank\"><img decoding=\"async\" alt=\"Casa Pedra Azul \/ Escala Arquitetura - Imagem 1 de 35\" data-nr-picture-id=\"6a8d9c0f4253050001ca0857\" fetchpriority=\"high\" height=\"360\" itemprop=\"image\" loading=\"eager\" longdesc=\"https:\/\/www.archdaily.com\/pt\/1183938\/casa-pedra-azul-escala-arquitetura\/6a8d9c0f4253050001ca0857-casa-pedra-azul-escala-arquitetura-foto\" src=\"https:\/\/www.europesays.com\/pt\/wp-content\/uploads\/2026\/09\/CASA_PEDRA_AZUL-16.jpg\" style=\"min-height: var(--featured-height, auto); aspect-ratio: auto 640 \/ 360\" width=\"640\"\/><\/a>\u00a9 MCA Estudio<\/p>\n<p class=\"thumbs afd-desktop-e\"><a class=\"thumbs__link\" data-nr-picture-id=\"6a8d9c0c4253050001ca0849\" href=\"https:\/\/www.archdaily.com\/pt\/1183938\/casa-pedra-azul-escala-arquitetura\/6a8d9c0c4253050001ca0849-casa-pedra-azul-escala-arquitetura-foto\" rel=\"attachment nofollow noopener\" target=\"_blank\"><img loading=\"lazy\" decoding=\"async\" alt=\"Casa Pedra Azul \/ Escala Arquitetura - Fotografia de Exterior\" class=\"thumbs__img b-lazy\" data-nr-picture-id=\"6a8d9c0c4253050001ca0849\" data-pin-nopin=\"true\" src=\"https:\/\/www.europesays.com\/pt\/wp-content\/uploads\/2026\/09\/CASA_PEDRA_AZUL-02.jpg\" height=\"125\" longdesc=\"https:\/\/www.archdaily.com\/pt\/1183938\/casa-pedra-azul-escala-arquitetura\/6a8d9c0c4253050001ca0849-casa-pedra-azul-escala-arquitetura-foto\" title=\"\u00a9 MCA Estudio\" width=\"125\"\/><\/a><a class=\"thumbs__link\" data-nr-picture-id=\"6a8d9c0f4253050001ca085a\" href=\"https:\/\/www.archdaily.com\/pt\/1183938\/casa-pedra-azul-escala-arquitetura\/6a8d9c0f4253050001ca085a-casa-pedra-azul-escala-arquitetura-foto\" rel=\"attachment nofollow noopener\" target=\"_blank\"><img loading=\"lazy\" decoding=\"async\" alt=\"Casa Pedra Azul \/ Escala Arquitetura - Fotografia de Exterior, Jardim, Aido\" class=\"thumbs__img b-lazy\" data-nr-picture-id=\"6a8d9c0f4253050001ca085a\" data-pin-nopin=\"true\" src=\"https:\/\/www.europesays.com\/pt\/wp-content\/uploads\/2026\/09\/CASA_PEDRA_AZUL-19.jpg\" height=\"125\" longdesc=\"https:\/\/www.archdaily.com\/pt\/1183938\/casa-pedra-azul-escala-arquitetura\/6a8d9c0f4253050001ca085a-casa-pedra-azul-escala-arquitetura-foto\" title=\"\u00a9 MCA Estudio\" width=\"125\"\/><\/a><a class=\"thumbs__link\" data-nr-picture-id=\"6a8d9c0c4253050001ca084a\" href=\"https:\/\/www.archdaily.com\/pt\/1183938\/casa-pedra-azul-escala-arquitetura\/6a8d9c0c4253050001ca084a-casa-pedra-azul-escala-arquitetura-foto\" rel=\"attachment nofollow noopener\" target=\"_blank\"><img loading=\"lazy\" decoding=\"async\" alt=\"Casa Pedra Azul \/ Escala Arquitetura - Imagem 4 de 35\" class=\"thumbs__img b-lazy\" data-nr-picture-id=\"6a8d9c0c4253050001ca084a\" data-pin-nopin=\"true\" src=\"https:\/\/www.europesays.com\/pt\/wp-content\/uploads\/2026\/09\/CASA_PEDRA_AZUL-03.jpg\" height=\"125\" longdesc=\"https:\/\/www.archdaily.com\/pt\/1183938\/casa-pedra-azul-escala-arquitetura\/6a8d9c0c4253050001ca084a-casa-pedra-azul-escala-arquitetura-foto\" title=\"\u00a9 MCA Estudio\" width=\"125\"\/><\/a><a class=\"thumbs__link\" data-nr-picture-id=\"6a8d9c0d4253050001ca084b\" href=\"https:\/\/www.archdaily.com\/pt\/1183938\/casa-pedra-azul-escala-arquitetura\/6a8d9c0d4253050001ca084b-casa-pedra-azul-escala-arquitetura-foto\" rel=\"attachment nofollow noopener\" target=\"_blank\"><img loading=\"lazy\" decoding=\"async\" alt=\"Casa Pedra Azul \/ Escala Arquitetura - Fotografia de Exterior, Madeira, P\u00e1tio, Terra\u00e7o, Cadeira, Viga\" class=\"thumbs__img b-lazy\" data-nr-picture-id=\"6a8d9c0d4253050001ca084b\" data-pin-nopin=\"true\" src=\"https:\/\/www.europesays.com\/pt\/wp-content\/uploads\/2026\/09\/CASA_PEDRA_AZUL-04.jpg\" height=\"125\" longdesc=\"https:\/\/www.archdaily.com\/pt\/1183938\/casa-pedra-azul-escala-arquitetura\/6a8d9c0d4253050001ca084b-casa-pedra-azul-escala-arquitetura-foto\" title=\"\u00a9 MCA Estudio\" width=\"125\"\/><\/a><a class=\"thumbs__link afd-desktop-e\" href=\"https:\/\/www.archdaily.com\/pt\/1183938\/casa-pedra-azul-escala-arquitetura\/6a8d9c0f4253050001ca0857-casa-pedra-azul-escala-arquitetura-foto\" rel=\"nofollow noopener\" target=\"_blank\"><img decoding=\"async\" alt=\"Casa Pedra Azul \/ Escala Arquitetura - Mais Imagens\" class=\"thumbs__img b-lazy\" src=\"https:\/\/www.europesays.com\/pt\/wp-content\/uploads\/2026\/09\/CASA_PEDRA_AZUL-16.jpg\" itemprop=\"image\" bad-src=\"data:image\/gif;base64,R0lGODlhAQABAIAAAAUEBAAAACwAAAAAAQABAAACAkQBADs=\"\/>+ 30<\/a><\/p>\n<p class=\"article-meta__author\">Curadoria de <strong>Susanna Moreira<\/strong><\/p>\n<p>    Compartilhar<\/p>\n<p>Compartilhar<\/p>\n<ul class=\"afd-share__networks clearfix\">\n<li class=\"afd-share__social\"><a aria-label=\"Facebook\" class=\"afd-share__button\" data-insights-category=\"share\" data-insights-label=\"facebook_sharing_options\" data-insights-value=\"1183938\" data-social=\"facebook\" href=\"https:\/\/www.facebook.com\/sharer\/sharer.php?u=https:\/\/www.archdaily.com.br\/pt\/1183938\/casa-pedra-azul-escala-arquitetura\" rel=\"nofollow noopener\" target=\"_blank\"><\/a>\n<p>Facebook<\/p>\n<\/li>\n<li class=\"afd-share__social\"><a aria-label=\"Twitter\" class=\"afd-share__button\" data-insights-category=\"share\" data-insights-label=\"twitter_sharing_options\" data-insights-value=\"1183938\" data-social=\"twitter\" href=\"https:\/\/twitter.com\/intent\/tweet?text=Casa%20Pedra%20Azul%20%2F%20Escala%20Arquitetura&amp;url=https:\/\/www.archdaily.com.br\/pt\/1183938\/casa-pedra-azul-escala-arquitetura&amp;via=archdailybr\" rel=\"nofollow noopener\" target=\"_blank\"><\/a>\n<p>Twitter<\/p>\n<\/li>\n<li class=\"afd-share__social\"><a class=\"afd-share__button\" data-insights-category=\"share\" data-insights-label=\"email_sharing_options\" data-insights-value=\"1183938\" data-social=\"email\" href=\"mailto:?subject=Casa Pedra Azul \/ Escala Arquitetura&amp;body=https:\/\/www.archdaily.com.br\/pt\/1183938\/casa-pedra-azul-escala-arquitetura\"><\/a>\n<p>Mail<\/p>\n<\/li>\n<li class=\"afd-share__social\"><a aria-label=\"Pinterest\" class=\"afd-share__button\" data-insights-category=\"share\" data-insights-label=\"pinterest_sharing_options\" data-insights-value=\"1183938\" data-social=\"pinterest\" href=\"https:\/\/pinterest.com\/pin\/create\/button\/?url=https%3A%2F%2Fwww.archdaily.com.br%2Fpt%2F1183938%2Fcasa-pedra-azul-escala-arquitetura&amp;media=https%3A%2F%2Fimages.adsttc.com%2Fmedia%2Fimages%2F6a8d%2F9c0f%2F4253%2F0500%2F01ca%2F0857%2Flarge_jpg%2FCASA_PEDRA_AZUL-16.jpg%3F1787665553&amp;description=Casa%20Pedra%20Azul%20%2F%20Escala%20Arquitetura\" rel=\"nofollow noopener\" target=\"_blank\"><\/a>\n<p>Pinterest<\/p>\n<\/li>\n<li class=\"afd-share__social\"><a aria-label=\"Whatsapp\" class=\"afd-share__button\" data-action=\"share\/whatsapp\/share\" data-insights-category=\"share\" data-insights-label=\"whatsapp_sharing_options\" data-insights-value=\"1183938\" data-social=\"whatsapp\" href=\"whatsapp:\/\/send?text=Casa+Pedra+Azul+%2F+Escala+Arquitetura+%7C+https%3A%2F%2Fwww.archdaily.com.br%2Fpt%2F1183938%2Fcasa-pedra-azul-escala-arquitetura%3Futm_source%3DWhatsapp%26utm_medium%3DIM%26utm_campaign%3Dshare-button\" rel=\"nofollow\"><\/a>\n<p>Whatsapp<\/p>\n<\/li>\n<\/ul>\n<p>Ou<\/p>\n<p>https:\/\/www.archdaily.com.br\/pt\/1183938\/casa-pedra-azul-escala-arquitetura<\/p>\n<ul class=\"afd-char-list afd-specs__item-container js-char-list\">\n<li class=\"afd-specs__item\">\n<\/li>\n<li class=\"afd-specs__item\">\n  \u00c1rea<br \/>\n  \u00c1rea deste projeto de arquitetura<\/p>\n<p>\u00c1rea:\u00a0<br \/>\n        <a href=\"https:\/\/www.archdaily.com\/search\/pt\/projects\/min_area\/1040\/max_area\/1560?ad_name=project-specs&amp;ad_medium=single\" rel=\"nofollow noopener\" target=\"_blank\">1300<\/a> m\u00b2<\/li>\n<li class=\"afd-specs__item\">\n<p>  Ano<br \/>\n  Ano de conclus\u00e3o deste projeto de arquitetura<\/p>\n<p>            Ano:\u00a0<\/p>\n<p>                    <a href=\"https:\/\/www.archdaily.com\/search\/pt\/projects\/year\/2025?ad_name=project-specs&amp;ad_medium=single\" rel=\"nofollow noopener\" target=\"_blank\"><br \/>\n          2025<br \/>\n        <\/a><\/p>\n<\/li>\n<li class=\"afd-specs__item\">\n<p>  Fot\u00f3grafo<\/p>\n<\/li>\n<\/ul>\n<p><a class=\"js-image-size__link lazy-anchor\" href=\"https:\/\/www.archdaily.com\/pt\/1183938\/casa-pedra-azul-escala-arquitetura\/6a8d9c0f4253050001ca0853-casa-pedra-azul-escala-arquitetura-foto\" rel=\"nofollow noopener\" target=\"_blank\"><img decoding=\"async\" alt=\"Casa Pedra Azul \/ Escala Arquitetura - Fotografia de Exterior, Jardim\" data-nr-picture-id=\"6a8d9c0f4253050001ca0853\" height=\"427\" itemprop=\"image\" loading=\"lazy\" longdesc=\"https:\/\/www.archdaily.com\/pt\/1183938\/casa-pedra-azul-escala-arquitetura\/6a8d9c0f4253050001ca0853-casa-pedra-azul-escala-arquitetura-foto\" src=\"https:\/\/www.europesays.com\/pt\/wp-content\/uploads\/2026\/09\/CASA_PEDRA_AZUL-12.jpg\" width=\"640\"\/>\u00a9 MCA Estudio<\/a><\/p>\n<p>Descri\u00e7\u00e3o enviada pela equipe de projeto. A Casa Pedra Azul, estabelece uma rela\u00e7\u00e3o direta e cont\u00ednua com a natureza. Implantada em um terreno estreito e em declive, a topografia foi determinante para a organiza\u00e7\u00e3o do programa arquitet\u00f4nico. O projeto \u00e9 composto por m\u00f3dulos independentes conectados por amplas \u00e1reas de circula\u00e7\u00e3o, favorecendo a horizontalidade e a fragmenta\u00e7\u00e3o dos volumes, que se acomoda suavemente ao terreno.<\/p>\n<p><img decoding=\"async\" src=\"https:\/\/www.europesays.com\/pt\/wp-content\/uploads\/2026\/09\/1788278416_761_loader-blue.gif\" alt=\"Content Loader\" style=\"width: 40px; margin: 24px;\"\/><script async src=\"https:\/\/platform.twitter.com\/widgets.js\" charset=\"utf-8\"><\/script><\/p>\n","protected":false},"excerpt":{"rendered":"\u00a9 MCA Estudio + 30 Curadoria de Susanna Moreira Compartilhar Compartilhar Facebook Twitter Mail Pinterest Whatsapp Ou https:\/\/www.archdaily.com.br\/pt\/1183938\/casa-pedra-azul-escala-arquitetura&hellip;\n","protected":false},"author":2,"featured_media":507763,"comment_status":"","ping_status":"","sticky":false,"template":"","format":"standard","meta":{"footnotes":"","_share_on_mastodon":"0"},"categories":[144],"tags":[81362,304,361,207,205,206,203,201,202,362,204,114,115,32,33],"class_list":["post-507762","post","type-post","status-publish","format-standard","has-post-thumbnail","category-arte-e-design","tag-araras","tag-arquitetura","tag-arquitetura-residencial","tag-arte","tag-arte-e-design","tag-artedesign","tag-arts","tag-arts-and-design","tag-artsanddesign","tag-casas","tag-design","tag-entertainment","tag-entretenimento","tag-portugal","tag-pt"],"share_on_mastodon":{"url":"https:\/\/pubeurope.com\/@pt\/117196621975304181","error":""},"_links":{"self":[{"href":"https:\/\/www.europesays.com\/pt\/wp-json\/wp\/v2\/posts\/507762","targetHints":{"allow":["GET"]}}],"collection":[{"href":"https:\/\/www.europesays.com\/pt\/wp-json\/wp\/v2\/posts"}],"about":[{"href":"https:\/\/www.europesays.com\/pt\/wp-json\/wp\/v2\/types\/post"}],"author":[{"embeddable":true,"href":"https:\/\/www.europesays.com\/pt\/wp-json\/wp\/v2\/users\/2"}],"replies":[{"embeddable":true,"href":"https:\/\/www.europesays.com\/pt\/wp-json\/wp\/v2\/comments?post=507762"}],"version-history":[{"count":0,"href":"https:\/\/www.europesays.com\/pt\/wp-json\/wp\/v2\/posts\/507762\/revisions"}],"wp:featuredmedia":[{"embeddable":true,"href":"https:\/\/www.europesays.com\/pt\/wp-json\/wp\/v2\/media\/507763"}],"wp:attachment":[{"href":"https:\/\/www.europesays.com\/pt\/wp-json\/wp\/v2\/media?parent=507762"}],"wp:term":[{"taxonomy":"category","embeddable":true,"href":"https:\/\/www.europesays.com\/pt\/wp-json\/wp\/v2\/categories?post=507762"},{"taxonomy":"post_tag","embeddable":true,"href":"https:\/\/www.europesays.com\/pt\/wp-json\/wp\/v2\/tags?post=507762"}],"curies":[{"name":"wp","href":"https:\/\/api.w.org\/{rel}","templated":true}]}}