{"id":507792,"date":"2026-09-01T16:27:11","date_gmt":"2026-09-01T16:27:11","guid":{"rendered":"https:\/\/www.europesays.com\/pt\/507792\/"},"modified":"2026-09-01T16:27:11","modified_gmt":"2026-09-01T16:27:11","slug":"drone-leva-a-acao-de-espionagem-servicos-secretos-alemaes-culpam-russia-por-ataque-hibrido-em-leipzig","status":"publish","type":"post","link":"https:\/\/www.europesays.com\/pt\/507792\/","title":{"rendered":"Drone leva a a\u00e7\u00e3o de espionagem: servi\u00e7os secretos alem\u00e3es culpam R\u00fassia por &#8220;ataque h\u00edbrido&#8221; em Leipzig"},"content":{"rendered":"<p>                Alemanha promete uma a\u00e7\u00e3o forte e decis\u00f5es devem ser anunciadas em breve<\/p>\n<p>Os servi\u00e7os de seguran\u00e7a da Alemanha apontam a R\u00fassia como respons\u00e1vel por aquilo que o governo alem\u00e3o considera ser um &#8220;ataque h\u00edbrido com drones&#8221; no aeroporto de Leipzig, no leste do pa\u00eds, dado que um dos drones, carregado com material explosivo, alegadamente leva \u00e0 espionagem russa, noticiou o jornal Bild.<\/p>\n<p>O jornal, citando fontes de seguran\u00e7a, indicou que &#8220;o rasto do drone que transportava explosivos parece levar a um servi\u00e7o de informa\u00e7\u00e3o russo&#8221;, referindo-se a um dos drones encontrados no aeroporto de Leipzig a 4 de agosto.<\/p>\n<p>O Bild observou ainda que tanto o ministro do Interior, Alexander Dobrindt, como o ministro dos Neg\u00f3cios Estrangeiros, Johann Wadephul, dever\u00e3o fornecer uma atualiza\u00e7\u00e3o sobre o incidente ainda esta ter\u00e7a-feira.<\/p>\n<p>Ap\u00f3s a descoberta, na noite de 4 de agosto, no Aeroporto de Leipzig, na Alemanha, de um drone que transportava uma carga explosiva, e a subsequente alegada colis\u00e3o de um segundo drone com um avi\u00e3o de carga da DHL, os investigadores descobriram um terceiro drone, juntamente com explosivos, dez dias depois, de acordo com reportagens da semana passada das emissoras p\u00fablicas regionais WDR e NDR e do jornal S\u00fcddeutsche Zeitung.<\/p>\n<p>Estes meios de comunica\u00e7\u00e3o social, que tamb\u00e9m citaram fontes de seguran\u00e7a, indicaram que o terceiro drone foi encontrado ao in\u00edcio da tarde de 14 de agosto num campo em Kabelskental, no estado da Sax\u00f3nia-Anhalt, que faz fronteira com a parte ocidental do Aeroporto de Leipzig, na Sax\u00f3nia.<\/p>\n<p>O chanceler da Alemanha, Friedrich Merz, afirmou no domingo que o pa\u00eds vai responder nos pr\u00f3ximos dias, numa rea\u00e7\u00e3o coordenada com a Uni\u00e3o Europeia e os parceiros da NATO, \u00e0 descoberta dos drones em Leipzig.<\/p>\n<p>&#8220;Estamos prestes a concluir as investiga\u00e7\u00f5es. H\u00e1 um amplo consenso dentro do governo sobre como reagir, e vamos exprimi-lo claramente nos pr\u00f3ximos dias. N\u00e3o vai demorar muito mais tempo&#8221;, reiterou durante a tradicional &#8220;entrevista de ver\u00e3o&#8221; na emissora p\u00fablica alem\u00e3 ARD.<\/p>\n","protected":false},"excerpt":{"rendered":"Alemanha promete uma a\u00e7\u00e3o forte e decis\u00f5es devem ser anunciadas em breve Os servi\u00e7os de seguran\u00e7a da Alemanha&hellip;\n","protected":false},"author":2,"featured_media":507793,"comment_status":"","ping_status":"","sticky":false,"template":"","format":"standard","meta":{"footnotes":"","_share_on_mastodon":"0"},"categories":[50],"tags":[1305,609,836,611,27,28,607,608,333,832,604,135,610,476,15,16,301,830,23489,14,603,25,26,7165,570,21,22,831,833,62,834,12,13,19,20,835,602,52,32,23,24,839,17,18,840,29,30,31,63,64,65],"class_list":["post-507792","post","type-post","status-publish","format-standard","has-post-thumbnail","category-mundo","tag-alemanha","tag-alerta","tag-analise","tag-ao-minuto","tag-breaking-news","tag-breakingnews","tag-cnn","tag-cnn-portugal","tag-comentadores","tag-costa","tag-crime","tag-desporto","tag-direto","tag-economia","tag-featured-news","tag-featurednews","tag-governo","tag-guerra","tag-guerra-hibrida","tag-headlines","tag-justica","tag-latest-news","tag-latestnews","tag-leipzig","tag-live","tag-main-news","tag-mainnews","tag-mais-vistas","tag-marcelo","tag-mundo","tag-negocios","tag-news","tag-noticias","tag-noticias-principais","tag-noticiasprincipais","tag-opiniao","tag-pais","tag-politica","tag-portugal","tag-principais-noticias","tag-principaisnoticias","tag-russia","tag-top-stories","tag-topstories","tag-ucrania","tag-ultimas","tag-ultimas-noticias","tag-ultimasnoticias","tag-world","tag-world-news","tag-worldnews"],"share_on_mastodon":{"url":"","error":"Validation failed: Text character limit of 500 exceeded"},"_links":{"self":[{"href":"https:\/\/www.europesays.com\/pt\/wp-json\/wp\/v2\/posts\/507792","targetHints":{"allow":["GET"]}}],"collection":[{"href":"https:\/\/www.europesays.com\/pt\/wp-json\/wp\/v2\/posts"}],"about":[{"href":"https:\/\/www.europesays.com\/pt\/wp-json\/wp\/v2\/types\/post"}],"author":[{"embeddable":true,"href":"https:\/\/www.europesays.com\/pt\/wp-json\/wp\/v2\/users\/2"}],"replies":[{"embeddable":true,"href":"https:\/\/www.europesays.com\/pt\/wp-json\/wp\/v2\/comments?post=507792"}],"version-history":[{"count":0,"href":"https:\/\/www.europesays.com\/pt\/wp-json\/wp\/v2\/posts\/507792\/revisions"}],"wp:featuredmedia":[{"embeddable":true,"href":"https:\/\/www.europesays.com\/pt\/wp-json\/wp\/v2\/media\/507793"}],"wp:attachment":[{"href":"https:\/\/www.europesays.com\/pt\/wp-json\/wp\/v2\/media?parent=507792"}],"wp:term":[{"taxonomy":"category","embeddable":true,"href":"https:\/\/www.europesays.com\/pt\/wp-json\/wp\/v2\/categories?post=507792"},{"taxonomy":"post_tag","embeddable":true,"href":"https:\/\/www.europesays.com\/pt\/wp-json\/wp\/v2\/tags?post=507792"}],"curies":[{"name":"wp","href":"https:\/\/api.w.org\/{rel}","templated":true}]}}