{"id":507804,"date":"2026-09-01T16:46:14","date_gmt":"2026-09-01T16:46:14","guid":{"rendered":"https:\/\/www.europesays.com\/pt\/507804\/"},"modified":"2026-09-01T16:46:14","modified_gmt":"2026-09-01T16:46:14","slug":"vice-presidente-do-bank-of-america-morta-em-ataque-em-times-square-banca-financas","status":"publish","type":"post","link":"https:\/\/www.europesays.com\/pt\/507804\/","title":{"rendered":"Vice-presidente do Bank of America morta em ataque em Times Square &#8211; Banca &#038; Finan\u00e7as"},"content":{"rendered":"<p class=\"\">&#13;<br \/>\n        <b>Uma das vice-presidentes do Bank of America, Erin Piacenti, de 32 anos, foi v\u00edtima de um ataque com uma faca esta segunda-feira, 31 de agosto, em Times Square, Nova Iorque. Acabou por morrer no hospital devido aos ferimentos causados.<\/b>&#13;\n    <\/p>\n<p class=\"\">&#13;<br \/>\n        De forma aparentemente aleat\u00f3ria, a suspeita, identificada pela comiss\u00e1ria de Nova Iorque como Pamela Cisneros, de 49 anos, levava consigo duas facas de cozinha num saco de compras. Ter\u00e1 abordado primeiro um turista de 68 anos,\u00a0no exterior do One Times Square,  e esfaqueado o homem\u00a0no abd\u00f3men enquanto este se encontrava com a esposa \u00e0 espera para atravessar a\u00a0rua. A v\u00edtima foi depois hospitalizada e est\u00e1 em estado est\u00e1vel.&#13;\n    <\/p>\n<p class=\"\">&#13;<br \/>\n        Cisneros continuou pela S\u00e9tima Avenida e ter\u00e1 ent\u00e3o esfaqueado Erin Piacenti tamb\u00e9m no abd\u00f3men segundos depois do primeiro ataque. As autoridades foram chamadas pelas testemunhas ao local, onde passaram alguns minutos a tentar persuadir a suspeita para largar as facas, ao qual esta afirmou: &#8220;N\u00e3o vou largar nada. Prefiro matar-vos aos dois&#8221;. Os agentes ter\u00e3o depois usado &#8220;tasers\u00a0&#8220;para imobilizar a suspeita, mas, sem sucesso. Acabaram por utilizar armas de fogo para a atingir.\u00a0Cisneros foi levada para o Hospital Bellevue,\u00a0onde veio a falecer.&#13;\n    <\/p>\n<p class=\"\">&#13;<br \/>\n        As autoridades est\u00e3o agora a investigar o caso, indicando que, para j\u00e1, n\u00e3o encontram ind\u00edcios de que se trate de um ataque terrorista. Pamela Cisneros tinha um historial de problemas com sa\u00fade mental, tendo no seu registo duas ocorr\u00eancias em 2018 e 2019.&#13;\n    <\/p>\n<p class=\"\">&#13;<br \/>\n        \u201cFoi uma situa\u00e7\u00e3o extraordinariamente perigosa que se desenrolou no cora\u00e7\u00e3o de Times Square, a encruzilhada do mundo\u201d, afirmou a comiss\u00e1ria da pol\u00edcia de Nova Iorque, Jessica Tisch.&#13;\n    <\/p>\n<p class=\"\">&#13;<br \/>\n        Tamb\u00e9m o presidente da c\u00e2mara de Nova Iorque reagiu ao incidente. &#8220;Sabemos que as vidas destas fam\u00edlias foram destru\u00eddas pelo que aconteceu hoje e continuaremos a t\u00ea-las no pensamento \u00e0 medida que as horas, os dias e as semanas passarem\u201d, afirmou Zohran Mamdani.&#13;\n    <\/p>\n<p class=\"\">&#13;<br \/>\n        <b>Erin Piacenti era vice-presidente de sele\u00e7\u00e3o de neg\u00f3cios e conflitos do Bank of America, cuja sede em Manhattan est\u00e1 localizada mesmo perto do cora\u00e7\u00e3o da Times Square, no One Bryant Park.\u00a0<\/b>&#13;\n    <\/p>\n","protected":false},"excerpt":{"rendered":"&#13; Uma das vice-presidentes do Bank of America, Erin Piacenti, de 32 anos, foi v\u00edtima de um ataque&hellip;\n","protected":false},"author":2,"featured_media":507805,"comment_status":"","ping_status":"","sticky":false,"template":"","format":"standard","meta":{"footnotes":"","_share_on_mastodon":"0"},"categories":[50],"tags":[993,41790,27,28,81366,17889,15,16,14,81367,25,26,21,22,62,12,13,19,20,1035,81270,23,24,60300,17,18,29,30,31,30343,18743,63,64,65],"class_list":["post-507804","post","type-post","status-publish","format-standard","has-post-thumbnail","category-mundo","tag-america","tag-bank-of-america","tag-breaking-news","tag-breakingnews","tag-coracao-sem-medo","tag-esfaqueamento","tag-featured-news","tag-featurednews","tag-headlines","tag-hospital-bellevue","tag-latest-news","tag-latestnews","tag-main-news","tag-mainnews","tag-mundo","tag-news","tag-noticias","tag-noticias-principais","tag-noticiasprincipais","tag-nova-iorque","tag-pamela-cisneros","tag-principais-noticias","tag-principaisnoticias","tag-times-square","tag-top-stories","tag-topstories","tag-ultimas","tag-ultimas-noticias","tag-ultimasnoticias","tag-vitima","tag-vitimas","tag-world","tag-world-news","tag-worldnews"],"share_on_mastodon":{"url":"","error":"Validation failed: Text character limit of 500 exceeded"},"_links":{"self":[{"href":"https:\/\/www.europesays.com\/pt\/wp-json\/wp\/v2\/posts\/507804","targetHints":{"allow":["GET"]}}],"collection":[{"href":"https:\/\/www.europesays.com\/pt\/wp-json\/wp\/v2\/posts"}],"about":[{"href":"https:\/\/www.europesays.com\/pt\/wp-json\/wp\/v2\/types\/post"}],"author":[{"embeddable":true,"href":"https:\/\/www.europesays.com\/pt\/wp-json\/wp\/v2\/users\/2"}],"replies":[{"embeddable":true,"href":"https:\/\/www.europesays.com\/pt\/wp-json\/wp\/v2\/comments?post=507804"}],"version-history":[{"count":0,"href":"https:\/\/www.europesays.com\/pt\/wp-json\/wp\/v2\/posts\/507804\/revisions"}],"wp:featuredmedia":[{"embeddable":true,"href":"https:\/\/www.europesays.com\/pt\/wp-json\/wp\/v2\/media\/507805"}],"wp:attachment":[{"href":"https:\/\/www.europesays.com\/pt\/wp-json\/wp\/v2\/media?parent=507804"}],"wp:term":[{"taxonomy":"category","embeddable":true,"href":"https:\/\/www.europesays.com\/pt\/wp-json\/wp\/v2\/categories?post=507804"},{"taxonomy":"post_tag","embeddable":true,"href":"https:\/\/www.europesays.com\/pt\/wp-json\/wp\/v2\/tags?post=507804"}],"curies":[{"name":"wp","href":"https:\/\/api.w.org\/{rel}","templated":true}]}}