{"id":507864,"date":"2026-09-01T17:46:14","date_gmt":"2026-09-01T17:46:14","guid":{"rendered":"https:\/\/www.europesays.com\/pt\/507864\/"},"modified":"2026-09-01T17:46:14","modified_gmt":"2026-09-01T17:46:14","slug":"putin-podera-avancar-com-mobilizacao-secreta-de-militares-apos-as-eleicoes-na-russia","status":"publish","type":"post","link":"https:\/\/www.europesays.com\/pt\/507864\/","title":{"rendered":"Putin poder\u00e1 avan\u00e7ar com mobiliza\u00e7\u00e3o secreta de militares ap\u00f3s as elei\u00e7\u00f5es na R\u00fassia"},"content":{"rendered":"<p>                Revela\u00e7\u00e3o j\u00e1 levou a uma rea\u00e7\u00e3o por parte das autoridades do pa\u00eds <\/p>\n<p style=\"margin-bottom:11px\">Vladimir Putin parece manter a inten\u00e7\u00e3o de recorrer a uma mobiliza\u00e7\u00e3o secreta de militares ap\u00f3s as elei\u00e7\u00f5es para a Duma Estatal da R\u00fassia, que decorrem entre 18 e 20 de setembro, segundo uma an\u00e1lise do <a href=\"https:\/\/understandingwar.org\/research\/russia-ukraine\/russian-offensive-campaign-assessment-august-31-2026\/\" target=\"_blank\" rel=\"nofollow noopener\">Institute for the Study of War<\/a> (ISW). O presidente russo aparenta estar empenhado em manter o atual mecanismo de recrutamento de for\u00e7as.<\/p>\n<p>Fontes russas citadas pela The Economist afirmaram, no domingo, que Putin pretende enviar entre 300 mil e 400 mil soldados adicionais para a frente de batalha na Ucr\u00e2nia. Segundo a an\u00e1lise, o l\u00edder russo poder\u00e1 n\u00e3o precisar de anunciar uma nova vaga formal de mobiliza\u00e7\u00e3o, recorrendo antes aos governos regionais para recrutar mais militares atrav\u00e9s de mecanismos coercivos.<\/p>\n<p>Apesar destes sinais, o ISW salienta que a exist\u00eancia de medidas destinadas a preparar uma mobiliza\u00e7\u00e3o n\u00e3o significa que Putin tenha tomado uma decis\u00e3o iminente para convocar reservistas em larga escala. Estas medidas permitem, antes, manter essa possibilidade em aberto e avan\u00e7ar com a convoca\u00e7\u00e3o quando o presidente russo considerar oportuno.<\/p>\n<p>Entretanto, as autoridades russas continuam a negar publicamente a necessidade de uma mobiliza\u00e7\u00e3o involunt\u00e1ria. Dmitry Medvedev, vice-presidente do Conselho de Seguran\u00e7a da R\u00fassia, rejeitou na \u00faltima semana qualquer plano nesse sentido, afirmando que as For\u00e7as Armadas russas disp\u00f5em de militares contratados suficientes para combater na Ucr\u00e2nia.<\/p>\n<p>Tamb\u00e9m o representante permanente da R\u00fassia junto das Na\u00e7\u00f5es Unidas, Vasily Nebenzya, afirmou na \u00faltima semana que Moscovo n\u00e3o necessita nem planeia realizar atualmente uma mobiliza\u00e7\u00e3o em larga escala.<\/p>\n<p>Ao mesmo tempo, algumas autoridades regionais est\u00e3o a recorrer a mecanismos de mobiliza\u00e7\u00e3o secreta j\u00e1 existentes, que pressionam cidad\u00e3os russos a assinar contratos militares.<\/p>\n<p>Na regi\u00e3o de Penza, as autoridades militares russas intensificaram desde pelo menos junho uma campanha de recrutamento, com deten\u00e7\u00f5es e press\u00e3o sobre homens para que assinassem contratos com o Minist\u00e9rio da Defesa da R\u00fassia em cidades como Penza, Kamenka e Kuznetsk.<\/p>\n","protected":false},"excerpt":{"rendered":"Revela\u00e7\u00e3o j\u00e1 levou a uma rea\u00e7\u00e3o por parte das autoridades do pa\u00eds Vladimir Putin parece manter a inten\u00e7\u00e3o&hellip;\n","protected":false},"author":2,"featured_media":507865,"comment_status":"","ping_status":"","sticky":false,"template":"","format":"standard","meta":{"footnotes":"","_share_on_mastodon":"0"},"categories":[50],"tags":[609,836,611,27,28,607,608,333,832,604,135,610,476,15,16,301,830,889,14,603,25,26,570,21,22,831,833,8498,62,834,12,13,19,20,835,602,52,32,23,24,3813,4429,839,17,18,11353,840,29,30,31,63,64,65],"class_list":["post-507864","post","type-post","status-publish","format-standard","has-post-thumbnail","category-mundo","tag-alerta","tag-analise","tag-ao-minuto","tag-breaking-news","tag-breakingnews","tag-cnn","tag-cnn-portugal","tag-comentadores","tag-costa","tag-crime","tag-desporto","tag-direto","tag-economia","tag-featured-news","tag-featurednews","tag-governo","tag-guerra","tag-guerra-na-ucrania","tag-headlines","tag-justica","tag-latest-news","tag-latestnews","tag-live","tag-main-news","tag-mainnews","tag-mais-vistas","tag-marcelo","tag-militares","tag-mundo","tag-negocios","tag-news","tag-noticias","tag-noticias-principais","tag-noticiasprincipais","tag-opiniao","tag-pais","tag-politica","tag-portugal","tag-principais-noticias","tag-principaisnoticias","tag-putin","tag-recrutamento","tag-russia","tag-top-stories","tag-topstories","tag-tropas","tag-ucrania","tag-ultimas","tag-ultimas-noticias","tag-ultimasnoticias","tag-world","tag-world-news","tag-worldnews"],"share_on_mastodon":{"url":"","error":"Validation failed: Text character limit of 500 exceeded"},"_links":{"self":[{"href":"https:\/\/www.europesays.com\/pt\/wp-json\/wp\/v2\/posts\/507864","targetHints":{"allow":["GET"]}}],"collection":[{"href":"https:\/\/www.europesays.com\/pt\/wp-json\/wp\/v2\/posts"}],"about":[{"href":"https:\/\/www.europesays.com\/pt\/wp-json\/wp\/v2\/types\/post"}],"author":[{"embeddable":true,"href":"https:\/\/www.europesays.com\/pt\/wp-json\/wp\/v2\/users\/2"}],"replies":[{"embeddable":true,"href":"https:\/\/www.europesays.com\/pt\/wp-json\/wp\/v2\/comments?post=507864"}],"version-history":[{"count":0,"href":"https:\/\/www.europesays.com\/pt\/wp-json\/wp\/v2\/posts\/507864\/revisions"}],"wp:featuredmedia":[{"embeddable":true,"href":"https:\/\/www.europesays.com\/pt\/wp-json\/wp\/v2\/media\/507865"}],"wp:attachment":[{"href":"https:\/\/www.europesays.com\/pt\/wp-json\/wp\/v2\/media?parent=507864"}],"wp:term":[{"taxonomy":"category","embeddable":true,"href":"https:\/\/www.europesays.com\/pt\/wp-json\/wp\/v2\/categories?post=507864"},{"taxonomy":"post_tag","embeddable":true,"href":"https:\/\/www.europesays.com\/pt\/wp-json\/wp\/v2\/tags?post=507864"}],"curies":[{"name":"wp","href":"https:\/\/api.w.org\/{rel}","templated":true}]}}