{"id":507922,"date":"2026-09-01T18:35:38","date_gmt":"2026-09-01T18:35:38","guid":{"rendered":"https:\/\/www.europesays.com\/pt\/507922\/"},"modified":"2026-09-01T18:35:38","modified_gmt":"2026-09-01T18:35:38","slug":"o-reino-unido-tem-alguns-problemas-trump-diz-estar-a-rever-posicao-dos-eua-relativamente-as-malvinas","status":"publish","type":"post","link":"https:\/\/www.europesays.com\/pt\/507922\/","title":{"rendered":"&#8220;O Reino Unido tem alguns problemas&#8221;: Trump diz estar a rever posi\u00e7\u00e3o dos EUA relativamente \u00e0s Malvinas"},"content":{"rendered":"<p>                Afirma\u00e7\u00e3o surge dias ap\u00f3s o jornal brit\u00e2nico The Telegraph ter avan\u00e7ado que os EUA amea\u00e7aram o Reino Unido com a oposi\u00e7\u00e3o \u00e0 soberania de Londres sobre as Malvinas \u2013 Falklands no mundo angl\u00f3fono \u2013 caso o pa\u00eds do primeiro-ministro Andy Burnham n\u00e3o aumente os gastos no setor da Defesa<\/p>\n<p style=\"margin-bottom:11px\">Donald Trump disse esta segunda-feira que est\u00e1 a rever a posi\u00e7\u00e3o dos EUA em rela\u00e7\u00e3o \u00e0 soberania das ilhas Malvinas.<\/p>\n<p>O presidente dos EUA foi questionado por um jornalista na Sala Oval e a resposta, embora n\u00e3o direta, foi reveladora.<\/p>\n<p>\u201cEu revejo sempre todas as posi\u00e7\u00f5es. Essa \u00e9 apenas uma delas\u201d, afirmou o chefe de Estado americano. &#8220;O Reino Unido tem alguns problemas, mas v\u00e3o ser resolvidos&#8221;.<\/p>\n<blockquote class=\"twitter-tweet\">\n<p lang=\"en\">Reporter: Are you reviewing the U.S. position on the Falkland Islands?<\/p>\n<p>Trump: I always review every position. That&#8217;s just one of many. <a href=\"https:\/\/t.co\/xfrN2LX4oN\" rel=\"nofollow\">pic.twitter.com\/xfrN2LX4oN<\/a><\/p>\n<p> \u2014 Clash Report (@clashreport) <a href=\"https:\/\/x.com\/clashreport\/status\/2094517720461009047?ref_src=twsrc%5Etfw\" rel=\"nofollow\">August 31, 2026<\/a>\n<\/p><\/blockquote>\n<p>A afirma\u00e7\u00e3o de Trump surge dias ap\u00f3s o jornal brit\u00e2nico The Telegraph ter avan\u00e7ado que os EUA amea\u00e7aram o Reino Unido com a oposi\u00e7\u00e3o \u00e0 soberania de Londres sobre as Malvinas \u2013 Falklands no mundo angl\u00f3fono \u2013 caso o pa\u00eds do primeiro-ministro Andy Burnham n\u00e3o aumente os gastos no setor da Defesa.<\/p>\n<p>O The Telegraph, citando uma fonte da administra\u00e7\u00e3o americana, afirma que o Reino Unido ter\u00e1 \u201caten\u00e7\u00e3o especial\u201d dos EUA enquanto estes avaliam o compromisso dos aliados da NATO com a meta dos 5% do PIB estabelecida para a Defesa. A fonte refere tamb\u00e9m que &#8220;n\u00e3o se est\u00e1 a descartar nenhuma op\u00e7\u00e3o no que diz respeito \u00e0s formas de promover o tipo de partilha de encargos que pretendemos&#8221;.<\/p>\n<p>Em abril deste ano, <a href=\"https:\/\/www.reuters.com\/world\/uk\/what-know-about-falkland-islands-us-considers-reassessing-position-2026-04-24\/\" target=\"_blank\" rel=\"nofollow noopener\">a Reuters revelou<\/a> os conte\u00fados de um email interno do Pent\u00e1gono, que sugeria que os EUA poderiam rever a posi\u00e7\u00e3o sobre as Malvinas para penalizar o Reino Unido pela falta de apoio na guerra contra o Ir\u00e3o.<\/p>\n<p>Na altura, um porta-voz do ent\u00e3o primeiro-ministro brit\u00e2nico, Keir Starmer, defendeu a soberania do Reino Unido sobre o arquip\u00e9lago. &#8220;N\u00e3o poder\u00edamos ser mais claros quanto \u00e0 posi\u00e7\u00e3o do Reino Unido sobre as Ilhas Malvinas. \u00c9 uma posi\u00e7\u00e3o de longa data e permanece inalterada&#8221;, <a href=\"https:\/\/www.reuters.com\/world\/uk\/sovereignty-falklands-rests-with-uk-britain-tells-us-2026-04-24\/\" target=\"_blank\" rel=\"nofollow noopener\">disse o respons\u00e1vel \u00e0 ag\u00eancia.<\/a><\/p>\n<p>Desta vez, ap\u00f3s a publica\u00e7\u00e3o do artigo do The Telegraph, um porta-voz do governo de Londres reiterou que &#8220;a posi\u00e7\u00e3o do Reino Unido relativamente \u00e0s ilhas Malvinas \u00e9 de longa data e inabal\u00e1vel: estas s\u00e3o e continuar\u00e3o a ser um Territ\u00f3rio Brit\u00e2nico Ultramarino, em conformidade com a vontade dos habitantes das ilhas Malvinas&#8221;.<\/p>\n<p>A proximidade entre Trump e o presidente da Argentina, Javier Milei, um dos grandes aliados da atual administra\u00e7\u00e3o norte-americana, \u00e9 tamb\u00e9m um fator importante para a atual disputa. Os dois j\u00e1 se encontraram por v\u00e1rias ocasi\u00f5es nos \u00faltimos anos e Milei \u00e9 presen\u00e7a ass\u00eddua nas confer\u00eancias conservadoras de apoio a Trump nos EUA.<\/p>\n<p>O tema das Malvinas voltou \u00e0s manchetes no dia 15 de julho ap\u00f3s a meia-final do Mundial de futebol entre Argentina e Inglaterra, que a albiceleste venceu por 2-1. Ap\u00f3s o apito final, v\u00e1rios jogadores da sele\u00e7\u00e3o argentina seguraram uma tarja com a frase \u201cLas Malvinas son Argentinas\u201d (As Malvinas s\u00e3o argentinas\u201d, em portugu\u00eas). Na altura, a Casa Branca defendeu os jogadores sul-americanos.<\/p>\n<p>\u201cAcreditamos nos direitos da Primeira Emenda aqui nos EUA\u201d, disse Andrew Giuliani, l\u00edder da task force da Casa Branca para a FIFA, <a href=\"https:\/\/www.bbc.com\/news\/articles\/cx2rmjk0740o\" target=\"_blank\" rel=\"nofollow noopener\">citado pela BBC.<\/a><\/p>\n<p>O que est\u00e1 em causa? <\/p>\n<p>A disputa pela soberania do arquip\u00e9lago dura desde o s\u00e9culo XVII e envolveu Espanha, Fran\u00e7a, Reino Unido, Estados Unidos e os Estados antecessores da Argentina. Franceses e brit\u00e2nicos estabeleceram as primeiras col\u00f3nias nas ilhas em 1764 e 1765, respetivamente. No entanto, foram os espanh\u00f3is que governaram o arquip\u00e9lago desde essa altura, baseando-se no Tratado de Tordesilhas, at\u00e9 1811, altura em que se retiraram, deixando as ilhas sem governo.<\/p>\n<p>Em 1829, a Argentina, ent\u00e3o ainda sob o nome Prov\u00edncias Unidas do Rio da Prata, estabeleceu um posto nas ilhas, que durou muito pouco. Quatro anos depois, os brit\u00e2nicos atracaram no arquip\u00e9lago e expulsaram a administra\u00e7\u00e3o argentina. Foi o in\u00edcio da ocupa\u00e7\u00e3o ininterrupta das ilhas por parte de Londres.<\/p>\n<p>Nas d\u00e9cadas seguintes, a Argentina protestou junto do governo brit\u00e2nico quase todos os anos. Em 1982, a junta militar que governava a Argentina com m\u00e3o de ferro, liderada por Leopoldo Galtieri, enfrentava um cen\u00e1rio dom\u00e9stico dif\u00edcil, marcado pela instabilidade social e estagna\u00e7\u00e3o econ\u00f3mica. Para tentar ganhar mais apoio junto dos argentinos, Galtieri ordenou a invas\u00e3o e ocupa\u00e7\u00e3o das Malvinas. Com o nome de c\u00f3digo \u201cOperaci\u00f3n Rosario\u201d, as tropas argentinas desembarcaram nas ilhas no dia 2 de abril de 1982 e estabeleceram controlo sobre as mesmas quase sem oposi\u00e7\u00e3o. A resposta brit\u00e2nica surgiu tr\u00eas dias, quando o governo de Margaret Thatcher decidiu enviar uma for\u00e7a naval para o Atl\u00e2ntico Sul, antes de realizar uma invas\u00e3o terrestre ao arquip\u00e9lago.<\/p>\n<p>A guerra n\u00e3o-declarada durou dez semanas: 649 soldados argentinos e 255 militares brit\u00e2nicos perderam a vida; tr\u00eas civis conheceram o mesmo destino. Em junho, o Reino Unido expulsou definitivamente todas as tropas argentinas.<\/p>\n<p>O conflito teve consequ\u00eancias pol\u00edticas nos dois pa\u00edses. A junta militar argentina enfrentou fortes protestos e caiu em 1983. Tamb\u00e9m nesse ano, no Reino Unido, o Partido Conservador obteve uma das maiores vit\u00f3rias eleitorais do s\u00e9culo XX, muito ajudado pelo sucesso da guerra.<\/p>\n<p>Apesar da tareia que levaram em 1982, os argentinos n\u00e3o desistiram de tentar reestabelecer a soberania sobre o territ\u00f3rio. A constitui\u00e7\u00e3o do pa\u00eds considera as Malvinas \u201cparte integral\u201d da Argentina. Os defensores das reivindica\u00e7\u00f5es dos sul-americanos argumentam, entre outros pontos, que o estabelecimento da soberania brit\u00e2nica das ilhas em 1833 foi ilegal \u00e0 luz do direito internacional, que a soberania das ilhas foi transmitida por Espanha \u00e0 Argentina aquando da independ\u00eancia e que o arquip\u00e9lago est\u00e1 na mesma plataforma continental que o pa\u00eds.<\/p>\n<p>No entanto, os habitantes das Malvinas parecem contentes com o estatuto de Territ\u00f3rio Brit\u00e2nico Ultramarino. Em 2013, 99,8% dos eleitores participantes votaram em referendo para permanecerem brit\u00e2nicos. Apenas tr\u00eas pessoas votaram contra. Este referendo \u00e9 um dos maiores argumentos brit\u00e2nicos para a manuten\u00e7\u00e3o da soberania sobre as ilhas, que tamb\u00e9m alegam que se estabeleceram na ilha ainda antes de existir um Estado argentino.<\/p>\n<p>                <script async src=\"https:\/\/platform.twitter.com\/widgets.js\" charset=\"utf-8\"><\/script><\/p>\n","protected":false},"excerpt":{"rendered":"Afirma\u00e7\u00e3o surge dias ap\u00f3s o jornal brit\u00e2nico The Telegraph ter avan\u00e7ado que os EUA amea\u00e7aram o Reino Unido&hellip;\n","protected":false},"author":2,"featured_media":507923,"comment_status":"","ping_status":"","sticky":false,"template":"","format":"standard","meta":{"footnotes":"","_share_on_mastodon":"0"},"categories":[50],"tags":[609,836,611,2424,27,28,607,608,333,832,604,135,610,92,476,60742,72731,15,16,301,830,14,72730,12232,603,25,26,570,21,22,831,72729,833,81373,62,3400,834,12,13,19,20,835,602,52,32,23,24,713,17,18,2183,29,30,31,63,64,65],"class_list":["post-507922","post","type-post","status-publish","format-standard","has-post-thumbnail","category-mundo","tag-alerta","tag-analise","tag-ao-minuto","tag-argentina","tag-breaking-news","tag-breakingnews","tag-cnn","tag-cnn-portugal","tag-comentadores","tag-costa","tag-crime","tag-desporto","tag-direto","tag-donald-trump","tag-economia","tag-falkland","tag-falklands","tag-featured-news","tag-featurednews","tag-governo","tag-guerra","tag-headlines","tag-ilhas-malvinas","tag-javier-milei","tag-justica","tag-latest-news","tag-latestnews","tag-live","tag-main-news","tag-mainnews","tag-mais-vistas","tag-malvinas","tag-marcelo","tag-milei","tag-mundo","tag-nato","tag-negocios","tag-news","tag-noticias","tag-noticias-principais","tag-noticiasprincipais","tag-opiniao","tag-pais","tag-politica","tag-portugal","tag-principais-noticias","tag-principaisnoticias","tag-reino-unido","tag-top-stories","tag-topstories","tag-trump","tag-ultimas","tag-ultimas-noticias","tag-ultimasnoticias","tag-world","tag-world-news","tag-worldnews"],"share_on_mastodon":{"url":"","error":"Validation failed: Text character limit of 500 exceeded"},"_links":{"self":[{"href":"https:\/\/www.europesays.com\/pt\/wp-json\/wp\/v2\/posts\/507922","targetHints":{"allow":["GET"]}}],"collection":[{"href":"https:\/\/www.europesays.com\/pt\/wp-json\/wp\/v2\/posts"}],"about":[{"href":"https:\/\/www.europesays.com\/pt\/wp-json\/wp\/v2\/types\/post"}],"author":[{"embeddable":true,"href":"https:\/\/www.europesays.com\/pt\/wp-json\/wp\/v2\/users\/2"}],"replies":[{"embeddable":true,"href":"https:\/\/www.europesays.com\/pt\/wp-json\/wp\/v2\/comments?post=507922"}],"version-history":[{"count":0,"href":"https:\/\/www.europesays.com\/pt\/wp-json\/wp\/v2\/posts\/507922\/revisions"}],"wp:featuredmedia":[{"embeddable":true,"href":"https:\/\/www.europesays.com\/pt\/wp-json\/wp\/v2\/media\/507923"}],"wp:attachment":[{"href":"https:\/\/www.europesays.com\/pt\/wp-json\/wp\/v2\/media?parent=507922"}],"wp:term":[{"taxonomy":"category","embeddable":true,"href":"https:\/\/www.europesays.com\/pt\/wp-json\/wp\/v2\/categories?post=507922"},{"taxonomy":"post_tag","embeddable":true,"href":"https:\/\/www.europesays.com\/pt\/wp-json\/wp\/v2\/tags?post=507922"}],"curies":[{"name":"wp","href":"https:\/\/api.w.org\/{rel}","templated":true}]}}