{"id":507942,"date":"2026-09-01T18:49:35","date_gmt":"2026-09-01T18:49:35","guid":{"rendered":"https:\/\/www.europesays.com\/pt\/507942\/"},"modified":"2026-09-01T18:49:35","modified_gmt":"2026-09-01T18:49:35","slug":"o-rei-reina-ha-mais-de-20-anos-quantas-vezes-foi-a-ceuta-sanchez-deixa-dura-critica-a-felipe-vi-mas-engana-se-no-tempo-de-reinado","status":"publish","type":"post","link":"https:\/\/www.europesays.com\/pt\/507942\/","title":{"rendered":"&#8220;O rei reina h\u00e1 mais de 20 anos. Quantas vezes foi a Ceuta?&#8221;: S\u00e1nchez deixa dura cr\u00edtica a Felipe VI (mas engana-se no tempo de reinado)"},"content":{"rendered":"<p>                Durante a mesma entrevista, e numa altura em que se encontra sob press\u00e3o da opini\u00e3o p\u00fablica, S\u00e1nchez aproveitou para defender o seu pr\u00f3prio hist\u00f3rico de visitas \u00e0s localidades<\/p>\n<p style=\"margin-bottom:11px\">Pedro S\u00e1nchez dirigiu uma dura cr\u00edtica a Felipe VI pela aus\u00eancia de visitas oficiais do monarca a Ceuta e Melilha desde que chegou ao trono. Durante uma entrevista \u00e0 Cadena SER, o presidente do governo espanhol comparou a sua pr\u00f3pria presen\u00e7a nas duas cidades aut\u00f3nomas com a agenda do chefe de Estado, mas sustentou a cr\u00edtica numa refer\u00eancia temporal errada.<\/p>\n<p>\u201cQuantas vezes o rei foi a Ceuta e a Melilha?\u201d, questionou S\u00e1nchez, afirmando que Felipe VI \u201cest\u00e1 a reinar h\u00e1 mais de 20 anos\u201d. A afirma\u00e7\u00e3o, contudo, n\u00e3o corresponde \u00e0 realidade, j\u00e1 que o atual monarca foi proclamado rei a 19 de junho de 2014, ap\u00f3s a abdica\u00e7\u00e3o de Juan Carlos I, pelo que, em agosto de 2026, leva pouco mais de 12 anos no trono.<\/p>\n<p>No entanto, nem tudo est\u00e1 errado nas palavras de S\u00e1nchez. Os mais de 20 anos referidos pelo presidente do Governo espanhol aproximam-se, na verdade, do per\u00edodo desde a \u00faltima visita de um rei de Espanha a Ceuta e Melilha.<\/p>\n<p>Juan Carlos I e a rainha Sofia estiveram nas duas cidades em novembro de 2007, numa desloca\u00e7\u00e3o que continua a ser, at\u00e9 hoje, a \u00fanica visita de um chefe de Estado espanhol \u00e0s duas cidades aut\u00f3nomas durante a democracia. Felipe VI nunca realizou uma visita oficial a nenhuma delas desde a sua proclama\u00e7\u00e3o.<\/p>\n<p>Durante a mesma entrevista, e numa altura em que se encontra sob press\u00e3o da opini\u00e3o p\u00fablica, S\u00e1nchez aproveitou para defender o seu pr\u00f3prio hist\u00f3rico de visitas, afirmando ser o primeiro presidente do governo em exerc\u00edcio a deslocar-se oficialmente a Ceuta e Melilha e aquele que mais vezes visitou as duas cidades.<\/p>\n<p>A cr\u00edtica surgiu tamb\u00e9m depois de uma refer\u00eancia a desloca\u00e7\u00f5es recentes a Ceuta, numa alus\u00e3o ao antigo primeiro-ministro Jos\u00e9 Mar\u00eda Aznar, que esteve na cidade na semana passada.<\/p>\n<p>Apesar das cr\u00edticas, S\u00e1nchez confirmou que Felipe VI ir\u00e1 finalmente visitar Ceuta e Melilha. Sem revelar uma data em concreto, o chefe de governo espanhol garantiu que a quest\u00e3o j\u00e1 foi discutida com o monarca e que a viagem ser\u00e1 realizada \u201cquando as condi\u00e7\u00f5es forem favor\u00e1veis\u201d.<\/p>\n<p>Segundo o <a href=\"https:\/\/www.politico.eu\/article\/pedro-sanchez-takes-rare-swipe-at-spains-king-felipe-vi-over-ceuta-crisis\/\" target=\"_blank\" rel=\"nofollow noopener\">Politico<\/a>, o calend\u00e1rio e os detalhes da desloca\u00e7\u00e3o ter\u00e3o ainda de ser coordenados entre o governo e a Casa Real.<\/p>\n<p>A pol\u00e9mica surge depois de o\u00a0primeiro-ministro de Espanha ter culpado, na mesma entrevista, a <a href=\"https:\/\/cnnportugal.iol.pt\/espanha\/migrantes\/pedro-sanchez-culpa-russia-israel-e-movimento-de-extrema-direita-pela-crise-migratoria-em-ceuta\/20260831\/6a953841d34ed0733ba829b1\" target=\"_blank\" rel=\"nofollow noopener\">R\u00fassia e Israel pela entrada maci\u00e7a de migrantes <\/a>vindos de \u00c1frica em Ceuta.<\/p>\n<p>Na Cadena SER, Pedro S\u00e1nchez afirmou que a passagem de mais de 70 mil pessoas de Marrocos para Espanha no espa\u00e7o de poucas horas est\u00e1 relacionada com desinforma\u00e7\u00e3o espalhada nas redes sociais.<\/p>\n<p>\u201cFoi emitida uma senten\u00e7a do Tribunal Supremo que foi expandida pelas redes sociais atrav\u00e9s de mentiras e desinforma\u00e7\u00e3o tamb\u00e9m de organiza\u00e7\u00f5es criminosas\u201d, sublinhou, garantindo que foram identificadas liga\u00e7\u00f5es de R\u00fassia, Israel e de \u201cum movimento internacional de extrema-direita que utiliza sempre a migra\u00e7\u00e3o n\u00e3o s\u00f3 para atacar Espanha, mas tamb\u00e9m a Europa e dividi-la.&#8221;<\/p>\n","protected":false},"excerpt":{"rendered":"Durante a mesma entrevista, e numa altura em que se encontra sob press\u00e3o da opini\u00e3o p\u00fablica, S\u00e1nchez aproveitou&hellip;\n","protected":false},"author":2,"featured_media":507943,"comment_status":"","ping_status":"","sticky":false,"template":"","format":"standard","meta":{"footnotes":"","_share_on_mastodon":"0"},"categories":[50],"tags":[609,836,611,27,28,9087,607,608,333,832,604,135,610,476,640,15,16,301,830,14,603,25,26,570,21,22,831,833,9089,62,834,12,13,19,20,835,602,17553,2771,52,32,23,24,59838,17,18,29,30,31,63,64,65],"class_list":["post-507942","post","type-post","status-publish","format-standard","has-post-thumbnail","category-mundo","tag-alerta","tag-analise","tag-ao-minuto","tag-breaking-news","tag-breakingnews","tag-ceuta","tag-cnn","tag-cnn-portugal","tag-comentadores","tag-costa","tag-crime","tag-desporto","tag-direto","tag-economia","tag-espanha","tag-featured-news","tag-featurednews","tag-governo","tag-guerra","tag-headlines","tag-justica","tag-latest-news","tag-latestnews","tag-live","tag-main-news","tag-mainnews","tag-mais-vistas","tag-marcelo","tag-melilha","tag-mundo","tag-negocios","tag-news","tag-noticias","tag-noticias-principais","tag-noticiasprincipais","tag-opiniao","tag-pais","tag-pedro-sanchez","tag-polemica","tag-politica","tag-portugal","tag-principais-noticias","tag-principaisnoticias","tag-rei-felipe-vi","tag-top-stories","tag-topstories","tag-ultimas","tag-ultimas-noticias","tag-ultimasnoticias","tag-world","tag-world-news","tag-worldnews"],"share_on_mastodon":{"url":"","error":"Validation failed: Text character limit of 500 exceeded"},"_links":{"self":[{"href":"https:\/\/www.europesays.com\/pt\/wp-json\/wp\/v2\/posts\/507942","targetHints":{"allow":["GET"]}}],"collection":[{"href":"https:\/\/www.europesays.com\/pt\/wp-json\/wp\/v2\/posts"}],"about":[{"href":"https:\/\/www.europesays.com\/pt\/wp-json\/wp\/v2\/types\/post"}],"author":[{"embeddable":true,"href":"https:\/\/www.europesays.com\/pt\/wp-json\/wp\/v2\/users\/2"}],"replies":[{"embeddable":true,"href":"https:\/\/www.europesays.com\/pt\/wp-json\/wp\/v2\/comments?post=507942"}],"version-history":[{"count":0,"href":"https:\/\/www.europesays.com\/pt\/wp-json\/wp\/v2\/posts\/507942\/revisions"}],"wp:featuredmedia":[{"embeddable":true,"href":"https:\/\/www.europesays.com\/pt\/wp-json\/wp\/v2\/media\/507943"}],"wp:attachment":[{"href":"https:\/\/www.europesays.com\/pt\/wp-json\/wp\/v2\/media?parent=507942"}],"wp:term":[{"taxonomy":"category","embeddable":true,"href":"https:\/\/www.europesays.com\/pt\/wp-json\/wp\/v2\/categories?post=507942"},{"taxonomy":"post_tag","embeddable":true,"href":"https:\/\/www.europesays.com\/pt\/wp-json\/wp\/v2\/tags?post=507942"}],"curies":[{"name":"wp","href":"https:\/\/api.w.org\/{rel}","templated":true}]}}