{"id":507954,"date":"2026-09-01T19:14:17","date_gmt":"2026-09-01T19:14:17","guid":{"rendered":"https:\/\/www.europesays.com\/pt\/507954\/"},"modified":"2026-09-01T19:14:17","modified_gmt":"2026-09-01T19:14:17","slug":"eles-vao-enforcar-me-putin-teme-ser-morto-caso-nao-consiga-conquistar-o-donbass","status":"publish","type":"post","link":"https:\/\/www.europesays.com\/pt\/507954\/","title":{"rendered":"&#8220;Eles v\u00e3o enforcar-me&#8221;: Putin teme ser morto caso n\u00e3o consiga conquistar o Donbass"},"content":{"rendered":"<p>                REVISTA DE IMPRENSA || Revela\u00e7\u00e3o acontece num momento em que o descontentamento com a guerra est\u00e1 a aumentar entre a popula\u00e7\u00e3o russa e o ambiente entre as elites \u00e9 ainda mais negativo<\/p>\n<p style=\"margin-bottom:11px\">Vladimir Putin receia pela pr\u00f3pria seguran\u00e7a caso a guerra termine sem que a R\u00fassia alcance pelo menos o seu objetivo m\u00ednimo: a conquista de todo o Donbass, segundo a revista <a href=\"https:\/\/www.economist.com\/europe\/2026\/08\/30\/cornered-vladimir-putin-plans-to-escalate-his-war\" target=\"_blank\" rel=\"nofollow noopener\">The Economist<\/a>.<\/p>\n<p style=\"margin-bottom:11px\">Fontes pr\u00f3ximas do presidente russo confessaram ao jornal que, em determinado momento do conflito, Putin ter\u00e1 dito a pessoas do seu c\u00edrculo: \u201cEles v\u00e3o enforcar-me\u201d. A revista n\u00e3o esclarece em que contexto a frase foi proferida.<\/p>\n<p>De acordo com a publica\u00e7\u00e3o, o descontentamento com a guerra est\u00e1 a aumentar entre a popula\u00e7\u00e3o russa e o ambiente entre as elites \u00e9 ainda mais negativo. Uma das fontes citadas considera que o principal problema n\u00e3o \u00e9 a economia nem a falta de \u00eaxitos militares, mas o tempo perdido, uma vez que quase cinco anos de guerra representam, independentemente do desfecho, um fracasso.<\/p>\n<p>\u201cH\u00e1 uma sensa\u00e7\u00e3o crescente de que o czar est\u00e1 nu\u201d, afirmou outro membro da elite russa.<\/p>\n<p>A continua\u00e7\u00e3o da guerra sem altera\u00e7\u00f5es tamb\u00e9m n\u00e3o ser\u00e1 vantajosa para o Kremlin, segundo uma das fontes. Os recursos econ\u00f3micos e o capital pol\u00edtico est\u00e3o a ser gastos, embora nenhum dos problemas enfrentados atualmente pela R\u00fassia seja considerado fatal para Putin, que mant\u00e9m os recursos e o aparelho repressivo necess\u00e1rios para continuar o conflito. Ainda assim, a forma como a guerra \u00e9 percecionada dentro do pa\u00eds \u00e9 relevante.<\/p>\n<p>Perante este cen\u00e1rio, a R\u00fassia poder\u00e1 voltar a optar por uma escalada para tentar sair do impasse. Entre os cen\u00e1rios apontados pelo The Economist est\u00e3o o refor\u00e7o da guerra h\u00edbrida e atos de sabotagem contra aliados da Ucr\u00e2nia.<\/p>\n<p>Os servi\u00e7os de informa\u00e7\u00f5es ocidentais acreditam que a R\u00fassia poder\u00e1 atacar f\u00e1bricas europeias que produzem equipamento destinado \u00e0s necessidades militares ucranianas, embora n\u00e3o considerem prov\u00e1vel um confronto militar direto com a NATO.<\/p>\n<p>A R\u00fassia dever\u00e1 tamb\u00e9m intensificar os ataques contra a Ucr\u00e2nia, com o Minist\u00e9rio da Defesa russo j\u00e1 a anunciar preparativos para ataques de grande dimens\u00e3o contra a infraestrutura energ\u00e9tica do pa\u00eds.<\/p>\n","protected":false},"excerpt":{"rendered":"REVISTA DE IMPRENSA || Revela\u00e7\u00e3o acontece num momento em que o descontentamento com a guerra est\u00e1 a aumentar&hellip;\n","protected":false},"author":2,"featured_media":507955,"comment_status":"","ping_status":"","sticky":false,"template":"","format":"standard","meta":{"footnotes":"","_share_on_mastodon":"0"},"categories":[50],"tags":[609,836,611,27,28,607,608,333,832,604,135,610,12042,476,15,16,301,830,889,14,603,25,26,570,21,22,831,833,62,834,12,13,19,20,835,602,52,32,23,24,839,17,18,840,29,30,31,2415,63,64,65],"class_list":["post-507954","post","type-post","status-publish","format-standard","has-post-thumbnail","category-mundo","tag-alerta","tag-analise","tag-ao-minuto","tag-breaking-news","tag-breakingnews","tag-cnn","tag-cnn-portugal","tag-comentadores","tag-costa","tag-crime","tag-desporto","tag-direto","tag-donbass","tag-economia","tag-featured-news","tag-featurednews","tag-governo","tag-guerra","tag-guerra-na-ucrania","tag-headlines","tag-justica","tag-latest-news","tag-latestnews","tag-live","tag-main-news","tag-mainnews","tag-mais-vistas","tag-marcelo","tag-mundo","tag-negocios","tag-news","tag-noticias","tag-noticias-principais","tag-noticiasprincipais","tag-opiniao","tag-pais","tag-politica","tag-portugal","tag-principais-noticias","tag-principaisnoticias","tag-russia","tag-top-stories","tag-topstories","tag-ucrania","tag-ultimas","tag-ultimas-noticias","tag-ultimasnoticias","tag-vladimir-putin","tag-world","tag-world-news","tag-worldnews"],"share_on_mastodon":{"url":"","error":"Validation failed: Text character limit of 500 exceeded"},"_links":{"self":[{"href":"https:\/\/www.europesays.com\/pt\/wp-json\/wp\/v2\/posts\/507954","targetHints":{"allow":["GET"]}}],"collection":[{"href":"https:\/\/www.europesays.com\/pt\/wp-json\/wp\/v2\/posts"}],"about":[{"href":"https:\/\/www.europesays.com\/pt\/wp-json\/wp\/v2\/types\/post"}],"author":[{"embeddable":true,"href":"https:\/\/www.europesays.com\/pt\/wp-json\/wp\/v2\/users\/2"}],"replies":[{"embeddable":true,"href":"https:\/\/www.europesays.com\/pt\/wp-json\/wp\/v2\/comments?post=507954"}],"version-history":[{"count":0,"href":"https:\/\/www.europesays.com\/pt\/wp-json\/wp\/v2\/posts\/507954\/revisions"}],"wp:featuredmedia":[{"embeddable":true,"href":"https:\/\/www.europesays.com\/pt\/wp-json\/wp\/v2\/media\/507955"}],"wp:attachment":[{"href":"https:\/\/www.europesays.com\/pt\/wp-json\/wp\/v2\/media?parent=507954"}],"wp:term":[{"taxonomy":"category","embeddable":true,"href":"https:\/\/www.europesays.com\/pt\/wp-json\/wp\/v2\/categories?post=507954"},{"taxonomy":"post_tag","embeddable":true,"href":"https:\/\/www.europesays.com\/pt\/wp-json\/wp\/v2\/tags?post=507954"}],"curies":[{"name":"wp","href":"https:\/\/api.w.org\/{rel}","templated":true}]}}