{"id":507960,"date":"2026-09-01T19:18:18","date_gmt":"2026-09-01T19:18:18","guid":{"rendered":"https:\/\/www.europesays.com\/pt\/507960\/"},"modified":"2026-09-01T19:18:18","modified_gmt":"2026-09-01T19:18:18","slug":"casa-akina-di-frenna-arquitectos","status":"publish","type":"post","link":"https:\/\/www.europesays.com\/pt\/507960\/","title":{"rendered":"Casa Akina \/ Di Frenna Arquitectos"},"content":{"rendered":"<p><a class=\"js-image-size__link \" href=\"https:\/\/www.archdaily.com\/pt\/1184278\/casa-akina-di-frenna-arquitectos\/6a95c2cb299e1c0001d2d745-akina-house-di-frenna-arquitectos-photo\" rel=\"attachment nofollow noopener\" style=\"width: 100%;\" target=\"_blank\"><img decoding=\"async\" alt=\"Casa Akina \/ Di Frenna Arquitectos - Fotografia de Exterior\" data-nr-picture-id=\"6a95c2cb299e1c0001d2d745\" fetchpriority=\"high\" height=\"480\" itemprop=\"image\" loading=\"eager\" longdesc=\"https:\/\/www.archdaily.com\/pt\/1184278\/casa-akina-di-frenna-arquitectos\/6a95c2cb299e1c0001d2d745-akina-house-di-frenna-arquitectos-photo\" src=\"https:\/\/www.europesays.com\/pt\/wp-content\/uploads\/2026\/09\/DFA-AKINA-2569.jpg\" style=\"min-height: var(--featured-height, auto); aspect-ratio: auto 640 \/ 480\" width=\"640\"\/><\/a>\u00a9 Lorena Darquea<\/p>\n<p class=\"thumbs afd-desktop-e\"><a class=\"thumbs__link\" data-nr-picture-id=\"6a95c2cb299e1c0001d2d749\" href=\"https:\/\/www.archdaily.com\/pt\/1184278\/casa-akina-di-frenna-arquitectos\/6a95c2cb299e1c0001d2d749-akina-house-di-frenna-arquitectos-photo\" rel=\"attachment nofollow noopener\" target=\"_blank\"><img loading=\"lazy\" decoding=\"async\" alt=\"Casa Akina \/ Di Frenna Arquitectos - Fotografia de Interiores, Aido\" class=\"thumbs__img b-lazy\" data-nr-picture-id=\"6a95c2cb299e1c0001d2d749\" data-pin-nopin=\"true\" src=\"https:\/\/www.europesays.com\/pt\/wp-content\/uploads\/2026\/09\/DFA-AKINA-2605.jpg\" height=\"125\" longdesc=\"https:\/\/www.archdaily.com\/pt\/1184278\/casa-akina-di-frenna-arquitectos\/6a95c2cb299e1c0001d2d749-akina-house-di-frenna-arquitectos-photo\" title=\"\u00a9 Lorena Darquea\" width=\"125\"\/><\/a><a class=\"thumbs__link\" data-nr-picture-id=\"6a95c2cb299e1c0001d2d74e\" href=\"https:\/\/www.archdaily.com\/pt\/1184278\/casa-akina-di-frenna-arquitectos\/6a95c2cb299e1c0001d2d74e-akina-house-di-frenna-arquitectos-photo\" rel=\"attachment nofollow noopener\" target=\"_blank\"><img loading=\"lazy\" decoding=\"async\" alt=\"Casa Akina \/ Di Frenna Arquitectos - Fotografia de Exterior\" class=\"thumbs__img b-lazy\" data-nr-picture-id=\"6a95c2cb299e1c0001d2d74e\" data-pin-nopin=\"true\" src=\"https:\/\/www.europesays.com\/pt\/wp-content\/uploads\/2026\/09\/DFA-AKINA-2756.jpg\" height=\"125\" longdesc=\"https:\/\/www.archdaily.com\/pt\/1184278\/casa-akina-di-frenna-arquitectos\/6a95c2cb299e1c0001d2d74e-akina-house-di-frenna-arquitectos-photo\" title=\"\u00a9 Lorena Darquea\" width=\"125\"\/><\/a><a class=\"thumbs__link\" data-nr-picture-id=\"6a95c2cb299e1c0001d2d751\" href=\"https:\/\/www.archdaily.com\/pt\/1184278\/casa-akina-di-frenna-arquitectos\/6a95c2cb299e1c0001d2d751-akina-house-di-frenna-arquitectos-photo\" rel=\"attachment nofollow noopener\" target=\"_blank\"><img loading=\"lazy\" decoding=\"async\" alt=\"Casa Akina \/ Di Frenna Arquitectos - Imagem 4 de 35\" class=\"thumbs__img b-lazy\" data-nr-picture-id=\"6a95c2cb299e1c0001d2d751\" data-pin-nopin=\"true\" src=\"https:\/\/www.europesays.com\/pt\/wp-content\/uploads\/2026\/09\/DFA-AKINA-2775.jpg\" height=\"125\" longdesc=\"https:\/\/www.archdaily.com\/pt\/1184278\/casa-akina-di-frenna-arquitectos\/6a95c2cb299e1c0001d2d751-akina-house-di-frenna-arquitectos-photo\" title=\"\u00a9 Lorena Darquea\" width=\"125\"\/><\/a><a class=\"thumbs__link\" data-nr-picture-id=\"6a95c2cb299e1c0001d2d752\" href=\"https:\/\/www.archdaily.com\/pt\/1184278\/casa-akina-di-frenna-arquitectos\/6a95c2cb299e1c0001d2d752-akina-house-di-frenna-arquitectos-photo\" rel=\"attachment nofollow noopener\" target=\"_blank\"><img loading=\"lazy\" decoding=\"async\" alt=\"Casa Akina \/ Di Frenna Arquitectos - Fotografia de Interiores, Cozinha, Madeira\" class=\"thumbs__img b-lazy\" data-nr-picture-id=\"6a95c2cb299e1c0001d2d752\" data-pin-nopin=\"true\" src=\"https:\/\/www.europesays.com\/pt\/wp-content\/uploads\/2026\/09\/DFA-AKINA-2830.jpg\" height=\"125\" longdesc=\"https:\/\/www.archdaily.com\/pt\/1184278\/casa-akina-di-frenna-arquitectos\/6a95c2cb299e1c0001d2d752-akina-house-di-frenna-arquitectos-photo\" title=\"\u00a9 Lorena Darquea\" width=\"125\"\/><\/a><a class=\"thumbs__link afd-desktop-e\" href=\"https:\/\/www.archdaily.com\/pt\/1184278\/casa-akina-di-frenna-arquitectos\/6a95c2cb299e1c0001d2d745-akina-house-di-frenna-arquitectos-photo\" rel=\"nofollow noopener\" target=\"_blank\"><img decoding=\"async\" alt=\"Casa Akina \/ Di Frenna Arquitectos - Mais Imagens\" class=\"thumbs__img b-lazy\" src=\"https:\/\/www.europesays.com\/pt\/wp-content\/uploads\/2026\/09\/DFA-AKINA-2569.jpg\" itemprop=\"image\" bad-src=\"data:image\/gif;base64,R0lGODlhAQABAIAAAAUEBAAAACwAAAAAAQABAAACAkQBADs=\"\/>+ 30<\/a><\/p>\n<p class=\"article-meta__author\">Curadoria de <strong>Valentina D\u00edaz<\/strong><\/p>\n<p class=\"article-meta__original-version\">Leia a vers\u00e3o original em espanhol <a href=\"https:\/\/www.archdaily.com\/es\/1184272\/casa-akina-di-frenna-arquitectos\" rel=\"nofollow noopener\" target=\"_blank\">aqui<\/a>.<\/p>\n<p>    Compartilhar<\/p>\n<p>Compartilhar<\/p>\n<ul class=\"afd-share__networks clearfix\">\n<li class=\"afd-share__social\"><a aria-label=\"Facebook\" class=\"afd-share__button\" data-insights-category=\"share\" data-insights-label=\"facebook_sharing_options\" data-insights-value=\"1184278\" data-social=\"facebook\" href=\"https:\/\/www.facebook.com\/sharer\/sharer.php?u=https:\/\/www.archdaily.com.br\/pt\/1184278\/casa-akina-di-frenna-arquitectos\" rel=\"nofollow noopener\" target=\"_blank\"><\/a>\n<p>Facebook<\/p>\n<\/li>\n<li class=\"afd-share__social\"><a aria-label=\"Twitter\" class=\"afd-share__button\" data-insights-category=\"share\" data-insights-label=\"twitter_sharing_options\" data-insights-value=\"1184278\" data-social=\"twitter\" href=\"https:\/\/twitter.com\/intent\/tweet?text=Casa%20Akina%20%2F%20Di%20Frenna%20Arquitectos&amp;url=https:\/\/www.archdaily.com.br\/pt\/1184278\/casa-akina-di-frenna-arquitectos&amp;via=archdailybr\" rel=\"nofollow noopener\" target=\"_blank\"><\/a>\n<p>Twitter<\/p>\n<\/li>\n<li class=\"afd-share__social\"><a class=\"afd-share__button\" data-insights-category=\"share\" data-insights-label=\"email_sharing_options\" data-insights-value=\"1184278\" data-social=\"email\" href=\"mailto:?subject=Casa Akina \/ Di Frenna Arquitectos&amp;body=https:\/\/www.archdaily.com.br\/pt\/1184278\/casa-akina-di-frenna-arquitectos\"><\/a>\n<p>Mail<\/p>\n<\/li>\n<li class=\"afd-share__social\"><a aria-label=\"Pinterest\" class=\"afd-share__button\" data-insights-category=\"share\" data-insights-label=\"pinterest_sharing_options\" data-insights-value=\"1184278\" data-social=\"pinterest\" href=\"https:\/\/pinterest.com\/pin\/create\/button\/?url=https%3A%2F%2Fwww.archdaily.com.br%2Fpt%2F1184278%2Fcasa-akina-di-frenna-arquitectos&amp;media=https%3A%2F%2Fimages.adsttc.com%2Fmedia%2Fimages%2F6a95%2Fc2cb%2F299e%2F1c00%2F01d2%2Fd745%2Flarge_jpg%2FDFA-AKINA-2569.jpg%3F1788199655&amp;description=Casa%20Akina%20%2F%20Di%20Frenna%20Arquitectos\" rel=\"nofollow noopener\" target=\"_blank\"><\/a>\n<p>Pinterest<\/p>\n<\/li>\n<li class=\"afd-share__social\"><a aria-label=\"Whatsapp\" class=\"afd-share__button\" data-action=\"share\/whatsapp\/share\" data-insights-category=\"share\" data-insights-label=\"whatsapp_sharing_options\" data-insights-value=\"1184278\" data-social=\"whatsapp\" href=\"whatsapp:\/\/send?text=Casa+Akina+%2F+Di+Frenna+Arquitectos+%7C+https%3A%2F%2Fwww.archdaily.com.br%2Fpt%2F1184278%2Fcasa-akina-di-frenna-arquitectos%3Futm_source%3DWhatsapp%26utm_medium%3DIM%26utm_campaign%3Dshare-button\" rel=\"nofollow\"><\/a>\n<p>Whatsapp<\/p>\n<\/li>\n<\/ul>\n<p>Ou<\/p>\n<p>https:\/\/www.archdaily.com.br\/pt\/1184278\/casa-akina-di-frenna-arquitectos<br \/>\n<a class=\"js-image-size__link lazy-anchor\" href=\"https:\/\/www.archdaily.com\/pt\/1184278\/casa-akina-di-frenna-arquitectos\/6a95c2cb299e1c0001d2d751-akina-house-di-frenna-arquitectos-photo\" rel=\"nofollow noopener\" target=\"_blank\"><img decoding=\"async\" alt=\"Casa Akina \/ Di Frenna Arquitectos - Imagem 4 de 35\" data-nr-picture-id=\"6a95c2cb299e1c0001d2d751\" height=\"427\" itemprop=\"image\" loading=\"lazy\" longdesc=\"https:\/\/www.archdaily.com\/pt\/1184278\/casa-akina-di-frenna-arquitectos\/6a95c2cb299e1c0001d2d751-akina-house-di-frenna-arquitectos-photo\" src=\"https:\/\/www.europesays.com\/pt\/wp-content\/uploads\/2026\/09\/1788290296_874_DFA-AKINA-2775.jpg\" width=\"640\"\/>\u00a9 Lorena Darquea<\/a><\/p>\n<p>Descri\u00e7\u00e3o enviada pela equipe de projeto. A Casa Akina se anuncia sem se mostrar por completo. Sua presen\u00e7a \u00e9 contida, quase silenciosa. Antes de revelar sua forma, deixa passar a luz, deixa brotar a vegeta\u00e7\u00e3o, deixa intuir o vazio central que a organiza. Desde o primeiro contato, a arquitetura prop\u00f5e uma maneira pausada de habitar, onde o percurso importa tanto quanto o destino e o tempo se torna percept\u00edvel.<\/p>\n<p><img decoding=\"async\" src=\"https:\/\/www.europesays.com\/pt\/wp-content\/uploads\/2026\/09\/1788290298_968_loader-blue.gif\" alt=\"Content Loader\" style=\"width: 40px; margin: 24px;\"\/><script async src=\"https:\/\/platform.twitter.com\/widgets.js\" charset=\"utf-8\"><\/script><\/p>\n","protected":false},"excerpt":{"rendered":"\u00a9 Lorena Darquea + 30 Curadoria de Valentina D\u00edaz Leia a vers\u00e3o original em espanhol aqui. Compartilhar Compartilhar&hellip;\n","protected":false},"author":2,"featured_media":507961,"comment_status":"","ping_status":"","sticky":false,"template":"","format":"standard","meta":{"footnotes":"","_share_on_mastodon":"0"},"categories":[144],"tags":[304,361,207,205,206,203,201,202,362,81374,204,114,115,32,33],"class_list":["post-507960","post","type-post","status-publish","format-standard","has-post-thumbnail","category-arte-e-design","tag-arquitetura","tag-arquitetura-residencial","tag-arte","tag-arte-e-design","tag-artedesign","tag-arts","tag-arts-and-design","tag-artsanddesign","tag-casas","tag-comala","tag-design","tag-entertainment","tag-entretenimento","tag-portugal","tag-pt"],"share_on_mastodon":{"url":"https:\/\/pubeurope.com\/@pt\/117197400952656158","error":""},"_links":{"self":[{"href":"https:\/\/www.europesays.com\/pt\/wp-json\/wp\/v2\/posts\/507960","targetHints":{"allow":["GET"]}}],"collection":[{"href":"https:\/\/www.europesays.com\/pt\/wp-json\/wp\/v2\/posts"}],"about":[{"href":"https:\/\/www.europesays.com\/pt\/wp-json\/wp\/v2\/types\/post"}],"author":[{"embeddable":true,"href":"https:\/\/www.europesays.com\/pt\/wp-json\/wp\/v2\/users\/2"}],"replies":[{"embeddable":true,"href":"https:\/\/www.europesays.com\/pt\/wp-json\/wp\/v2\/comments?post=507960"}],"version-history":[{"count":0,"href":"https:\/\/www.europesays.com\/pt\/wp-json\/wp\/v2\/posts\/507960\/revisions"}],"wp:featuredmedia":[{"embeddable":true,"href":"https:\/\/www.europesays.com\/pt\/wp-json\/wp\/v2\/media\/507961"}],"wp:attachment":[{"href":"https:\/\/www.europesays.com\/pt\/wp-json\/wp\/v2\/media?parent=507960"}],"wp:term":[{"taxonomy":"category","embeddable":true,"href":"https:\/\/www.europesays.com\/pt\/wp-json\/wp\/v2\/categories?post=507960"},{"taxonomy":"post_tag","embeddable":true,"href":"https:\/\/www.europesays.com\/pt\/wp-json\/wp\/v2\/tags?post=507960"}],"curies":[{"name":"wp","href":"https:\/\/api.w.org\/{rel}","templated":true}]}}