{"id":507986,"date":"2026-09-01T19:41:14","date_gmt":"2026-09-01T19:41:14","guid":{"rendered":"https:\/\/www.europesays.com\/pt\/507986\/"},"modified":"2026-09-01T19:41:14","modified_gmt":"2026-09-01T19:41:14","slug":"concorrentes-do-big-brother-em-choque-com-morte-de-icone-da-musica-portuguesa-big-brother-verao-2026-ultimas-noticias-videos-e-diretos","status":"publish","type":"post","link":"https:\/\/www.europesays.com\/pt\/507986\/","title":{"rendered":"Concorrentes do Big Brother em choque com morte de \u00edcone da m\u00fasica portuguesa &#8211; Big Brother Ver\u00e3o 2026: \u00daltimas Not\u00edcias, V\u00eddeos e Diretos"},"content":{"rendered":"<p>A <strong>contagem decrescente para a grande final<\/strong> do <a target=\"_self\" rel=\"noopener noreferrer nofollow\" href=\"https:\/\/tvi.iol.pt\/bigbrother\/\">Big Brother Ver\u00e3o 2026<\/a> j\u00e1 come\u00e7ou e a <strong>tens\u00e3o dentro da casa mais vigiada do Pa\u00eds \u00e9 cada vez maior<\/strong>. No Especial desta segunda-feira, dia 31 de agosto, <strong>os concorrentes foram surpreendidos<\/strong> com a habitual <strong>visita de<\/strong> <a target=\"_self\" rel=\"noopener noreferrer nofollow\" href=\"https:\/\/tvi.iol.pt\/bigbrother\/maria-botelho-moniz\/imagens-do-exterior\/imperdivel-maria-botelho-moniz-visita-a-casa-e-surpreende-concorrentes-com-imagens-do-exterior-e-estas-foram-as-reacoes\">Maria Botelho Moniz, que &#8220;trouxe&#8221; <strong>imagens do exterior<\/strong>.<\/a> Um momento que gerou verdadeira euforia entre todos.<\/p>\n<p>Assim que a <a target=\"_self\" rel=\"noopener noreferrer nofollow\" href=\"https:\/\/tvi.iol.pt\/bigbrother\/search?pagina=1&amp;pesquisa=maria+botelho%20moniz\">apresentadora<\/a> entra na casa, a rea\u00e7\u00e3o foi imediata: os concorrentes n\u00e3o esconderam o entusiasmo perante a sua presen\u00e7a inesperada. Mas depois veio o choque, quando foram confrontados com tudo o que aconteceu no pa\u00eds e no mundo nos \u00faltimos dois meses.<\/p>\n<p>O momento mais chocante foi <strong>a morte do \u00edcone da m\u00fasica portuguesa: Lu\u00eds Represas, que deixou os concorrentes de boca aberta<\/strong> e sem acreditar no que estavam a ver e ouvir.<\/p>\n<p><strong>Ana Lu\u00edsa, Boris, Jo\u00e3o Ventura, Sara, Vanessa e Nuno<\/strong> aproximam-se assim do desfecho desta edi\u00e7\u00e3o, todos com o mesmo objetivo: perceber quem ser\u00e1 o grande vencedor do Big Brother Ver\u00e3o 2026. Apesar da vontade de permanecer o m\u00e1ximo de tempo poss\u00edvel na casa, de forma a garantir um lugar no p\u00f3dio, <strong>a ansiedade sobre tudo o que se passa l\u00e1 fora torna-se cada vez mais evidente.<\/strong><\/p>\n<p>E foi precisamente essa expectativa que marcou a noite desta segunda-feira. Chegou, finalmente, o momento mais aguardado pelos concorrentes: <strong>o confronto com tudo aquilo que aconteceu fora da casa desde que entraram no jogo. <\/strong>As rea\u00e7\u00f5es s\u00e3o de aut\u00eantico espanto, com as emo\u00e7\u00f5es a atingirem o auge.<\/p>\n<p><strong>Percorra a galeria que prepar\u00e1mos para si e veja tudo em baixo:<\/strong><\/p>\n","protected":false},"excerpt":{"rendered":"A contagem decrescente para a grande final do Big Brother Ver\u00e3o 2026 j\u00e1 come\u00e7ou e a tens\u00e3o dentro&hellip;\n","protected":false},"author":2,"featured_media":507987,"comment_status":"","ping_status":"","sticky":false,"template":"","format":"standard","meta":{"footnotes":"","_share_on_mastodon":"0"},"categories":[85],"tags":[331,48,333,328,81375,335,336,114,115,334,332,330,81376,81300,55689,338,13,81377,32,33,162,227],"class_list":["post-507986","post","type-post","status-publish","format-standard","has-post-thumbnail","category-entretenimento","tag-big","tag-big-brother","tag-comentadores","tag-concorrentes","tag-concorrentes-do-big-brother","tag-confrontos","tag-discussoes","tag-entertainment","tag-entretenimento","tag-exclusivos","tag-expulso","tag-gala","tag-icone-da-musica-portuguesa","tag-imagens-do-exterior","tag-luis-represas","tag-maria-botelho-moniz","tag-noticias","tag-noticias-do-pais","tag-portugal","tag-pt","tag-tvi","tag-videos"],"share_on_mastodon":{"url":"","error":""},"_links":{"self":[{"href":"https:\/\/www.europesays.com\/pt\/wp-json\/wp\/v2\/posts\/507986","targetHints":{"allow":["GET"]}}],"collection":[{"href":"https:\/\/www.europesays.com\/pt\/wp-json\/wp\/v2\/posts"}],"about":[{"href":"https:\/\/www.europesays.com\/pt\/wp-json\/wp\/v2\/types\/post"}],"author":[{"embeddable":true,"href":"https:\/\/www.europesays.com\/pt\/wp-json\/wp\/v2\/users\/2"}],"replies":[{"embeddable":true,"href":"https:\/\/www.europesays.com\/pt\/wp-json\/wp\/v2\/comments?post=507986"}],"version-history":[{"count":0,"href":"https:\/\/www.europesays.com\/pt\/wp-json\/wp\/v2\/posts\/507986\/revisions"}],"wp:featuredmedia":[{"embeddable":true,"href":"https:\/\/www.europesays.com\/pt\/wp-json\/wp\/v2\/media\/507987"}],"wp:attachment":[{"href":"https:\/\/www.europesays.com\/pt\/wp-json\/wp\/v2\/media?parent=507986"}],"wp:term":[{"taxonomy":"category","embeddable":true,"href":"https:\/\/www.europesays.com\/pt\/wp-json\/wp\/v2\/categories?post=507986"},{"taxonomy":"post_tag","embeddable":true,"href":"https:\/\/www.europesays.com\/pt\/wp-json\/wp\/v2\/tags?post=507986"}],"curies":[{"name":"wp","href":"https:\/\/api.w.org\/{rel}","templated":true}]}}