{"id":507990,"date":"2026-09-01T19:44:34","date_gmt":"2026-09-01T19:44:34","guid":{"rendered":"https:\/\/www.europesays.com\/pt\/507990\/"},"modified":"2026-09-01T19:44:34","modified_gmt":"2026-09-01T19:44:34","slug":"o-coracao-voltou-a-bater-apos-79-minutos-como-um-turista-portugues-foi-reanimado-na-grecia","status":"publish","type":"post","link":"https:\/\/www.europesays.com\/pt\/507990\/","title":{"rendered":"O cora\u00e7\u00e3o voltou a bater ap\u00f3s 79 minutos: como um turista portugu\u00eas foi reanimado na Gr\u00e9cia"},"content":{"rendered":"<p class=\"wp-caption-text top\">dr Imera Zante<\/p>\n<p><img loading=\"eager\" fetchpriority=\"high\" decoding=\"async\" class=\"size-kopa-image-size-3 wp-image-762423\" src=\"https:\/\/www.europesays.com\/pt\/wp-content\/uploads\/2026\/09\/eccbc87e4b5ce2fe28308fd9f2a7baf3-27-783x450.jpg\" alt=\"\" width=\"700\" height=\"402\"  \/><\/p>\n<p class=\"wp-caption-text bot\">O m\u00e9dico Vasileios Kanellopoulos (esq) e o capit\u00e3o Tasos Lykouressis (dir) salvaram a vida a \u00c1lvaro<\/p>\n<p><strong>O capit\u00e3o de uma embarca\u00e7\u00e3o tur\u00edstica mergulhou para tirar \u00c1lvaro do fundo do mar. E um obstetra que estava de f\u00e9rias estever durante quase uma hora a reanim\u00e1-lo.<\/strong><\/p>\n<p>Um portugu\u00eas de 23 anos sobreviveu a um afogamento em Zakynthos, na Gr\u00e9cia, depois de 79 minutos de manobras de reanima\u00e7\u00e3o que envolveram o capit\u00e3o de um barco e um m\u00e9dico em f\u00e9rias.<\/p>\n<p>Uma semana depois, j\u00e1 respira sem entuba\u00e7\u00e3o. Recuperou a consci\u00eancia e fala com os pais.<\/p>\n<p>O caso ocorreu ao fim da tarde de sexta-feira, 21 de agosto, num ponto de mergulho conhecido como <strong>Potamitis<\/strong>, no norte da ilha, junto a Korithi.<\/p>\n<p><strong>Vasileios Kanellopoulos<\/strong>, m\u00e9dico que se encontrava de f\u00e9rias na zona e participou no salvamento, contou ao jornal local <a href=\"https:\/\/www.imerazante.gr\/2026\/08\/28\/401294\" data-wpel-link=\"external\" rel=\"noopener nofollow\" class=\"ext-link\" target=\"_blank\">Imera Zante<\/a> que \u00c1lvaro mergulhou com uma m\u00e1scara e n\u00e3o voltou \u00e0 superf\u00edcie.<\/p>\n<p>Foi a filha do m\u00e9dico que reparou numa silhueta im\u00f3vel debaixo do barco.<\/p>\n<p>Segundo Kanellopoulos, \u00c1lvaro tinha participado numa prova de ironman duas semanas antes. Estava a nadar ao largo de Korithi com os pais, diz a esta\u00e7\u00e3o p\u00fablica grega <a href=\"https:\/\/www.ertnews.gr\/perifereiakoi-stathmoi\/zakinthos\/zakynthos-se-krisimi-katastasi-23xronos-touristas-anasyrthike-xoris-tis-aisthiseis-tou-apo-ti-thalassa\/\" data-wpel-link=\"external\" rel=\"noopener nofollow\" class=\"ext-link\" target=\"_blank\">ERT<\/a>.<\/p>\n<p>O capit\u00e3o da embarca\u00e7\u00e3o tur\u00edstica,<strong> Tasos Lykouressis<\/strong>, de 70 anos, mergulhou e trouxe o jovem \u00e0 tona. Segundo o m\u00e9dico, \u00c1lvaro ter\u00e1 estado dentro de \u00e1gua cerca de 4 a 5 minutos.<\/p>\n<p>J\u00e1 no barco, Kanellopoulos iniciou a reanima\u00e7\u00e3o cardiopulmonar. O jovem estava sem pulso e tinha as pupilas dilatadas.<\/p>\n<p>As manobras continuaram enquanto se aguardava socorro, primeiro numa embarca\u00e7\u00e3o da Guarda Costeira, mais tarde no pequeno porto de Agios Nikolaos, \u00e0 espera da ambul\u00e2ncia vinda do Hospital Geral de Zakynthos, a cerca de 30 km.<\/p>\n<p>O m\u00e9dico calcula que a sua equipa ter\u00e1 feito reanima\u00e7\u00e3o durante 55 a 60 minutos.<\/p>\n<p>A v\u00edtima foi entregue ao EKAB, o servi\u00e7o nacional de emerg\u00eancia m\u00e9dica grego, por volta das 19h20. Os socorristas administraram medica\u00e7\u00e3o, detetaram atividade card\u00edaca lenta e irregular, aplicaram um choque com desfibrilhador e mantiveram as compress\u00f5es.<\/p>\n<p>No total, a reanima\u00e7\u00e3o estendeu-se por <strong>79 minutos<\/strong>, desde o in\u00edcio do incidente at\u00e9 \u00e0 chegada ao hospital, onde \u00c1lvaro deu entrada entubado e sedado. Nos primeiros tr\u00eas dias, o estado foi descrito como <strong>muito cr\u00edtico<\/strong>.<\/p>\n<p>Os exames de imagem n\u00e3o revelaram, numa primeira avalia\u00e7\u00e3o, les\u00f5es cerebrais evidentes por falta de oxig\u00e9nio. Kanellopoulos diz que \u00c1lvaro se lembra de tudo at\u00e9 ao momento em que mergulhou.<\/p>\n<p>No dia 27 de agosto, o jovem, licenciado pela Universidade de Princeton e a trabalhar nos Estados Unidos, foi extubado e recuperou a consci\u00eancia: falou com os pais, cumpriu ordens simples e chegou a dar alguns passos amparado.<\/p>\n<p>A a\u00e7\u00e3o r\u00e1pida de dois her\u00f3is salvou a vida ao jovem portugu\u00eas. Mas Kanellopoulos que \u201cverdadeiramente heroica\u201d foi a interven\u00e7\u00e3o do capit\u00e3o: \u201ceu, apenas cumpri o meu dever\u201d.<\/p>\n","protected":false},"excerpt":{"rendered":"dr Imera Zante O m\u00e9dico Vasileios Kanellopoulos (esq) e o capit\u00e3o Tasos Lykouressis (dir) salvaram a vida a&hellip;\n","protected":false},"author":2,"featured_media":507991,"comment_status":"","ping_status":"","sticky":false,"template":"","format":"standard","meta":{"footnotes":"","_share_on_mastodon":"0"},"categories":[50],"tags":[59,27,28,15,16,4234,14,25,26,21,22,62,12,13,19,20,23,24,17,18,1456,29,30,31,63,64,65],"class_list":["post-507990","post","type-post","status-publish","format-standard","has-post-thumbnail","category-mundo","tag-acidente","tag-breaking-news","tag-breakingnews","tag-featured-news","tag-featurednews","tag-grecia","tag-headlines","tag-latest-news","tag-latestnews","tag-main-news","tag-mainnews","tag-mundo","tag-news","tag-noticias","tag-noticias-principais","tag-noticiasprincipais","tag-principais-noticias","tag-principaisnoticias","tag-top-stories","tag-topstories","tag-turismo","tag-ultimas","tag-ultimas-noticias","tag-ultimasnoticias","tag-world","tag-world-news","tag-worldnews"],"share_on_mastodon":{"url":"https:\/\/pubeurope.com\/@pt\/117197502924215765","error":""},"_links":{"self":[{"href":"https:\/\/www.europesays.com\/pt\/wp-json\/wp\/v2\/posts\/507990","targetHints":{"allow":["GET"]}}],"collection":[{"href":"https:\/\/www.europesays.com\/pt\/wp-json\/wp\/v2\/posts"}],"about":[{"href":"https:\/\/www.europesays.com\/pt\/wp-json\/wp\/v2\/types\/post"}],"author":[{"embeddable":true,"href":"https:\/\/www.europesays.com\/pt\/wp-json\/wp\/v2\/users\/2"}],"replies":[{"embeddable":true,"href":"https:\/\/www.europesays.com\/pt\/wp-json\/wp\/v2\/comments?post=507990"}],"version-history":[{"count":0,"href":"https:\/\/www.europesays.com\/pt\/wp-json\/wp\/v2\/posts\/507990\/revisions"}],"wp:featuredmedia":[{"embeddable":true,"href":"https:\/\/www.europesays.com\/pt\/wp-json\/wp\/v2\/media\/507991"}],"wp:attachment":[{"href":"https:\/\/www.europesays.com\/pt\/wp-json\/wp\/v2\/media?parent=507990"}],"wp:term":[{"taxonomy":"category","embeddable":true,"href":"https:\/\/www.europesays.com\/pt\/wp-json\/wp\/v2\/categories?post=507990"},{"taxonomy":"post_tag","embeddable":true,"href":"https:\/\/www.europesays.com\/pt\/wp-json\/wp\/v2\/tags?post=507990"}],"curies":[{"name":"wp","href":"https:\/\/api.w.org\/{rel}","templated":true}]}}