{"id":50800,"date":"2025-08-29T22:44:07","date_gmt":"2025-08-29T22:44:07","guid":{"rendered":"https:\/\/www.europesays.com\/pt\/50800\/"},"modified":"2025-08-29T22:44:07","modified_gmt":"2025-08-29T22:44:07","slug":"benfica-bajrami-e-rafael-rodrigues-saem-em-definitivo-para-tiago-gouveia-ser-emprestado","status":"publish","type":"post","link":"https:\/\/www.europesays.com\/pt\/50800\/","title":{"rendered":"Benfica: Bajrami e Rafael Rodrigues saem em definitivo para Tiago Gouveia ser emprestado"},"content":{"rendered":"<p>O Benfica enfrentava um problema para <strong><a href=\"https:\/\/maisfutebol.iol.pt\/benfica\/tiago-gouveia\/tiago-gouveia-ja-partiu-para-nice-quero-ser-feliz-a-jogar\" rel=\"nofollow noopener\" target=\"_blank\">emprestar Tiago Gouveia ao Nice<\/a><\/strong>: o clube j\u00e1 tinha cedido temporariamente seis jogadores, pelo que atingira o limite de empr\u00e9stimos autorizados pela FIFA.<\/p>\n<p>Ora a solu\u00e7\u00e3o encontrada pelo Benfica foi transformar empr\u00e9stimos em transfer\u00eancias definitivas: neste caso foi feito isso mesmo com dois atletas.<\/p>\n<p>Adrian Bajrami tinha sido emprestado at\u00e9 ao final da \u00e9poca ao FC Luzern, mas agora desvinculou-se do Benfica e tornou-se jogador em definitivo do clube su\u00ed\u00e7o. Da mesma forma, Rafael Rodrigues tinha sido emprestado ao Al Ain, mas a SAD encarnada chegou a acordo com o clube dos Emirados \u00c1rabes Unidos para uma transformar a ced\u00eancia numa transfer\u00eancia em definitivo.<\/p>\n<p>Recorde-se que o Benfica tinha emprestado Gustavo Marques (Red Bull Bragantino), Bajrami (FC Luzern), Rafael Rodrigues (Al Ain), Jur\u00e1sek (Besiktas), K\u00f6k\u00e7\u00fc (Besiktas) e Floretino (Burnley). Desta forma, abriu duas vagas, p\u00f4de emprestar Tiago Gouveia e ainda ficou com mais uma vaga.<\/p>\n","protected":false},"excerpt":{"rendered":"O Benfica enfrentava um problema para emprestar Tiago Gouveia ao Nice: o clube j\u00e1 tinha cedido temporariamente seis&hellip;\n","protected":false},"author":2,"featured_media":50801,"comment_status":"","ping_status":"","sticky":false,"template":"","format":"standard","meta":{"footnotes":""},"categories":[87],"tags":[14853,51,14854,135,14852,46,40,42,41,731,32,33,47,1847,134,13096,35],"class_list":{"0":"post-50800","1":"post","2":"type-post","3":"status-publish","4":"format-standard","5":"has-post-thumbnail","7":"category-desporto","8":"tag-bajrami","9":"tag-benfica","10":"tag-cedencias","11":"tag-desporto","12":"tag-emprestimos","13":"tag-maisfutebol","14":"tag-maistransferencias","15":"tag-mercado","16":"tag-mercado-de-transferencias","17":"tag-nice","18":"tag-portugal","19":"tag-pt","20":"tag-pura-paixao","21":"tag-rafael-rodrigues","22":"tag-sports","23":"tag-tiago-gouveia","24":"tag-transferencias"},"share_on_mastodon":{"url":"","error":""},"_links":{"self":[{"href":"https:\/\/www.europesays.com\/pt\/wp-json\/wp\/v2\/posts\/50800","targetHints":{"allow":["GET"]}}],"collection":[{"href":"https:\/\/www.europesays.com\/pt\/wp-json\/wp\/v2\/posts"}],"about":[{"href":"https:\/\/www.europesays.com\/pt\/wp-json\/wp\/v2\/types\/post"}],"author":[{"embeddable":true,"href":"https:\/\/www.europesays.com\/pt\/wp-json\/wp\/v2\/users\/2"}],"replies":[{"embeddable":true,"href":"https:\/\/www.europesays.com\/pt\/wp-json\/wp\/v2\/comments?post=50800"}],"version-history":[{"count":0,"href":"https:\/\/www.europesays.com\/pt\/wp-json\/wp\/v2\/posts\/50800\/revisions"}],"wp:featuredmedia":[{"embeddable":true,"href":"https:\/\/www.europesays.com\/pt\/wp-json\/wp\/v2\/media\/50801"}],"wp:attachment":[{"href":"https:\/\/www.europesays.com\/pt\/wp-json\/wp\/v2\/media?parent=50800"}],"wp:term":[{"taxonomy":"category","embeddable":true,"href":"https:\/\/www.europesays.com\/pt\/wp-json\/wp\/v2\/categories?post=50800"},{"taxonomy":"post_tag","embeddable":true,"href":"https:\/\/www.europesays.com\/pt\/wp-json\/wp\/v2\/tags?post=50800"}],"curies":[{"name":"wp","href":"https:\/\/api.w.org\/{rel}","templated":true}]}}